{"id":22838,"date":"2025-07-30T00:10:11","date_gmt":"2025-07-30T00:10:11","guid":{"rendered":"https:\/\/fmamiga909.com.ar\/?p=22838"},"modified":"2025-07-30T00:10:11","modified_gmt":"2025-07-30T00:10:11","slug":"echeverri-esta-cerca-de-salir-del-manchester-city-y-roma-negocia-su-incorporacion","status":"publish","type":"post","link":"https:\/\/fmamiga909.com.ar\/?p=22838","title":{"rendered":"Echeverri est\u00e1 cerca de salir del Manchester City y Roma negocia su incorporaci\u00f3n"},"content":{"rendered":"<div><!-- Body --><\/p>\n<p>El futuro de Claudio Echeverri en el Manchester City permanece incierto, ya que en las \u00faltimas horas se intensific\u00f3 el inter\u00e9s de la Roma por el mediapunta argentino.<\/p>\n<p>Seg\u00fan inform\u00f3 el diario italiano <i><b>La Repubblica<\/b><\/i>, el conjunto italiano considera al ex River como una alternativa viable para reforzar su ataque de cara a la nueva temporada.<\/p>\n<p>Echeverri, de 19 a\u00f1os, apenas sum\u00f3 64 minutos oficiales en su primer semestre en Inglaterra y no figura entre las prioridades de Pep Guardiola. El joven marc\u00f3 un gol en el Mundial de Clubes ante Al Ain, pero una lesi\u00f3n de tobillo interrumpi\u00f3 su participaci\u00f3n y ralentiz\u00f3 su adaptaci\u00f3n al f\u00fatbol europeo.<\/p>\n<p>Ante la falta de continuidad, el City eval\u00faa posibles destinos para el jugador. Girona aparece como opci\u00f3n dentro del City Group, aunque en las \u00faltimas horas cobr\u00f3 fuerza un pr\u00e9stamo a la Roma. La operaci\u00f3n incluir\u00eda una cesi\u00f3n sin opci\u00f3n de compra, postura que el club ingl\u00e9s sostiene para recuperar al jugador en junio de 2026.<\/p>\n<p>La Roma, dirigida por Gian Piero Gasperini, busca reforzar el sector ofensivo con un segundo delantero y un mediapunta con capacidad de desborde. Echeverri cumple con ese perfil, y las gestiones ya habr\u00edan comenzado. El futbolista habr\u00eda dado el visto bueno, y la definici\u00f3n depende ahora del aval del entrenador del City.<\/p>\n<p>La Serie A cierra su mercado el 1 de septiembre, misma fecha que en la Premier League. Las pr\u00f3ximas semanas ser\u00e1n decisivas para el futuro inmediato del \u00abDiablito\u00bb.<\/p>\n<p><!-- Live Blog Post --><\/div>\n<p><a href=\"https:\/\/www.pagina12.com.ar\/845766-echeverri-esta-cerca-de-salir-del-manchester-city-y-roma-neg\">source<\/a><\/p>\n","protected":false},"excerpt":{"rendered":"<p>El futuro de Claudio Echeverri en el Manchester City permanece incierto, ya que en las&#8230;<\/p>\n","protected":false},"author":3,"featured_media":22839,"comment_status":"closed","ping_status":"closed","sticky":false,"template":"","format":"standard","meta":{"footnotes":""},"categories":[21],"tags":[],"class_list":["post-22838","post","type-post","status-publish","format-standard","has-post-thumbnail","hentry","category-deportes"],"featured_image_urls":{"full":["https:\/\/fmamiga909.com.ar\/wp-content\/uploads\/2025\/07\/wp-header-logo-332.png",960,540,false],"thumbnail":["https:\/\/fmamiga909.com.ar\/wp-content\/uploads\/2025\/07\/wp-header-logo-332-150x150.png",150,150,true],"medium":["https:\/\/fmamiga909.com.ar\/wp-content\/uploads\/2025\/07\/wp-header-logo-332-300x169.png",300,169,true],"medium_large":["https:\/\/fmamiga909.com.ar\/wp-content\/uploads\/2025\/07\/wp-header-logo-332.png",960,540,false],"large":["https:\/\/fmamiga909.com.ar\/wp-content\/uploads\/2025\/07\/wp-header-logo-332.png",640,360,false],"1536x1536":["https:\/\/fmamiga909.com.ar\/wp-content\/uploads\/2025\/07\/wp-header-logo-332.png",960,540,false],"2048x2048":["https:\/\/fmamiga909.com.ar\/wp-content\/uploads\/2025\/07\/wp-header-logo-332.png",960,540,false],"newsium-slider-full":["https:\/\/fmamiga909.com.ar\/wp-content\/uploads\/2025\/07\/wp-header-logo-332.png",960,540,false],"newsium-featured":["https:\/\/fmamiga909.com.ar\/wp-content\/uploads\/2025\/07\/wp-header-logo-332.png",960,540,false],"newsium-medium":["https:\/\/fmamiga909.com.ar\/wp-content\/uploads\/2025\/07\/wp-header-logo-332-720x475.png",720,475,true]},"author_info":{"display_name":"Fredy Giuliano","author_link":"https:\/\/fmamiga909.com.ar\/?author=3"},"category_info":"<a href=\"https:\/\/fmamiga909.com.ar\/?cat=21\" rel=\"category\">Deportes<\/a>","tag_info":"Deportes","comment_count":"0","_links":{"self":[{"href":"https:\/\/fmamiga909.com.ar\/index.php?rest_route=\/wp\/v2\/posts\/22838","targetHints":{"allow":["GET"]}}],"collection":[{"href":"https:\/\/fmamiga909.com.ar\/index.php?rest_route=\/wp\/v2\/posts"}],"about":[{"href":"https:\/\/fmamiga909.com.ar\/index.php?rest_route=\/wp\/v2\/types\/post"}],"author":[{"embeddable":true,"href":"https:\/\/fmamiga909.com.ar\/index.php?rest_route=\/wp\/v2\/users\/3"}],"replies":[{"embeddable":true,"href":"https:\/\/fmamiga909.com.ar\/index.php?rest_route=%2Fwp%2Fv2%2Fcomments&post=22838"}],"version-history":[{"count":0,"href":"https:\/\/fmamiga909.com.ar\/index.php?rest_route=\/wp\/v2\/posts\/22838\/revisions"}],"wp:featuredmedia":[{"embeddable":true,"href":"https:\/\/fmamiga909.com.ar\/index.php?rest_route=\/wp\/v2\/media\/22839"}],"wp:attachment":[{"href":"https:\/\/fmamiga909.com.ar\/index.php?rest_route=%2Fwp%2Fv2%2Fmedia&parent=22838"}],"wp:term":[{"taxonomy":"category","embeddable":true,"href":"https:\/\/fmamiga909.com.ar\/index.php?rest_route=%2Fwp%2Fv2%2Fcategories&post=22838"},{"taxonomy":"post_tag","embeddable":true,"href":"https:\/\/fmamiga909.com.ar\/index.php?rest_route=%2Fwp%2Fv2%2Ftags&post=22838"}],"curies":[{"name":"wp","href":"https:\/\/api.w.org\/{rel}","templated":true}]}}