{"id":22858,"date":"2025-07-30T22:40:40","date_gmt":"2025-07-30T22:40:40","guid":{"rendered":"https:\/\/fmamiga909.com.ar\/?p=22858"},"modified":"2025-07-30T22:40:40","modified_gmt":"2025-07-30T22:40:40","slug":"la-dura-sancion-a-central-ballester-tras-la-batalla-campal-con-victoriano-arenas","status":"publish","type":"post","link":"https:\/\/fmamiga909.com.ar\/?p=22858","title":{"rendered":"La dura sanci\u00f3n a Central Ballester tras la batalla campal con Victoriano Arenas"},"content":{"rendered":"<div><!-- Body --><\/p>\n<p>La <b>Agencia de Prevenci\u00f3n de la Violencia en el Deporte del Ministerio de Seguridad de la Provincia de Buenos Aires<\/b> (APreViDe) confirm\u00f3 una ejemplar sanci\u00f3n para el club Central Ballester, luego del <b\/><a href=\"https:\/\/www.pagina12.com.ar\/845244-luis-ventura-victima-de-una-tremenda-pina-en-la-batalla-camp\"><b>esc\u00e1ndalo desatado en el partido contra<\/b> <b>Victoriano Arenas<\/b><\/a><b\/>, que incluy\u00f3 una brutal agresi\u00f3n al entrenador de CAVA, Luis Ventura. El castigo para el elenco de Jos\u00e9 Le\u00f3n Su\u00e1rez implica disputar todos los partidos como local de lo que resta de la temporada sin p\u00fablico.<\/p>\n<p>\u00abAPreViDe informa que, tras los hechos de p\u00fablico conocimiento, <b>el Club Central Ballester deber\u00e1 jugar todos los partidos de local a puertas cerradas por todo lo que resta del a\u00f1o 2025<\/b>\u00ab, precisa el comunicado difundido por el organismo.<\/p>\n<div class=\"iframely-embed medium-embedded-content\" data-html=\"Jmx0O2RpdiZndDsmbHQ7ZGl2IHN0eWxlPSJsZWZ0OiAwOyB3aWR0aDogMTAwJTsgaGVpZ2h0OiAwOyBwb3NpdGlvbjogcmVsYXRpdmU7IHBhZGRpbmctYm90dG9tOiA1Ni4wNDE3JTsiJmd0OyZsdDtpZnJhbWUgc3JjPSJodHRwczovL2lmcmFtZWx5LnBhZ2luYTEyLmNvbS5hci9hcGkvaWZyYW1lP2NsaWNrX3RvX3BsYXk9MSZhbXA7dXJsPWh0dHBzJTNBJTJGJTJGZ2VvLmRhaWx5bW90aW9uLmNvbSUyRnBsYXllciUyRnh0NWVlLmh0bWwlM0Z2aWRlbyUzRHg5bnExenUmYW1wO2tleT00Njc2YjVmZGMwODMyNTdlYTg3ZjcxNjA4Yzc0ZTlmZSIgc3R5bGU9InRvcDogMDsgbGVmdDogMDsgd2lkdGg6IDEwMCU7IGhlaWdodDogMTAwJTsgcG9zaXRpb246IGFic29sdXRlOyBib3JkZXI6IDA7IiBhbGxvd2Z1bGxzY3JlZW4gc2Nyb2xsaW5nPSJubyIgYWxsb3c9ImVuY3J5cHRlZC1tZWRpYSAqOyImZ3Q7Jmx0Oy9pZnJhbWUmZ3Q7Jmx0Oy9kaXYmZ3Q7Jmx0Oy9kaXYmZ3Q7Jmx0O2RpdiBjbGFzcz0ibWVkaXVtLWluc2VydC1lbWJlZHMtbWV0YSImZ3Q7Jmx0O3NjcmlwdCB0eXBlPSJ0ZXh0L2pzb24iJmd0O3sidXJsIjoiaHR0cHM6Ly9nZW8uZGFpbHltb3Rpb24uY29tL3BsYXllci94dDVlZS5odG1sP3ZpZGVvPXg5bnExenUiLCJ0eXBlIjoidmlkZW8iLCJ2ZXJzaW9uIjoiMS4wIiwidGl0bGUiOiJMdWlzIFZlbnR1cmEsIHbDrWN0aW1hIGRlIHVuYSB0cmVtZW5kYSBwacOxYSBlbiBsYSBiYXRhbGxhIGNhbXBhbCBkZSBWaWN0b3JpYW5vIEFyZW5hcyIsImF1dGhvciI6IlDDoWdpbmExMiIsImF1dGhvcl91cmwiOiJodHRwczovL3d3dy5kYWlseW1vdGlvbi5jb20vUGFnaW5hMTIiLCJwcm92aWRlcl9uYW1lIjoiRGFpbHltb3Rpb24iLCJkZXNjcmlwdGlvbiI6IlZlciBMdWlzIFZlbnR1cmEsIHbDrWN0aW1hIGRlIHVuYSB0cmVtZW5kYSBwacOxYSBlbiBsYSBiYXRhbGxhIGNhbXBhbCBkZSBWaWN0b3JpYW5vIEFyZW5hcyAtIFDDoWdpbmExMiBlbiBEYWlseW1vdGlvbiIsInRodW1ibmFpbF91cmwiOiJodHRwczovL3MyLmRtY2RuLm5ldC92L1lweVVRMWVYd05SZ012TTRrL3g3MjAiLCJ0aHVtYm5haWxfd2lkdGgiOjEyODAsInRodW1ibmFpbF9oZWlnaHQiOjcyMCwiY2FjaGVfYWdlIjo2MH0mbHQ7L3NjcmlwdCZndDsmbHQ7L2RpdiZndDs=\">\n                <a data-iframely-url=\"\" href=\"https:\/\/geo.dailymotion.com\/player\/xt5ee.html?video=x9nq1zu\">https:\/\/geo.dailymotion.com\/player\/xt5ee.html?video=x9nq1zu<\/a>\n              <\/div>\n<p>El domingo por la fecha 19 de la Primera C, el conjunto de Valent\u00edn Alsina visit\u00f3 a los de Villa Necochea en el estadio Predio Cacique, en un cruce directo por la permanencia y empat\u00f3 2-2 con un gol a los 98 minutos para los locales, lo que desat\u00f3 la bronca visitante por el exagerado tiempo de descuento.<\/p>\n<p>Luego del pitazo final del \u00e1rbitro, <b>se desat\u00f3 una batalla campal que termin\u00f3 con la agresi\u00f3n de futbolistas y barrabravas de Central Ballester hacia la delegaci\u00f3n de Victoriano Arenas<\/b> de la cual formaba parte Ventura.<\/p>\n<p>El periodista, quien adem\u00e1s es el presidente de la Asociaci\u00f3n de Periodistas de la Televisi\u00f3n y la Radiofon\u00eda Argentinas (APTRA), fue golpeado por un individuo todav\u00eda no identificado y tuvo que ser asistido en una cl\u00ednica donde pas\u00f3 la noche en observaci\u00f3n, por lo cual no pudo asistir a la entrega de los Premios Mart\u00edn Fierro de Radio.<\/p>\n<p>Desde la Cl\u00ednica Trinidad de Palermo, el entrenador relat\u00f3 c\u00f3mo fue el ataque. <b>\u00abEl tipo viene caminando de frente y nunca esper\u00e9 que me iba a pegar donde lo hizo. Si era m\u00e1s arriba en la sien, me mata\u00bb<\/b>, confes\u00f3 Ventura.<\/p>\n<p><!-- Live Blog Post --><\/div>\n<p><a href=\"https:\/\/www.pagina12.com.ar\/846014-la-dura-sancion-a-central-ballester-tras-la-batalla-campal-c\">source<\/a><\/p>\n","protected":false},"excerpt":{"rendered":"<p>La Agencia de Prevenci\u00f3n de la Violencia en el Deporte del Ministerio de Seguridad de&#8230;<\/p>\n","protected":false},"author":3,"featured_media":22859,"comment_status":"closed","ping_status":"closed","sticky":false,"template":"","format":"standard","meta":{"footnotes":""},"categories":[21],"tags":[],"class_list":["post-22858","post","type-post","status-publish","format-standard","has-post-thumbnail","hentry","category-deportes"],"featured_image_urls":{"full":["https:\/\/fmamiga909.com.ar\/wp-content\/uploads\/2025\/07\/wp-header-logo-342.png",960,540,false],"thumbnail":["https:\/\/fmamiga909.com.ar\/wp-content\/uploads\/2025\/07\/wp-header-logo-342-150x150.png",150,150,true],"medium":["https:\/\/fmamiga909.com.ar\/wp-content\/uploads\/2025\/07\/wp-header-logo-342-300x169.png",300,169,true],"medium_large":["https:\/\/fmamiga909.com.ar\/wp-content\/uploads\/2025\/07\/wp-header-logo-342.png",960,540,false],"large":["https:\/\/fmamiga909.com.ar\/wp-content\/uploads\/2025\/07\/wp-header-logo-342.png",640,360,false],"1536x1536":["https:\/\/fmamiga909.com.ar\/wp-content\/uploads\/2025\/07\/wp-header-logo-342.png",960,540,false],"2048x2048":["https:\/\/fmamiga909.com.ar\/wp-content\/uploads\/2025\/07\/wp-header-logo-342.png",960,540,false],"newsium-slider-full":["https:\/\/fmamiga909.com.ar\/wp-content\/uploads\/2025\/07\/wp-header-logo-342.png",960,540,false],"newsium-featured":["https:\/\/fmamiga909.com.ar\/wp-content\/uploads\/2025\/07\/wp-header-logo-342.png",960,540,false],"newsium-medium":["https:\/\/fmamiga909.com.ar\/wp-content\/uploads\/2025\/07\/wp-header-logo-342-720x475.png",720,475,true]},"author_info":{"display_name":"Fredy Giuliano","author_link":"https:\/\/fmamiga909.com.ar\/?author=3"},"category_info":"<a href=\"https:\/\/fmamiga909.com.ar\/?cat=21\" rel=\"category\">Deportes<\/a>","tag_info":"Deportes","comment_count":"0","_links":{"self":[{"href":"https:\/\/fmamiga909.com.ar\/index.php?rest_route=\/wp\/v2\/posts\/22858","targetHints":{"allow":["GET"]}}],"collection":[{"href":"https:\/\/fmamiga909.com.ar\/index.php?rest_route=\/wp\/v2\/posts"}],"about":[{"href":"https:\/\/fmamiga909.com.ar\/index.php?rest_route=\/wp\/v2\/types\/post"}],"author":[{"embeddable":true,"href":"https:\/\/fmamiga909.com.ar\/index.php?rest_route=\/wp\/v2\/users\/3"}],"replies":[{"embeddable":true,"href":"https:\/\/fmamiga909.com.ar\/index.php?rest_route=%2Fwp%2Fv2%2Fcomments&post=22858"}],"version-history":[{"count":0,"href":"https:\/\/fmamiga909.com.ar\/index.php?rest_route=\/wp\/v2\/posts\/22858\/revisions"}],"wp:featuredmedia":[{"embeddable":true,"href":"https:\/\/fmamiga909.com.ar\/index.php?rest_route=\/wp\/v2\/media\/22859"}],"wp:attachment":[{"href":"https:\/\/fmamiga909.com.ar\/index.php?rest_route=%2Fwp%2Fv2%2Fmedia&parent=22858"}],"wp:term":[{"taxonomy":"category","embeddable":true,"href":"https:\/\/fmamiga909.com.ar\/index.php?rest_route=%2Fwp%2Fv2%2Fcategories&post=22858"},{"taxonomy":"post_tag","embeddable":true,"href":"https:\/\/fmamiga909.com.ar\/index.php?rest_route=%2Fwp%2Fv2%2Ftags&post=22858"}],"curies":[{"name":"wp","href":"https:\/\/api.w.org\/{rel}","templated":true}]}}