{"id":22874,"date":"2025-07-31T17:52:28","date_gmt":"2025-07-31T17:52:28","guid":{"rendered":"https:\/\/fmamiga909.com.ar\/?p=22874"},"modified":"2025-07-31T17:52:28","modified_gmt":"2025-07-31T17:52:28","slug":"boca-merentiel-y-russo-hicieron-las-paces","status":"publish","type":"post","link":"https:\/\/fmamiga909.com.ar\/?p=22874","title":{"rendered":"Boca: Merentiel y Russo hicieron las paces"},"content":{"rendered":"<div><!-- Body --><\/p>\n<p>El <b>uruguayo Miguel Merentiel y el director t\u00e9cnico de Boca, Miguel \u00c1ngel Russo, llegaron a un arreglo luego del episodio protagonizado durante el partido frente a Hurac\u00e1n<\/b>, por lo que el delantero ser\u00e1 titular en el pr\u00f3ximo partido ante Racing.<\/p>\n<p><b>El problema entre Merentiel y Russo surgi\u00f3 en el cruce ante el Globo, cuando el delantero sali\u00f3 al campo de juego, pero finalmente fue reemplazado por Milton Gim\u00e9nez<\/b>. Esta decisi\u00f3n no le gust\u00f3 para nada al uruguayo, quien se fue visiblemente enojado al vestuario. <b>El cambio lo hab\u00eda decidido Russo luego de una discusi\u00f3n ocurrida en el entretiempo<\/b>. Boca termin\u00f3 perdiendo aquel encuentro 1-0 ante Hurac\u00e1n y profundiz\u00f3 a\u00fan m\u00e1s su crisis, ya que lleva 11 partidos sin conocer la victoria y se trata de la peor racha hist\u00f3rica del club.<\/p>\n<p>Finalmente, <b>Merentiel y Russo pudieron solucionar esta situaci\u00f3n<\/b>, por lo que en caso de no mediar inconvenientes el delantero ser\u00e1 titular en el partido clave ante Racing, el s\u00e1bado 9 de agosto, por la cuarta fecha del Torneo Clausura de la Liga Profesional de F\u00fatbol.<\/p>\n<p><b>Este jueves el plantel se entren\u00f3 en el complejo deportivo de Ezeiza y all\u00ed el entrenador orden\u00f3 realizar una pr\u00e1ctica de f\u00fatbol donde Merentiel fue titular<\/b> en el equipo que est\u00e1 considerado para jugar ante Racing, que estuvo formado por: el arquero suplente, Leandro Brey (jugar\u00e1 Agust\u00edn Marches\u00edn, que estuvo en el gimnasio de club por algunas molestias f\u00edsicas); <b>Juan Barinaga, Rodrigo Battaglia, Marco Pellegrino, Lautaro Blanco; Milton Delgado, Leandro Paredes, Brian Aguirre, Kevin Zen\u00f3n; Milton Gim\u00e9nez y Merentiel<\/b>.\u00a0<\/p>\n<p>En el equipo suplente jugaron Javier Garc\u00eda; Luis Adv\u00edncula, Ignacio Miram\u00f3n, Lautaro Di Lollo, Frank Fabra; Williams Alarc\u00f3n, Tomas Belmonte, Alan Velasco; Malcom Braida; Edinson Cavani y Exequiel Zeballos. En tanto que, <b>los jugadores marginados del plantel, Marcos Rojo, Cristian Lema, y Marcelo Saracchi, comenzaron a buscar club a trav\u00e9s de sus representantes<\/b>, y la oferta que llegue por ellos deber\u00e1 ser aprobada por la comisi\u00f3n directiva. Rojo y Lema tienen un contrato vigente hasta diciembre, mientras que Saracchi hasta 2027.<\/p>\n<p><b>Se supo que Estudiantes de La Plata a\u00fan no oficializ\u00f3 el inter\u00e9s por Rojo<\/b>, y su salida de Boca s\u00f3lo se dar\u00e1 si presenta a los dirigentes una oferta que sea acorde a su cotizaci\u00f3n, mientras que <b>Lema inici\u00f3 negociaciones con clubes del exterior, pero hasta ahora tampoco hubo ninguna oferta<\/b>, al igual que en el caso de Saracchi, por el que hab\u00eda un inter\u00e9s en Independiente. Otro de los marginados, el arquero Sergio Romero, continuar\u00e1 en el club hasta que concluya su contrato en diciembre.<\/p>\n<p><b>Si bien el Consejo de F\u00fatbol contin\u00faa en funciones, el presidente Juan Rom\u00e1n Riquelme tiene intenciones de disolver el grupo, del que s\u00f3lo quedar\u00eda su amigo Marcelo Delgado<\/b>, por lo que se ir\u00edan Ra\u00fal Cascini y Mauricio Serna. <b>Riquelme piensa en un m\u00e1nager del f\u00fatbol profesional, para mantener la comunicaci\u00f3n con los directivos y el plantel, pero hasta ahora no tom\u00f3 ninguna decisi\u00f3n<\/b>. Trascendi\u00f3 que los nombres propuestos son los del ex arquero Fernando Navarro Montoya, el ex t\u00e9cnico de la Selecci\u00f3n argentina Jos\u00e9 Pekerman y el ex jugador de Boca Alberto M\u00e1rcico, aunque ninguno de ellos fue confirmado oficialmente.<\/p>\n<p><!-- Live Blog Post --><\/div>\n<p><a href=\"https:\/\/www.pagina12.com.ar\/846204-boca-merentiel-y-russo-hicieron-las-paces\">source<\/a><\/p>\n","protected":false},"excerpt":{"rendered":"<p>El uruguayo Miguel Merentiel y el director t\u00e9cnico de Boca, Miguel \u00c1ngel Russo, llegaron a&#8230;<\/p>\n","protected":false},"author":3,"featured_media":22875,"comment_status":"closed","ping_status":"closed","sticky":false,"template":"","format":"standard","meta":{"footnotes":""},"categories":[21],"tags":[],"class_list":["post-22874","post","type-post","status-publish","format-standard","has-post-thumbnail","hentry","category-deportes"],"featured_image_urls":{"full":["https:\/\/fmamiga909.com.ar\/wp-content\/uploads\/2025\/07\/wp-header-logo-350.png",960,540,false],"thumbnail":["https:\/\/fmamiga909.com.ar\/wp-content\/uploads\/2025\/07\/wp-header-logo-350-150x150.png",150,150,true],"medium":["https:\/\/fmamiga909.com.ar\/wp-content\/uploads\/2025\/07\/wp-header-logo-350-300x169.png",300,169,true],"medium_large":["https:\/\/fmamiga909.com.ar\/wp-content\/uploads\/2025\/07\/wp-header-logo-350.png",960,540,false],"large":["https:\/\/fmamiga909.com.ar\/wp-content\/uploads\/2025\/07\/wp-header-logo-350.png",640,360,false],"1536x1536":["https:\/\/fmamiga909.com.ar\/wp-content\/uploads\/2025\/07\/wp-header-logo-350.png",960,540,false],"2048x2048":["https:\/\/fmamiga909.com.ar\/wp-content\/uploads\/2025\/07\/wp-header-logo-350.png",960,540,false],"newsium-slider-full":["https:\/\/fmamiga909.com.ar\/wp-content\/uploads\/2025\/07\/wp-header-logo-350.png",960,540,false],"newsium-featured":["https:\/\/fmamiga909.com.ar\/wp-content\/uploads\/2025\/07\/wp-header-logo-350.png",960,540,false],"newsium-medium":["https:\/\/fmamiga909.com.ar\/wp-content\/uploads\/2025\/07\/wp-header-logo-350-720x475.png",720,475,true]},"author_info":{"display_name":"Fredy Giuliano","author_link":"https:\/\/fmamiga909.com.ar\/?author=3"},"category_info":"<a href=\"https:\/\/fmamiga909.com.ar\/?cat=21\" rel=\"category\">Deportes<\/a>","tag_info":"Deportes","comment_count":"0","_links":{"self":[{"href":"https:\/\/fmamiga909.com.ar\/index.php?rest_route=\/wp\/v2\/posts\/22874","targetHints":{"allow":["GET"]}}],"collection":[{"href":"https:\/\/fmamiga909.com.ar\/index.php?rest_route=\/wp\/v2\/posts"}],"about":[{"href":"https:\/\/fmamiga909.com.ar\/index.php?rest_route=\/wp\/v2\/types\/post"}],"author":[{"embeddable":true,"href":"https:\/\/fmamiga909.com.ar\/index.php?rest_route=\/wp\/v2\/users\/3"}],"replies":[{"embeddable":true,"href":"https:\/\/fmamiga909.com.ar\/index.php?rest_route=%2Fwp%2Fv2%2Fcomments&post=22874"}],"version-history":[{"count":0,"href":"https:\/\/fmamiga909.com.ar\/index.php?rest_route=\/wp\/v2\/posts\/22874\/revisions"}],"wp:featuredmedia":[{"embeddable":true,"href":"https:\/\/fmamiga909.com.ar\/index.php?rest_route=\/wp\/v2\/media\/22875"}],"wp:attachment":[{"href":"https:\/\/fmamiga909.com.ar\/index.php?rest_route=%2Fwp%2Fv2%2Fmedia&parent=22874"}],"wp:term":[{"taxonomy":"category","embeddable":true,"href":"https:\/\/fmamiga909.com.ar\/index.php?rest_route=%2Fwp%2Fv2%2Fcategories&post=22874"},{"taxonomy":"post_tag","embeddable":true,"href":"https:\/\/fmamiga909.com.ar\/index.php?rest_route=%2Fwp%2Fv2%2Ftags&post=22874"}],"curies":[{"name":"wp","href":"https:\/\/api.w.org\/{rel}","templated":true}]}}