{"id":22880,"date":"2025-07-31T20:32:56","date_gmt":"2025-07-31T20:32:56","guid":{"rendered":"https:\/\/fmamiga909.com.ar\/?p=22880"},"modified":"2025-07-31T20:32:56","modified_gmt":"2025-07-31T20:32:56","slug":"racing-se-interesa-por-marcos-rojo-marginado-en-boca","status":"publish","type":"post","link":"https:\/\/fmamiga909.com.ar\/?p=22880","title":{"rendered":"Racing se interesa por Marcos Rojo, marginado en Boca"},"content":{"rendered":"<div><!-- Body --><\/p>\n<p><b>Racing analiza incorporar a un refuerzo de peso: Marcos Rojo; en medio de la cuenta regresiva hacia los octavos de final de la Copa Libertadores<\/b>, donde enfrentar\u00e1 a Pe\u00f1arol el pr\u00f3ximo 12 de agosto en Montevideo.<\/p>\n<p><b>El experimentado defensor de 34 a\u00f1os atraviesa un dif\u00edcil momento en Boca, donde fue apartado del plantel profesional junto a Marcelo Saracchi y Cristian Lema<\/b> por decisi\u00f3n del entrenador Miguel \u00c1ngel Russo, lo que abri\u00f3 la puerta a una posible salida anticipada.<\/p>\n<p>Seg\u00fan trascendi\u00f3 en las \u00faltimas horas, <b>el inter\u00e9s de la Academia no es reciente ni casual: fue el propio t\u00e9cnico Gustavo Costas quien se comunic\u00f3 con Rojo<\/b> para expresarle su deseo de sumarlo al equipo.<\/p>\n<p><b>La conversaci\u00f3n habr\u00eda dejado buenas sensaciones, al punto que desde Avellaneda ya iniciaron gestiones formales para intentar su incorporaci\u00f3n<\/b>, conscientes de que el zaguero tiene v\u00ednculo vigente con el \u201cXeneize\u201d hasta diciembre de 2024.<\/p>\n<p><b>La situaci\u00f3n contractual de Rojo podr\u00eda ser una traba, aunque desde Boca eval\u00faan distintas formas de rescindir el v\u00ednculo en buenos t\u00e9rminos<\/b>, dado que su ciclo en el club parece terminado. Rojo, que lleg\u00f3 al club en 2021 y fue capit\u00e1n en varios tramos del ciclo anterior, <b>hoy entrena apartado y sin perspectivas de volver a ser tenido en cuenta<\/b>.<\/p>\n<p><b>Un dato que juega a favor de Racing es la relaci\u00f3n personal entre Rojo y Agust\u00edn Almendra, mediocampista del plantel acad\u00e9mico que comparti\u00f3 vestuario con \u00e9l en Boca<\/b>. Ambos mantienen un v\u00ednculo de cercan\u00eda que podr\u00eda pesar si el defensor prioriza un entorno de confianza y continuidad en el f\u00fatbol argentino.<\/p>\n<p><!-- Live Blog Post --><\/div>\n<p><a href=\"https:\/\/www.pagina12.com.ar\/846251-racing-se-interesa-por-marcos-rojo-marginado-en-boca\">source<\/a><\/p>\n","protected":false},"excerpt":{"rendered":"<p>Racing analiza incorporar a un refuerzo de peso: Marcos Rojo; en medio de la cuenta&#8230;<\/p>\n","protected":false},"author":3,"featured_media":22881,"comment_status":"closed","ping_status":"closed","sticky":false,"template":"","format":"standard","meta":{"footnotes":""},"categories":[21],"tags":[],"class_list":["post-22880","post","type-post","status-publish","format-standard","has-post-thumbnail","hentry","category-deportes"],"featured_image_urls":{"full":["https:\/\/fmamiga909.com.ar\/wp-content\/uploads\/2025\/07\/wp-header-logo-353.png",960,540,false],"thumbnail":["https:\/\/fmamiga909.com.ar\/wp-content\/uploads\/2025\/07\/wp-header-logo-353-150x150.png",150,150,true],"medium":["https:\/\/fmamiga909.com.ar\/wp-content\/uploads\/2025\/07\/wp-header-logo-353-300x169.png",300,169,true],"medium_large":["https:\/\/fmamiga909.com.ar\/wp-content\/uploads\/2025\/07\/wp-header-logo-353.png",960,540,false],"large":["https:\/\/fmamiga909.com.ar\/wp-content\/uploads\/2025\/07\/wp-header-logo-353.png",640,360,false],"1536x1536":["https:\/\/fmamiga909.com.ar\/wp-content\/uploads\/2025\/07\/wp-header-logo-353.png",960,540,false],"2048x2048":["https:\/\/fmamiga909.com.ar\/wp-content\/uploads\/2025\/07\/wp-header-logo-353.png",960,540,false],"newsium-slider-full":["https:\/\/fmamiga909.com.ar\/wp-content\/uploads\/2025\/07\/wp-header-logo-353.png",960,540,false],"newsium-featured":["https:\/\/fmamiga909.com.ar\/wp-content\/uploads\/2025\/07\/wp-header-logo-353.png",960,540,false],"newsium-medium":["https:\/\/fmamiga909.com.ar\/wp-content\/uploads\/2025\/07\/wp-header-logo-353-720x475.png",720,475,true]},"author_info":{"display_name":"Fredy Giuliano","author_link":"https:\/\/fmamiga909.com.ar\/?author=3"},"category_info":"<a href=\"https:\/\/fmamiga909.com.ar\/?cat=21\" rel=\"category\">Deportes<\/a>","tag_info":"Deportes","comment_count":"0","_links":{"self":[{"href":"https:\/\/fmamiga909.com.ar\/index.php?rest_route=\/wp\/v2\/posts\/22880","targetHints":{"allow":["GET"]}}],"collection":[{"href":"https:\/\/fmamiga909.com.ar\/index.php?rest_route=\/wp\/v2\/posts"}],"about":[{"href":"https:\/\/fmamiga909.com.ar\/index.php?rest_route=\/wp\/v2\/types\/post"}],"author":[{"embeddable":true,"href":"https:\/\/fmamiga909.com.ar\/index.php?rest_route=\/wp\/v2\/users\/3"}],"replies":[{"embeddable":true,"href":"https:\/\/fmamiga909.com.ar\/index.php?rest_route=%2Fwp%2Fv2%2Fcomments&post=22880"}],"version-history":[{"count":0,"href":"https:\/\/fmamiga909.com.ar\/index.php?rest_route=\/wp\/v2\/posts\/22880\/revisions"}],"wp:featuredmedia":[{"embeddable":true,"href":"https:\/\/fmamiga909.com.ar\/index.php?rest_route=\/wp\/v2\/media\/22881"}],"wp:attachment":[{"href":"https:\/\/fmamiga909.com.ar\/index.php?rest_route=%2Fwp%2Fv2%2Fmedia&parent=22880"}],"wp:term":[{"taxonomy":"category","embeddable":true,"href":"https:\/\/fmamiga909.com.ar\/index.php?rest_route=%2Fwp%2Fv2%2Fcategories&post=22880"},{"taxonomy":"post_tag","embeddable":true,"href":"https:\/\/fmamiga909.com.ar\/index.php?rest_route=%2Fwp%2Fv2%2Ftags&post=22880"}],"curies":[{"name":"wp","href":"https:\/\/api.w.org\/{rel}","templated":true}]}}