{"id":22894,"date":"2025-08-01T03:33:08","date_gmt":"2025-08-01T03:33:08","guid":{"rendered":"https:\/\/fmamiga909.com.ar\/?p=22894"},"modified":"2025-08-01T03:33:08","modified_gmt":"2025-08-01T03:33:08","slug":"el-periodista-ernesto-cherquis-bialo-esta-internado-en-el-hospital-aleman","status":"publish","type":"post","link":"https:\/\/fmamiga909.com.ar\/?p=22894","title":{"rendered":"El periodista Ernesto Cherquis Bialo est\u00e1 internado en el Hospital Alem\u00e1n"},"content":{"rendered":"<div><!-- Body --><\/p>\n<p>El periodista Ernesto Cherquis Bialo atraviesa un delicado momento de salud y necesita dadores de sangre, para continuar con el tratamiento al que est\u00e1 siendo sometido en el Hospital Alem\u00e1n: las transfusiones son necesarias para su evoluci\u00f3n.<\/p>\n<p>Seg\u00fan los requisitos informados por el centro m\u00e9dico, se pueden presentar donantes de entre 18 y 65 a\u00f1os y que pesen m\u00e1s de 50 kilos. Adem\u00e1s, indicaron que es necesario gozar de buena salud, no presentar enfermedades ni s\u00edntomas recientes como fiebre, resfr\u00edo o dolor de garganta, y tener la presi\u00f3n arterial dentro de los l\u00edmites normales. Tampoco se debe haber tomado aspirina ni antiinflamatorios en los tres d\u00edas previos a la donaci\u00f3n, ni consumir l\u00e1cteos o grasas antes de donar. Se debe acudir sin ayuno total.<\/p>\n<p>Todos aquellos que puedan donar sangre deber\u00e1n enviar un correo electr\u00f3nico a <a href=\"\/cdn-cgi\/l\/email-protection\" class=\"__cf_email__\" data-cfemail=\"5f373a32302b3a2d3e2f363e1f37302c2f362b3e333e333a323e31713c3032\">[email\u00a0protected]<\/a> para solicitar el turno correspondiente y presentar el DNI. Ante cualquier duda o consulta, se podr\u00e1 comunicarse con el departamento de hemoterapia al 4827-7000. Internos 2259, 2258, 2240 y 2243.<\/p>\n<p>Cherquis, de 84 a\u00f1os, edific\u00f3 una enorme trayectoria tanto en la TV, como en la radio, el periodismo gr\u00e1fico y el digital. Fue bi\u00f3grafo de Diego Maradona y brill\u00f3 en Infobae con sus historias y columnas. Adem\u00e1s, fue Director de Medios de la Asociaci\u00f3n del F\u00fatbol Argentino. Hace un a\u00f1o, la Legislatura porte\u00f1a lo reconoci\u00f3 como Personalidad Destacada en el \u00e1mbito del deporte.<\/p>\n<p><!-- Live Blog Post --><\/div>\n<p><a href=\"https:\/\/www.pagina12.com.ar\/846389-el-periodista-ernesto-cherquis-bialo-esta-internado-en-el-ho\">source<\/a><\/p>\n","protected":false},"excerpt":{"rendered":"<p>El periodista Ernesto Cherquis Bialo atraviesa un delicado momento de salud y necesita dadores de&#8230;<\/p>\n","protected":false},"author":3,"featured_media":22895,"comment_status":"closed","ping_status":"closed","sticky":false,"template":"","format":"standard","meta":{"footnotes":""},"categories":[21],"tags":[],"class_list":["post-22894","post","type-post","status-publish","format-standard","has-post-thumbnail","hentry","category-deportes"],"featured_image_urls":{"full":["https:\/\/fmamiga909.com.ar\/wp-content\/uploads\/2025\/08\/wp-header-logo-2.png",960,540,false],"thumbnail":["https:\/\/fmamiga909.com.ar\/wp-content\/uploads\/2025\/08\/wp-header-logo-2-150x150.png",150,150,true],"medium":["https:\/\/fmamiga909.com.ar\/wp-content\/uploads\/2025\/08\/wp-header-logo-2-300x169.png",300,169,true],"medium_large":["https:\/\/fmamiga909.com.ar\/wp-content\/uploads\/2025\/08\/wp-header-logo-2.png",960,540,false],"large":["https:\/\/fmamiga909.com.ar\/wp-content\/uploads\/2025\/08\/wp-header-logo-2.png",640,360,false],"1536x1536":["https:\/\/fmamiga909.com.ar\/wp-content\/uploads\/2025\/08\/wp-header-logo-2.png",960,540,false],"2048x2048":["https:\/\/fmamiga909.com.ar\/wp-content\/uploads\/2025\/08\/wp-header-logo-2.png",960,540,false],"newsium-slider-full":["https:\/\/fmamiga909.com.ar\/wp-content\/uploads\/2025\/08\/wp-header-logo-2.png",960,540,false],"newsium-featured":["https:\/\/fmamiga909.com.ar\/wp-content\/uploads\/2025\/08\/wp-header-logo-2.png",960,540,false],"newsium-medium":["https:\/\/fmamiga909.com.ar\/wp-content\/uploads\/2025\/08\/wp-header-logo-2-720x475.png",720,475,true]},"author_info":{"display_name":"Fredy Giuliano","author_link":"https:\/\/fmamiga909.com.ar\/?author=3"},"category_info":"<a href=\"https:\/\/fmamiga909.com.ar\/?cat=21\" rel=\"category\">Deportes<\/a>","tag_info":"Deportes","comment_count":"0","_links":{"self":[{"href":"https:\/\/fmamiga909.com.ar\/index.php?rest_route=\/wp\/v2\/posts\/22894","targetHints":{"allow":["GET"]}}],"collection":[{"href":"https:\/\/fmamiga909.com.ar\/index.php?rest_route=\/wp\/v2\/posts"}],"about":[{"href":"https:\/\/fmamiga909.com.ar\/index.php?rest_route=\/wp\/v2\/types\/post"}],"author":[{"embeddable":true,"href":"https:\/\/fmamiga909.com.ar\/index.php?rest_route=\/wp\/v2\/users\/3"}],"replies":[{"embeddable":true,"href":"https:\/\/fmamiga909.com.ar\/index.php?rest_route=%2Fwp%2Fv2%2Fcomments&post=22894"}],"version-history":[{"count":0,"href":"https:\/\/fmamiga909.com.ar\/index.php?rest_route=\/wp\/v2\/posts\/22894\/revisions"}],"wp:featuredmedia":[{"embeddable":true,"href":"https:\/\/fmamiga909.com.ar\/index.php?rest_route=\/wp\/v2\/media\/22895"}],"wp:attachment":[{"href":"https:\/\/fmamiga909.com.ar\/index.php?rest_route=%2Fwp%2Fv2%2Fmedia&parent=22894"}],"wp:term":[{"taxonomy":"category","embeddable":true,"href":"https:\/\/fmamiga909.com.ar\/index.php?rest_route=%2Fwp%2Fv2%2Fcategories&post=22894"},{"taxonomy":"post_tag","embeddable":true,"href":"https:\/\/fmamiga909.com.ar\/index.php?rest_route=%2Fwp%2Fv2%2Ftags&post=22894"}],"curies":[{"name":"wp","href":"https:\/\/api.w.org\/{rel}","templated":true}]}}