{"id":22896,"date":"2025-08-01T10:59:35","date_gmt":"2025-08-01T10:59:35","guid":{"rendered":"https:\/\/fmamiga909.com.ar\/?p=22896"},"modified":"2025-08-01T10:59:35","modified_gmt":"2025-08-01T10:59:35","slug":"formula-1-franco-colapinto-prueba-su-alpine-en-el-gran-premio-de-hungria","status":"publish","type":"post","link":"https:\/\/fmamiga909.com.ar\/?p=22896","title":{"rendered":"F\u00f3rmula 1: Franco Colapinto prueba su Alpine en el Gran Premio de Hungr\u00eda"},"content":{"rendered":"<div id=\"post-0700\">\n<div class=\"col 2-col\">\n<h2>Colapinto frente al espejo en la previa al GP de Hungr\u00eda\u00a0<\/h2>\n<p>El piloto argentino Franco Colapinto podr\u00eda tener su \u00faltima oportunidad en la escuder\u00eda francesa Alpine este fin de semana, durante el Gran Premio de Hungr\u00eda. Es que el joven pilarense, de solo 22 a\u00f1os, est\u00e1 teniendo un 2025 para el olvido luego de lo que hab\u00eda sido su gran aparici\u00f3n en Williams durante 2024.<\/p>\n<p>En los siete Grandes Premios que disput\u00f3 esta temporada, Colapinto solo pudo cosechar como mejor resultado el decimotercer puesto obtenido tanto en el GP de M\u00f3naco como en el de Canad\u00e1. Adem\u00e1s, termin\u00f3 15\u00b0 en Espa\u00f1a y Austria, 16\u00b0 en Emilia-Roma\u00f1a, 19\u00b0 el \u00faltimo fin de semana en B\u00e9lgica y no pudo largar en Gran Breta\u00f1a.<\/p>\n<p>De los 21 pilotos que participaron en alg\u00fan Gran Premio esta temporada, Colapinto y el australiano Jack Doohan fueron los \u00fanicos que todav\u00eda no puntuaron. A este \u00faltimo le bajaron el pulgar en Alpine luego de seis Grandes Premios para subir en su lugar justamente al argentino.<\/p>\n<h3><b><a href=\"https:\/\/www.pagina12.com.ar\/845666-formula-1-colapinto-frente-al-espejo-en-la-previa-al-gp-de-h\">Le\u00e9 la nota completa<\/a><\/b><\/h3>\n<\/div>\n<\/div>\n<p><a href=\"https:\/\/www.pagina12.com.ar\/846416-formula-1-franco-colapinto-prueba-su-alpine-en-el-gran-premi\">source<\/a><\/p>\n","protected":false},"excerpt":{"rendered":"<p>Colapinto frente al espejo en la previa al GP de Hungr\u00eda\u00a0 El piloto argentino Franco&#8230;<\/p>\n","protected":false},"author":3,"featured_media":22897,"comment_status":"closed","ping_status":"closed","sticky":false,"template":"","format":"standard","meta":{"footnotes":""},"categories":[21],"tags":[],"class_list":["post-22896","post","type-post","status-publish","format-standard","has-post-thumbnail","hentry","category-deportes"],"featured_image_urls":{"full":["https:\/\/fmamiga909.com.ar\/wp-content\/uploads\/2025\/08\/wp-header-logo-3.png",960,540,false],"thumbnail":["https:\/\/fmamiga909.com.ar\/wp-content\/uploads\/2025\/08\/wp-header-logo-3-150x150.png",150,150,true],"medium":["https:\/\/fmamiga909.com.ar\/wp-content\/uploads\/2025\/08\/wp-header-logo-3-300x169.png",300,169,true],"medium_large":["https:\/\/fmamiga909.com.ar\/wp-content\/uploads\/2025\/08\/wp-header-logo-3.png",960,540,false],"large":["https:\/\/fmamiga909.com.ar\/wp-content\/uploads\/2025\/08\/wp-header-logo-3.png",640,360,false],"1536x1536":["https:\/\/fmamiga909.com.ar\/wp-content\/uploads\/2025\/08\/wp-header-logo-3.png",960,540,false],"2048x2048":["https:\/\/fmamiga909.com.ar\/wp-content\/uploads\/2025\/08\/wp-header-logo-3.png",960,540,false],"newsium-slider-full":["https:\/\/fmamiga909.com.ar\/wp-content\/uploads\/2025\/08\/wp-header-logo-3.png",960,540,false],"newsium-featured":["https:\/\/fmamiga909.com.ar\/wp-content\/uploads\/2025\/08\/wp-header-logo-3.png",960,540,false],"newsium-medium":["https:\/\/fmamiga909.com.ar\/wp-content\/uploads\/2025\/08\/wp-header-logo-3-720x475.png",720,475,true]},"author_info":{"display_name":"Fredy Giuliano","author_link":"https:\/\/fmamiga909.com.ar\/?author=3"},"category_info":"<a href=\"https:\/\/fmamiga909.com.ar\/?cat=21\" rel=\"category\">Deportes<\/a>","tag_info":"Deportes","comment_count":"0","_links":{"self":[{"href":"https:\/\/fmamiga909.com.ar\/index.php?rest_route=\/wp\/v2\/posts\/22896","targetHints":{"allow":["GET"]}}],"collection":[{"href":"https:\/\/fmamiga909.com.ar\/index.php?rest_route=\/wp\/v2\/posts"}],"about":[{"href":"https:\/\/fmamiga909.com.ar\/index.php?rest_route=\/wp\/v2\/types\/post"}],"author":[{"embeddable":true,"href":"https:\/\/fmamiga909.com.ar\/index.php?rest_route=\/wp\/v2\/users\/3"}],"replies":[{"embeddable":true,"href":"https:\/\/fmamiga909.com.ar\/index.php?rest_route=%2Fwp%2Fv2%2Fcomments&post=22896"}],"version-history":[{"count":0,"href":"https:\/\/fmamiga909.com.ar\/index.php?rest_route=\/wp\/v2\/posts\/22896\/revisions"}],"wp:featuredmedia":[{"embeddable":true,"href":"https:\/\/fmamiga909.com.ar\/index.php?rest_route=\/wp\/v2\/media\/22897"}],"wp:attachment":[{"href":"https:\/\/fmamiga909.com.ar\/index.php?rest_route=%2Fwp%2Fv2%2Fmedia&parent=22896"}],"wp:term":[{"taxonomy":"category","embeddable":true,"href":"https:\/\/fmamiga909.com.ar\/index.php?rest_route=%2Fwp%2Fv2%2Fcategories&post=22896"},{"taxonomy":"post_tag","embeddable":true,"href":"https:\/\/fmamiga909.com.ar\/index.php?rest_route=%2Fwp%2Fv2%2Ftags&post=22896"}],"curies":[{"name":"wp","href":"https:\/\/api.w.org\/{rel}","templated":true}]}}