{"id":22902,"date":"2025-08-01T16:18:40","date_gmt":"2025-08-01T16:18:40","guid":{"rendered":"https:\/\/fmamiga909.com.ar\/?p=22902"},"modified":"2025-08-01T16:18:40","modified_gmt":"2025-08-01T16:18:40","slug":"mateo-majdalani-hay-mucha-gente-con-muchas-ganas-de-ganarnos","status":"publish","type":"post","link":"https:\/\/fmamiga909.com.ar\/?p=22902","title":{"rendered":"Mateo Majdalani: &quot;Hay mucha gente con muchas ganas de ganarnos&quot;"},"content":{"rendered":"<div><!-- Body --><\/p>\n<p>\u00abHaber conseguido la medalla no nos tiene que relajar, al contrario, hay mucha gente con muchas ganas de ganarnos\u00bb, afirma el regatista bonaerense  Mateo Majdalani quien, junto con Eugenia Bosco, gan\u00f3 la medalla de plata en la clase Nacra 17 de vela en los Juegos Ol\u00edmpicos de Francia 2024, und\u00e9cima medalla de la vela argentina \u20131 de oro, 5 de plata y 5 de bronce\u2013 en la historia de los Juegos Ol\u00edmpicos. \u00abEl haber conseguido una medalla genera un respeto por parte de otros equipos.  Hay ciertas cosas que quiz\u00e1s not\u00e1s en la cancha de regatas que te dan a entender eso, as\u00ed que es algo positivo sin duda\u00bb, agrega Majdalani, de 31 a\u00f1os, en esta entrevista exclusiva con <b>P\u00e1gina\/12 <\/b>a un a\u00f1o de conquistar la presea de plata en las aguas de Marsella, al tiempo que adelant\u00f3 que a Santiago Lange \u2013triple medallista ol\u00edmpico en vela\u2013 formar\u00e1 parte del equipo para aportar su experiencia.\u00a0<\/p>\n<p><b>\u2013\u00bfEs correcto afirmar que en el campeonato europeo de Tesal\u00f3nica, Grecia, de junio pasado, en el que finalizaron en el cuarto puesto, comenz\u00f3 su campa\u00f1a ol\u00edmpica para Los \u00c1ngeles 2028?<\/b><\/p>\n<p>\u2013S\u00ed, es correcto. Fue nuestra primera competencia oficial. Eso signific\u00f3 que un mes y medio antes de esa fecha nos pongamos a entrenar juntos arriba del barco. Fue un primer testeo al cual \u00edbamos sin expectativas, porque era dif\u00edcil saber d\u00f3nde \u00edbamos a estar con respecto a la flota, y nos fuimos con una muy buena sensaci\u00f3n. Estuvimos en el podio hasta la \u00faltima regata y con algunas conclusiones sobre lo que tenemos que trabajar, sobre c\u00f3mo est\u00e1 trabajando la flota y c\u00f3mo nosotros tenemos que acomodarnos a eso.<\/p>\n<p><b>\u2013Diego Maradona luego de alzar la Copa del Mundo dijo \u00abyo s\u00e9 lo que pesa. Muy pocos en el mundo lo saben\u00bb.  Ahora que sos medallista ol\u00edmpico sab\u00e9s lo que pesa la presea de plata. \u00bfQu\u00e9 te genera eso, m\u00e1s compromiso, temor de no poder hacerlo nuevamente?<\/b><\/p>\n<p>\u2013Est\u00e1 buena la pregunta. Yo creo que tiene como dos sentidos haber conseguido la medalla. Por un lado, una tranquilidad de saber que lo pudimos hacer y que nuevamente lo podemos hacer. Conseguimos algo que muchos deportistas entrenan toda su vida para conseguir y no lo hacen, as\u00ed que por ese lado una tranquilidad. Por otro lado, obviamente, aunque no lo hablemos, pone presi\u00f3n sobre el pr\u00f3ximo juego ol\u00edmpico. La expectativa tanto nuestra como de todas las personas que nos rodean es alta y hay que saber llevarlo. Yo siempre dije internamente en nuestro equipo que haber conseguido la medalla no nos tiene que relajar, al contrario, hay mucha gente con muchas ganas de ganarnos. As\u00ed que hay que redoblar las apuestas, redoblar los esfuerzos y no tomar nada por sentado.<\/p>\n<p><b>\u2013\u00bfAdvert\u00eds que la mirada hacia la dupla cambi\u00f3 por parte de los rivales a partir de la medalla en Marsella?<\/b><\/p>\n<p>\u2013Yo creo que s\u00ed.  El haber conseguido una medalla genera un respeto por parte de otros equipos. Al menos yo as\u00ed lo viv\u00eda cuando compet\u00eda contra otros medallistas antes de nuestra medalla, as\u00ed que supongo que un poco lo genera. Hay ciertas cosas que quiz\u00e1s not\u00e1s en la cancha de regatas que te dan a entender eso, as\u00ed que es algo positivo sin duda.\u00a0<\/p>\n<p><b>\u2013El a\u00f1o pasado, poco antes de los Juegos Ol\u00edmpicos, en una entrevista con <i>P\u00e1gina 12<\/i> expresaste: <i>\u00abJavier (por Conte, doble medallista ol\u00edmpico) es una parte fundamental en este proyecto. Trabaja con nosotros desde el 2022 y fue un cambio muy grande para nosotros. Nunca hab\u00edamos tenido un entrenador de esa talla. Lo que nos exige y el nivel de excelencia que pretende en nuestra preparaci\u00f3n es alt\u00edsimo. Y eso, sin duda, se refleja a la hora de competir\u00bb<\/i>.  Cambiaron de entrenador, \u00bfCu\u00e1les fueron las razones?<\/b><\/p>\n<p>\u2013En cuanto al cambio de entrenador creo que no hay una raz\u00f3n puntual. Este tipo de proyectos, de larga duraci\u00f3n, a veces necesitan un cambio de aire para mantenerse activos, para renovar un poco ciertas din\u00e1micas que se vuelven muy similares a lo largo del tiempo y cre\u00edmos que la mejor decisi\u00f3n era cambiar de entrenador. Creo que Javier hizo un trabajo espectacular con nosotros, es sin duda una gran parte de la medalla que obtuvimos. Pero eso no significa que sea la persona indicada para el equipo de cara al futuro. Hay ciertos cambios que generan una nueva energ\u00eda, y para mantener la motivaci\u00f3n y no quedar siempre en la misma metodolog\u00eda de trabajo, es necesario hacer este tipo de cambios.<\/p>\n<p><b>\u2013Hablando de no conformarse, dijiste hace poco que <i>\u00aba este barco podemos sacarle m\u00e1s jugo y es lo que me desvela\u201d<\/i>. \u00bfQu\u00e9 es sacar m\u00e1s jugo y a qu\u00e9 nivel te desvela?<\/b><\/p>\n<p>\u2013Este es un barco que \u00ab<i>foilea<\/i>\u00ab, que es algo bastante innovador dentro de la n\u00e1utica, es decir, que se eleva sobre el agua a trav\u00e9s de sus ap\u00e9ndices que se llaman <i>foils<\/i>. Y dentro de esa rama de la n\u00e1utica hay mucho por descubrir y a m\u00ed me sorprende c\u00f3mo hace ocho a\u00f1os que navegamos en este barco y hay muchos entrenamientos que volvemos y sentimos que descubrimos algo para que vaya m\u00e1s r\u00e1pido en cierta condici\u00f3n. As\u00ed que a m\u00ed me apasiona eso y creo que, en la b\u00fasqueda de esa perfecci\u00f3n, de siempre ir por m\u00e1s arriba del barco y el resultado pasa a ser una consecuencia. As\u00ed que nosotros de nuevo estamos muy inmersos en ese proceso en buscar todos los recursos posibles para para tener el barco m\u00e1s r\u00e1pido posible, que eso nos implica a nosotros y al barco. Va desde lo t\u00e9cnico hasta la b\u00fasqueda de material, hasta innovar con nuevas t\u00e9cnicas y siempre mejorar el feeling, que es interpretar qu\u00e9 es lo que necesita el barco para ir m\u00e1s r\u00e1pido en cada condici\u00f3n.Y para eso hay que tener mucha sensibilidad y hay que sentirse muy con conectado con el barco.<\/p>\n<p><b>\u2013\u00bfTe afect\u00f3 la exposici\u00f3n medi\u00e1tica que tuviste luego de la obtenci\u00f3n de la medalla en Francia? <\/b><\/p>\n<p>\u2013La exposici\u00f3n medi\u00e1tica no dir\u00eda que me afect\u00f3. Creo que es algo sobre todo positivo para nuestro deporte. Ese es el mensaje que m\u00e1s repito a la hora de participar de entrevistas o exposiciones medi\u00e1ticas. Yo soy un fan\u00e1tico, primero de nuestro deporte, del deporte en general, pero obviamente de la vela y creo que a trav\u00e9s de nuestra medalla la vela se puso en boca de muchas personas que no conocen el deporte.\u00a0<\/p>\n<p><b>\u2013\u00bfC\u00f3mo manejaste la denuncia por abuso sexual que realiz\u00f3 Eugenia  contra su exentrenador en la clase Optimist, cuando ten\u00eda once a\u00f1os?<\/b><\/p>\n<p>\u2013La denuncia de Eugenia obviamente me afect\u00f3 mucho, pero sacando de lado todo lo profesional. Me afect\u00f3 a nivel de amistad con Eugenia, que ya venimos formando hace tantos a\u00f1os. Es algo que yo me enter\u00e9 a la par que todo el mundo, no es que yo lo haya sabido desde antes. Obviamente, como a muchas personas, me dio una mezcla de bronca por la actitud del entrenador, mucha tristeza y pena por lo que tuvo que atravesar Eugenia, que realmente no me puedo imaginar cu\u00e1n duro es. Pero me alegro de que haya podido afrontar esta situaci\u00f3n con la madurez que lo hizo. Es todo lo que puedo decir. Es un tema muy complejo. Me me siento muy orgulloso de que Eugenia haya podido liderar una serie de denuncias contra esta persona.<\/p>\n<p><b>\u2013Santiago Lange, triple medallista ol\u00edmpico en vela, \u00bfcontinuar\u00e1 siendo figura de consulta para ustedes?<\/b><\/p>\n<p>\u2013S\u00ed, Santi Lange va a seguir siendo una fuente de consulta. La verdad que estamos en un muy buen momento de la relaci\u00f3n. Santiago es una de las personas que m\u00e1s conoce de la n\u00e1utica en general y tambi\u00e9n de este barco. As\u00ed que siempre es una fuente muy, muy confiable a la hora de tomar decisiones dif\u00edciles. Obviamente lo vamos a hacer parte de nuestro equipo. Fuimos parte de un proceso en el cual luch\u00e1bamos por lo mismo y gener\u00f3 tensiones obvias, pero eso no significa que hoy en d\u00eda no podamos dejar eso atr\u00e1s y mantengamos una gran relaci\u00f3n, que tiene muchos m\u00e1s a\u00f1os que los de tensi\u00f3n que tuvimos en el medio por el selectivo ol\u00edmpico.<\/p>\n<p><b>\u2013Fuiste padre por primera vez, \u00bfen qu\u00e9 te cambi\u00f3 en tu relaci\u00f3n con el deporte?<\/b><\/p>\n<p>\u2013Sin duda ser padre me cambi\u00f3 en el deporte y en la vida en general. Por lo pronto te digo que duermo mucho menos. Por suerte ahora, ya con los meses, se le est\u00e1 normalizando el sue\u00f1o, pero bueno, es un gran esfuerzo en mi casa, que, en realidad, la principal trabajadora de ese esfuerzo es mi mujer, Paula, que es la que m\u00e1s cuida de Milo y la que est\u00e1 todo el tiempo. Creo que te da otra madurez, otra mirada de ciertas cosas y a m\u00ed en lo personal me hace aprovechar mucho el tiempo que estoy entrenando, que estoy en el gimnasio o en el barco. Porque tambi\u00e9n tengo que estar bastante en casa, as\u00ed que me hace valorar y estar m\u00e1s presente. Tambi\u00e9n sue\u00f1o con poder transmitir estos valores del deporte a mi hijo y practicar deporte con \u00e9l. No quiere decir que quiero que \u00e9l compita ni nada, pero me encantar\u00eda poder practicar deporte con \u00e9l y mostrarle este mundo.<\/p>\n<p><b>\u2013Ustedes, por la medalla y los sponsors, tienen un respaldo considerable para afrontar una nueva campa\u00f1a ol\u00edmpica. \u00bfC\u00f3mo es la realidad del resto de los velistas?<\/b><\/p>\n<p>\u2013S\u00ed, obviamente nuestra realidad por haber obtenido la medalla no es la misma que la de muchos deportistas argentinos. Como siempre ha pasado en Argentina, no es f\u00e1cil, el presupuesto es acotado y son muchas las disciplinas ol\u00edmpicas, cada vez son m\u00e1s y cada vez son m\u00e1s complejas y completas las preparaciones, as\u00ed que hoy en d\u00eda para destacarse hay que, no s\u00f3lo tener las cualidades, sino tener una estructura atr\u00e1s que acompa\u00f1e. Yo espero que eso pueda suceder en los deportes donde Argentina tiene talento. La vela creo que est\u00e1 mejorando en este sentido, se les est\u00e1n dando oportunidades a un mont\u00f3n de chicos y eso es muy positivo.<\/p>\n<p><!-- Live Blog Post --><\/div>\n<p><a href=\"https:\/\/www.pagina12.com.ar\/846508-mateo-majdalani-hay-mucha-gente-con-muchas-ganas-de-ganarnos\">source<\/a><\/p>\n","protected":false},"excerpt":{"rendered":"<p>\u00abHaber conseguido la medalla no nos tiene que relajar, al contrario, hay mucha gente con&#8230;<\/p>\n","protected":false},"author":3,"featured_media":22903,"comment_status":"closed","ping_status":"closed","sticky":false,"template":"","format":"standard","meta":{"footnotes":""},"categories":[21],"tags":[],"class_list":["post-22902","post","type-post","status-publish","format-standard","has-post-thumbnail","hentry","category-deportes"],"featured_image_urls":{"full":["https:\/\/fmamiga909.com.ar\/wp-content\/uploads\/2025\/08\/wp-header-logo-6.png",960,540,false],"thumbnail":["https:\/\/fmamiga909.com.ar\/wp-content\/uploads\/2025\/08\/wp-header-logo-6-150x150.png",150,150,true],"medium":["https:\/\/fmamiga909.com.ar\/wp-content\/uploads\/2025\/08\/wp-header-logo-6-300x169.png",300,169,true],"medium_large":["https:\/\/fmamiga909.com.ar\/wp-content\/uploads\/2025\/08\/wp-header-logo-6.png",960,540,false],"large":["https:\/\/fmamiga909.com.ar\/wp-content\/uploads\/2025\/08\/wp-header-logo-6.png",640,360,false],"1536x1536":["https:\/\/fmamiga909.com.ar\/wp-content\/uploads\/2025\/08\/wp-header-logo-6.png",960,540,false],"2048x2048":["https:\/\/fmamiga909.com.ar\/wp-content\/uploads\/2025\/08\/wp-header-logo-6.png",960,540,false],"newsium-slider-full":["https:\/\/fmamiga909.com.ar\/wp-content\/uploads\/2025\/08\/wp-header-logo-6.png",960,540,false],"newsium-featured":["https:\/\/fmamiga909.com.ar\/wp-content\/uploads\/2025\/08\/wp-header-logo-6.png",960,540,false],"newsium-medium":["https:\/\/fmamiga909.com.ar\/wp-content\/uploads\/2025\/08\/wp-header-logo-6-720x475.png",720,475,true]},"author_info":{"display_name":"Fredy Giuliano","author_link":"https:\/\/fmamiga909.com.ar\/?author=3"},"category_info":"<a href=\"https:\/\/fmamiga909.com.ar\/?cat=21\" rel=\"category\">Deportes<\/a>","tag_info":"Deportes","comment_count":"0","_links":{"self":[{"href":"https:\/\/fmamiga909.com.ar\/index.php?rest_route=\/wp\/v2\/posts\/22902","targetHints":{"allow":["GET"]}}],"collection":[{"href":"https:\/\/fmamiga909.com.ar\/index.php?rest_route=\/wp\/v2\/posts"}],"about":[{"href":"https:\/\/fmamiga909.com.ar\/index.php?rest_route=\/wp\/v2\/types\/post"}],"author":[{"embeddable":true,"href":"https:\/\/fmamiga909.com.ar\/index.php?rest_route=\/wp\/v2\/users\/3"}],"replies":[{"embeddable":true,"href":"https:\/\/fmamiga909.com.ar\/index.php?rest_route=%2Fwp%2Fv2%2Fcomments&post=22902"}],"version-history":[{"count":0,"href":"https:\/\/fmamiga909.com.ar\/index.php?rest_route=\/wp\/v2\/posts\/22902\/revisions"}],"wp:featuredmedia":[{"embeddable":true,"href":"https:\/\/fmamiga909.com.ar\/index.php?rest_route=\/wp\/v2\/media\/22903"}],"wp:attachment":[{"href":"https:\/\/fmamiga909.com.ar\/index.php?rest_route=%2Fwp%2Fv2%2Fmedia&parent=22902"}],"wp:term":[{"taxonomy":"category","embeddable":true,"href":"https:\/\/fmamiga909.com.ar\/index.php?rest_route=%2Fwp%2Fv2%2Fcategories&post=22902"},{"taxonomy":"post_tag","embeddable":true,"href":"https:\/\/fmamiga909.com.ar\/index.php?rest_route=%2Fwp%2Fv2%2Ftags&post=22902"}],"curies":[{"name":"wp","href":"https:\/\/api.w.org\/{rel}","templated":true}]}}