{"id":22930,"date":"2025-08-02T17:12:43","date_gmt":"2025-08-02T17:12:43","guid":{"rendered":"https:\/\/fmamiga909.com.ar\/?p=22930"},"modified":"2025-08-02T17:12:43","modified_gmt":"2025-08-02T17:12:43","slug":"franco-colapinto-largara-14o-en-el-gp-de-hungria-de-formula-1","status":"publish","type":"post","link":"https:\/\/fmamiga909.com.ar\/?p=22930","title":{"rendered":"Franco Colapinto largar\u00e1 14\u00ba en el GP de Hungr\u00eda de F\u00f3rmula 1"},"content":{"rendered":"<div id=\"post-1336\">\n<div class=\"col 2-col\">\n<h2>Colapinto: \u00abHay que seguir laburando, pero tengo que decir que fue un buen d\u00eda\u00bb<\/h2>\n<p>Luego de la Clasificaci\u00f3n del Gran Premio de Hungr\u00eda, el piloto argentino Franco Colapinto mostr\u00f3 su <b>entusiasmo por su largada desde el puesto 14<\/b> de cara a la carrera principal de este fin de semana, pero expres\u00f3 una cr\u00edtica en contra de su monoplaza. <\/p>\n<p>En el arranque de su declaraci\u00f3n, Colapinto dijo contento que fue una buena Qualy. \u201cCreo que dimos un paso en algunas cosas que entendimos del auto que tambi\u00e9n la empez\u00f3 a usar Pierre Gasly despu\u00e9s de ayer que tuve un buen ritmo&#8230; hay que seguir laburando, pero obviamente tengo que decir que fue un buen d\u00eda\u201d, manifest\u00f3 el competidor de 22 a\u00f1os. <\/p>\n<p>\u201cBien en la FP3, dimos un pasito. Despu\u00e9s en la Q1 hice dos vueltas muy buenas. En la Q2 no tuve grip, no s\u00e9 bien que pas\u00f3, es como que el auto se desconecta un poco y perdemos grip y nos cuesta toda la vuelta\u201d, expres\u00f3 el corredor de la escuder\u00eda Alpine. <\/p>\n<p>Por otra parte, en su an\u00e1lisis no solo resalt\u00f3 las cosas positivas, el pilarense manifest\u00f3 descontento con su monoplaza, la misma ven\u00eda arrastrando una serie de inconvenientes que lo perjudicaron. \u201cPasamos de un auto que se sent\u00eda bien&#8230; a un auto que de nuevo es dif\u00edcil de manejar. Es un poco inconsistente y creo que eso es lo que m\u00e1s me est\u00e1 costando, pero hay que seguir trabajando\u201d, explic\u00f3 Franco Colapinto.<\/p>\n<\/div>\n<\/div>\n<div id=\"post-1208\">\n<div class=\"col 2-col\">\n<h2>Leclerc consigui\u00f3 la pole en Hungr\u00eda\u00a0<\/h2>\n<p>El piloto monegasco Charles Leclerc <b>sorprendi\u00f3 a todos con una tremenda vuelta de 1:15,372 para conseguir la pole position a bordo de su Ferrari<\/b>. Los McLaren de Oscar Piastri y Lando Norris largar\u00e1n segundo y tercero, respectivamente, en el Gran Premio de Hugr\u00eda que se correr\u00e1 ma\u00f1ana.<\/p>\n<p>En cuarta posici\u00f3n largar\u00e1 George Russell con Mercedes,<b> seguido por el Aston Martin de Fernando Alonso<\/b>.\u00a0<\/p>\n<p>El campe\u00f3n del mundo, Max Verstappen, <b>saldr\u00e1 octavo con su Red Bull<\/b>, mientras que Lewis Hamilton (Ferrari), lo har\u00e1 en und\u00e9cima posici\u00f3n.\u00a0<\/p>\n<p><b>Franco Colapinto saldr\u00e1 14\u00ba<\/b>, por delante de su compa\u00f1ero de Alpine, Pierre Gasly, que se ubic\u00f3 en 17\u00ba posici\u00f3n en la grilla de largada.<\/p>\n<\/div>\n<\/div>\n<div id=\"post-1203\">\n<div class=\"col 2-col\">\n<h2>Colapinto gan\u00f3 una posici\u00f3n por una sanci\u00f3n a Antonelli y largar\u00e1 14\u00ba<\/h2>\n<p>Franco Colapinto tuvo este s\u00e1bado una positiva clasificaci\u00f3n en el Gran Premio de Hungr\u00eda de F\u00f3rmula 1:<b> largar\u00e1 desde la 14\u00aa posici\u00f3n, tres puestos por delante de su compa\u00f1ero de Alpine, Pierre Gasly, que lo har\u00e1 en 17\u00ba lugar.<\/b><\/p>\n<p>El argentino super\u00f3 con lo justo la Q1, que le permiti\u00f3 meterse entre los 15 que participar\u00edan de la Q2. Ya en la segunda tanda clasificatoria Colapinto<b> no pudo registrar un buen tiempo, primero porque le anularon la vuelta <\/b>y despu\u00e9s por un flojo registro que lo hab\u00eda hecho terminar 15\u00b0.<\/p>\n<p>Sin embargo, termin\u00f3 subiendo una posici\u00f3n debido a que tambi\u00e9n<b> le anularon el tiempo al italiano Kimi Antonelli (Mercedes)<\/b>.<\/p>\n<\/div>\n<\/div>\n<div id=\"post-1143\">\n<div class=\"col 2-col\">\n<h2>Colapinto clasific\u00f3 en el puesto 15<\/h2>\n<p>Tras una primera salida fallida, en la cual le anularon el tiempo realizado por exceder los l\u00edmites de pista, el argentino mejor\u00f3 su tiempo con respecto a la Q1 pero no lo suficiente para ganar posiciones. Finalmente termin\u00f3 la clasificaci\u00f3n en el puesto 15.<\/p>\n<\/div>\n<\/div>\n<div id=\"post-1129\">\n<div class=\"col 2-col\">\n<h2>Ya est\u00e1 en marcha la Q2<\/h2>\n<p>Los 15 pilotos que pasaron el corte de la primera tanda clasificatoria empiezan a salir a la pista para marcar los primeros registros de la Q2.<\/p>\n<\/div>\n<\/div>\n<div id=\"post-1120\">\n<div class=\"col 2-col\">\n<h2>Colapinto pas\u00f3 a la Q2<\/h2>\n<p>El argentino consigui\u00f3 por primera vez con Alpine pasar a la segunda tanda de clasificaci\u00f3n. Termin\u00f3 la Q1 en el puesto 15, superando una vez m\u00e1s a Gasly que ma\u00f1ana largar\u00e1 la carrera detr\u00e1s suyo.<\/p>\n<\/div>\n<\/div>\n<div id=\"post-1110\">\n<div class=\"col 2-col\">\n<h2>Buen comienzo de Colapinto<\/h2>\n<p>El joven piloto de Pilar qued\u00f3 en la 10\u00ba posici\u00f3n con su primera vuelta cronometrada en la Q3. Volvi\u00f3 a relegar a Gasly. El primer giro genera expectativas sobre un posible paso a la pr\u00f3xima tanda de clasificaci\u00f3n.<\/p>\n<\/div>\n<\/div>\n<p><a href=\"https:\/\/www.pagina12.com.ar\/846711-colapinto-en-la-formula-1-por-el-gp-de-hungria-la-clasificac\">source<\/a><\/p>\n","protected":false},"excerpt":{"rendered":"<p>Colapinto: \u00abHay que seguir laburando, pero tengo que decir que fue un buen d\u00eda\u00bb Luego&#8230;<\/p>\n","protected":false},"author":3,"featured_media":22931,"comment_status":"closed","ping_status":"closed","sticky":false,"template":"","format":"standard","meta":{"footnotes":""},"categories":[21],"tags":[],"class_list":["post-22930","post","type-post","status-publish","format-standard","has-post-thumbnail","hentry","category-deportes"],"featured_image_urls":{"full":["https:\/\/fmamiga909.com.ar\/wp-content\/uploads\/2025\/08\/wp-header-logo-20.png",960,540,false],"thumbnail":["https:\/\/fmamiga909.com.ar\/wp-content\/uploads\/2025\/08\/wp-header-logo-20-150x150.png",150,150,true],"medium":["https:\/\/fmamiga909.com.ar\/wp-content\/uploads\/2025\/08\/wp-header-logo-20-300x169.png",300,169,true],"medium_large":["https:\/\/fmamiga909.com.ar\/wp-content\/uploads\/2025\/08\/wp-header-logo-20.png",960,540,false],"large":["https:\/\/fmamiga909.com.ar\/wp-content\/uploads\/2025\/08\/wp-header-logo-20.png",640,360,false],"1536x1536":["https:\/\/fmamiga909.com.ar\/wp-content\/uploads\/2025\/08\/wp-header-logo-20.png",960,540,false],"2048x2048":["https:\/\/fmamiga909.com.ar\/wp-content\/uploads\/2025\/08\/wp-header-logo-20.png",960,540,false],"newsium-slider-full":["https:\/\/fmamiga909.com.ar\/wp-content\/uploads\/2025\/08\/wp-header-logo-20.png",960,540,false],"newsium-featured":["https:\/\/fmamiga909.com.ar\/wp-content\/uploads\/2025\/08\/wp-header-logo-20.png",960,540,false],"newsium-medium":["https:\/\/fmamiga909.com.ar\/wp-content\/uploads\/2025\/08\/wp-header-logo-20-720x475.png",720,475,true]},"author_info":{"display_name":"Fredy Giuliano","author_link":"https:\/\/fmamiga909.com.ar\/?author=3"},"category_info":"<a href=\"https:\/\/fmamiga909.com.ar\/?cat=21\" rel=\"category\">Deportes<\/a>","tag_info":"Deportes","comment_count":"0","_links":{"self":[{"href":"https:\/\/fmamiga909.com.ar\/index.php?rest_route=\/wp\/v2\/posts\/22930","targetHints":{"allow":["GET"]}}],"collection":[{"href":"https:\/\/fmamiga909.com.ar\/index.php?rest_route=\/wp\/v2\/posts"}],"about":[{"href":"https:\/\/fmamiga909.com.ar\/index.php?rest_route=\/wp\/v2\/types\/post"}],"author":[{"embeddable":true,"href":"https:\/\/fmamiga909.com.ar\/index.php?rest_route=\/wp\/v2\/users\/3"}],"replies":[{"embeddable":true,"href":"https:\/\/fmamiga909.com.ar\/index.php?rest_route=%2Fwp%2Fv2%2Fcomments&post=22930"}],"version-history":[{"count":0,"href":"https:\/\/fmamiga909.com.ar\/index.php?rest_route=\/wp\/v2\/posts\/22930\/revisions"}],"wp:featuredmedia":[{"embeddable":true,"href":"https:\/\/fmamiga909.com.ar\/index.php?rest_route=\/wp\/v2\/media\/22931"}],"wp:attachment":[{"href":"https:\/\/fmamiga909.com.ar\/index.php?rest_route=%2Fwp%2Fv2%2Fmedia&parent=22930"}],"wp:term":[{"taxonomy":"category","embeddable":true,"href":"https:\/\/fmamiga909.com.ar\/index.php?rest_route=%2Fwp%2Fv2%2Fcategories&post=22930"},{"taxonomy":"post_tag","embeddable":true,"href":"https:\/\/fmamiga909.com.ar\/index.php?rest_route=%2Fwp%2Fv2%2Ftags&post=22930"}],"curies":[{"name":"wp","href":"https:\/\/api.w.org\/{rel}","templated":true}]}}