{"id":22932,"date":"2025-08-02T21:31:28","date_gmt":"2025-08-02T21:31:28","guid":{"rendered":"https:\/\/fmamiga909.com.ar\/?p=22932"},"modified":"2025-08-02T21:31:28","modified_gmt":"2025-08-02T21:31:28","slug":"mario-moccia-queremos-dar-respuesta-a-las-necesidades-de-los-atletas","status":"publish","type":"post","link":"https:\/\/fmamiga909.com.ar\/?p=22932","title":{"rendered":"Mario Moccia: &quot;Queremos dar respuesta a las necesidades de los atletas&quot;"},"content":{"rendered":"<div><!-- Body --><\/p>\n<p>El deporte argentino contin\u00faa en <b>la b\u00fasqueda de la consolidaci\u00f3n,<\/b> sobre todo por la indiferencia que recibe de parte de los gobiernos de turno. El tiempo no ha sido un buen aliado en ese aspecto, y desde las instituciones siguen insistiendo con una <b>distribuci\u00f3n m\u00e1s equitativa.<\/b><\/p>\n<p>El Comit\u00e9 Ol\u00edmpico (COA) inici\u00f3 una nueva etapa, con la reelecci\u00f3n de su presidente, <b>Mario Moccia,<\/b> quien dialog\u00f3 con <b>P\u00e1gina\/12<\/b> para dejar en claro la estrategia que aplicar\u00e1 para lograr aquel fortalecimiento.<\/p>\n<p><b>-Se inici\u00f3 su segundo mandato al frente del COA, \u00bflogr\u00f3 cumplir los objetivos que se propuso durante el primer per\u00edodo?<\/b><\/p>\n<p>-Se hicieron muchas cosas en estos cuatro a\u00f1os. El proceso electoral lo adelantamos a julio porque en agosto tenemos los Juegos Panamericanos Junior en Asunci\u00f3n (se inician el s\u00e1bado pr\u00f3ximo), y en septiembre los Argentinos de Alto Rendimiento (JADAR) en Santa Fe. Se hac\u00eda muy dif\u00edcil realizar el proceso eleccionario durante esos eventos. La verdad, estoy muy satisfecho con lo que se realiz\u00f3 hasta ac\u00e1: se hab\u00edan planteado una serie de objetivos de nuestra gesti\u00f3n y los hemos trabajado todos.<\/p>\n<p><b>-\u00bfCu\u00e1les eran esas metas?<\/b><\/p>\n<p>-Se puso en valor nuestra sede, con motivo de los 100 a\u00f1os del Comit\u00e9 Ol\u00edmpico Argentino. Se mejor\u00f3 el museo ol\u00edmpico, con im\u00e1genes y tecnolog\u00eda que no ten\u00eda, y con el honor de tener presente al expresidente del Comit\u00e9 Internacional (COI) Thomas Bach. Se avanz\u00f3 mucho con la federalizaci\u00f3n de la gesti\u00f3n, e interactuamos hoy con todas las provincias del pa\u00eds. A eso le sumamos varios programas: la celebraci\u00f3n del D\u00eda Ol\u00edmpico, los Juegos de Alto Rendimiento Deportivo en Rosario, cursos y capacitaciones en distintos temas como administraci\u00f3n deportiva, gesti\u00f3n y planeamiento. Estoy contento, y creo que toda la comunidad deportiva est\u00e1 conforme.<\/p>\n<p><b>-\u00bfTiene algo pendiente por hacer todav\u00eda?<\/b><\/p>\n<p>-S\u00ed seguro. En primer lugar, profundizar lo que venimos haciendo, porque estamos trabajando con algunos temas estrat\u00e9gicos como son el cuidado ambiental a trav\u00e9s del deporte, en todo lo que hace a la sostenibilidad, y la concientizaci\u00f3n de la importancia que tiene el cuidado de la causa com\u00fan de nuestro planeta. Nosotros estamos en marcha con un tema que se lanz\u00f3 el a\u00f1o pasado, que es el Observatorio Nacional de Lucha contra el Sedentarismo, ya que entendemos que hay que concientizar que el sedentarismo mata, que es un flagelo, y que la actividad f\u00edsica y el deporte son el mejor remedio para la salud. Eso est\u00e1 al alcance de cada uno, y eso lo estamos trabajando en todo el pa\u00eds con el \u00e1rea educativa, con el \u00e1rea de deporte, con las federaciones, con la Fundaci\u00f3n Favaloro y con la Cruz Roja. En esa direcci\u00f3n estamos.<\/p>\n<p><b>-\u00bfQu\u00e9 pol\u00edtica aplican para los nuevos deportes, como los urbanos?<\/b><\/p>\n<p>-Los deportes urbanos llegaron con fuerza y para quedarse, y ya integran el programa ol\u00edmpico. Esas disciplinas se van proyectando y desarrollando a lo largo del pa\u00eds. Est\u00e1n el skate, el b\u00e1squet 3&#215;3, la escalada, el breakdance y hasta los e-sports (deportes electr\u00f3nicos). Nadie se hubiera imaginado hace unos a\u00f1os que \u00edbamos a tener Juegos Ol\u00edmpicos virtuales. A m\u00ed me parece incre\u00edble siendo profesor de Educaci\u00f3n F\u00edsica, pero es la realidad que tenemos que administrar y gestionar.<\/p>\n<div class=\"medium-insert-embeds\">\n<figure>\n<div class=\"medium-insert-embed\">\n<div align=\"center\">\n<figure role=\"group\" class=\"caption caption-drupal-entity\"><figcaption>\u00abQueremos profundizar lo que venimos haciendo\u00bb, dijo Moccia. Imagen: Alejandro Leiva.<\/figcaption><\/figure>\n<\/div><\/div>\n<\/figure>\n<\/div>\n<p><b>-Desde fines de abril le toca presidir tambi\u00e9n el Ente Nacional de Alto Rendimiento (Enard). \u00bfSe buscar\u00e1 ah\u00ed recuperar la autarqu\u00eda que se viene reclamando?<\/b><\/p>\n<p>-S\u00ed. Me toc\u00f3 ahora asumir la presidencia, que es de manera alternativa con la Secretar\u00eda de Deportes. El objetivo all\u00ed es, primero seguir trabajando en equipo, con el COA y la Secretar\u00eda, los que componen el Enard; y segundo poder dar respuesta a las necesidades de nuestros atletas, que es algo prioritario. Eso genera un gran esfuerzo, porque el presupuesto hoy est\u00e1 acotado, y tenemos que optimizar al m\u00e1ximo los recursos que tenemos para poder asistir de la mejor manera las necesidades.<\/p>\n<p><b>-\u00bfQu\u00e9 herramientas van a poner en marcha para aumentar ese presupuesto?<\/b><\/p>\n<p>-El presupuesto no es el que uno quisiera tener, por eso tambi\u00e9n estamos haciendo una gesti\u00f3n paralela para poder recuperar el 1% del total de la facturaci\u00f3n de la telefon\u00eda m\u00f3vil. El tema es complejo. Estuvimos reunidos en el Congreso con la Comisi\u00f3n de Deportes planteando la problem\u00e1tica. Inclusive, me reun\u00ed con los presidentes de todos los bloques para pedirles el apoyo para volver a contar con ese porcentaje. Nosotros entendemos que es fundamental, que el deporte de alto rendimiento vuelva a tener esa asignaci\u00f3n directa, para poder gestionar de una manera m\u00e1s eficiente. Tenemos claro que lleva tiempo, porque tiene que tratarse, aprobarse, pasar a presupuesto, luego pasar a recinto, despu\u00e9s ir al Senado, y finalmente confirmarse o no.<\/p>\n<p><b>-\u00bfPor qu\u00e9 los gobiernos siempre toman distancia del deporte?<\/b><\/p>\n<p>-Uno cree que no est\u00e1 entre las prioridades de la agenda. El deporte est\u00e1 presente siempre, por algo hay una estructura deportiva. Pero entiendo que hay otros temas que van por delante, y no s\u00f3lo del deporte, tambi\u00e9n de otras \u00e1reas. Refiri\u00e9ndome al deporte, tal vez no se visualiza la importancia que tiene como instrumento estrat\u00e9gico para el desarrollo de la sociedad. No s\u00f3lo del alto rendimiento, sino de todo lo que el deporte aporta de manera transversal. El deporte act\u00faa con la educaci\u00f3n, la salud, con la generaci\u00f3n de empleo, en infraestructura, en equipamiento, en indumentaria. Los eventos deportivos generan turismo receptivo, consumo en otras \u00e1reas.\u00a0<\/p>\n<p><b>-\u00bfC\u00f3mo atraen a las empresas privadas para que se sumen al deporte?<\/b><\/p>\n<p>-Es un momento particular de la Argentina. Hay empresas que se interesan por el deporte, y a ellas le transmitimos la importancia del mismo. Por ejemplo, durante los Juegos Ol\u00edmpicos hay un inter\u00e9s creciente, y las empresas se dan cuenta del valor que eso tiene. Cuando finalizan los Juegos eso se aplaca un poco. Por ese motivo, generamos otros productos como la Playa Ol\u00edmpica durante el verano, como propuesta para llevarle el deporte a la gente en la costa atl\u00e1ntica, con competencias, con acciones recreativas, con cuidado ambiental. A eso tambi\u00e9n apuntan los Juegos Argentinos de Alto Rendimiento (JADAR), integrados con el Comit\u00e9 Paral\u00edmpico, y generar un producto que hoy no existe. Eso tambi\u00e9n puede ser atractivo para las marcas que quieren ser parte.\u00a0\u00a0<\/p>\n<div class=\"medium-insert-embeds\">\n<figure>\n<div class=\"medium-insert-embed\">\n<div align=\"center\">\n<figure role=\"group\" class=\"caption caption-drupal-entity\"><figcaption>Moccia en su despacho personal del COA. Imagen: Alejandro Leiva.<\/figcaption><\/figure>\n<\/div><\/div>\n<\/figure>\n<\/div>\n<p><b>-En los dos Juegos m\u00e1s importantes que le toc\u00f3 estar al frente, los Ol\u00edmpicos 2024 y los Panamericanos 2023, \u00bfse colmaron sus expectativas?<\/b><\/p>\n<p>-Nos fue bien, tal vez no en la medida de lo que hubi\u00e9ramos esperado, por lo que es la transici\u00f3n que se va dando en varios deportes. Se dieron algunas situaciones que hicieron que no pudi\u00e9ramos mantener el quinto lugar en el medallero de los Panamericanos anteriores (Lima 2019), y en Santiago fuimos s\u00e9ptimos. En Par\u00eds fueron tres medallas (oro, plata y bronce) y mejoramos 20 posiciones (52\u00b0) a lo que fue el resultado de Tokio 2020 -se realizaron en 2021 por la pandemia-. Uno cree que tal vez el f\u00fatbol y el rugby seven eran candidatos a ganar medallas y por ciertas cosas no se pudo, y ah\u00ed hubieran sido cinco en lugar de tres.<\/p>\n<p><b>-\u00bfEn los Panamericanos Junior de Asunci\u00f3n se podr\u00e1 ver el potencial de Argentina entre las nuevas generaciones?<\/b><\/p>\n<p>-S\u00ed. Esas generaciones van a ser el recambio para los Juegos Ol\u00edmpicos de Los Angeles 2028 y Brisbane 2032. En Paraguay nos va a ir bien, porque hay una camada de chicos Sub 21 y Sub 23 con mucho potencial. Muchos de ellos vienen de los Juegos de la Juventud 2018 en Buenos Aires, y otros del programa de desarrollo que se lleva a cabo desde el Enard.\u00a0<\/p>\n<p><b>-\u00bfUstedes tratan de ver la experiencia de desarrollo ol\u00edmpico de otras naciones destacadas?<\/b><\/p>\n<p>-Claro, estuvimos observando lo que trabaj\u00f3 en su momento Espa\u00f1a, con un plan estrat\u00e9gico para el deporte en ese pa\u00eds. Tambi\u00e9n con otras experiencias que se desarrollan en otros pa\u00edses, y despu\u00e9s vemos si se puede adaptar en Argentina. Brasil tiene un caso muy puntual, porque ellos tienen la Loter\u00eda estadual, que aporta un porcentaje que va al Comit\u00e9 Ol\u00edmpico. Eso es mucha plata porque son 100 millones de d\u00f3lares, y ac\u00e1 no lo tenemos. Estados Unidos tiene otro funcionamiento. Igualmente, la mayor\u00eda depende del presupuesto del Estado.\u00a0<\/p>\n<p><b>-\u00bfQu\u00e9 innovaci\u00f3n tendr\u00e1 la primera edici\u00f3n de los Juegos de Alto Rendimiento (JADAR)?<\/b><\/p>\n<p>-Los Juegos ser\u00e1n del 9 al 14 de septiembre en Rosario, y ser\u00e1 una competencia nacional donde se integra el deporte ol\u00edmpico y paral\u00edmpico, con 63 disciplinas. La cita contar\u00e1 con los mejores atletas argentinos de cada una de las modalidades compitiendo por sus provincias. La particularidad es que cada provincia inscribe a los atletas que est\u00e1n dentro de un ranking, que los hace elegibles para los Suramericanos 2026. Es decir, estos son preparatorios para los Juegos de Santa Fe del a\u00f1o que viene. Van a estar los mejores, 3.500 atletas en total. La ciudad central ser\u00e1 Rosario, y tambi\u00e9n Santa Fe y Rafaela ser\u00e1n las otras que tendr\u00e1n competencias.\u00a0<\/p>\n<div class=\"medium-insert-embeds\">\n<figure>\n<div class=\"medium-insert-embed\">\n<div align=\"center\">\n<figure role=\"group\" class=\"caption caption-drupal-entity\"><figcaption>Moccia inici\u00f3 un nuevo mandato hasta octubre de 2029. Imagen: Alejandro Leiva.<\/figcaption><\/figure>\n<\/div><\/div><figcaption class=\"\"\/><\/figure>\n<\/div>\n<p><b>-\u00bfSe pondr\u00e1 a prueba algo en particular?<\/b><\/p>\n<p>-Lo que se har\u00e1 es probar la operaci\u00f3n de todas las sedes de competencia, un a\u00f1o antes de los Juegos. En lo deportivo, los seleccionados mostrar\u00e1n a los mejores para definir sus equipos para el a\u00f1o que viene.\u00a0<\/p>\n<p><b>-A un a\u00f1o de los Juegos de Par\u00eds, \u00bfqu\u00e9 fue lo que m\u00e1s lo impact\u00f3?<\/b><\/p>\n<p>-Me llena de orgullo lo de la ceremonia de apertura en la calle, porque de alguna manera nosotros fuimos los pioneros con los Juegos de la Juventud en 2018, con aquella fiesta en el Obelisco. Tambi\u00e9n destaco la elecci\u00f3n de un hombre y una mujer para ser abanderados, lo que hace a la igualdad de g\u00e9nero.\u00a0<\/p>\n<p><a href=\"\/cdn-cgi\/l\/email-protection\" class=\"__cf_email__\" data-cfemail=\"5a3b3e3f383f343f3e33392e33291a2a3b3d33343b6b6874393537743b28\">[email\u00a0protected]<\/a><\/p>\n<p><!-- Live Blog Post --><\/div>\n<p><a href=\"https:\/\/www.pagina12.com.ar\/846762-mario-moccia-queremos-dar-respuesta-a-las-necesidades-de-los\">source<\/a><\/p>\n","protected":false},"excerpt":{"rendered":"<p>El deporte argentino contin\u00faa en la b\u00fasqueda de la consolidaci\u00f3n, sobre todo por la indiferencia&#8230;<\/p>\n","protected":false},"author":3,"featured_media":22933,"comment_status":"closed","ping_status":"closed","sticky":false,"template":"","format":"standard","meta":{"footnotes":""},"categories":[21],"tags":[],"class_list":["post-22932","post","type-post","status-publish","format-standard","has-post-thumbnail","hentry","category-deportes"],"featured_image_urls":{"full":["https:\/\/fmamiga909.com.ar\/wp-content\/uploads\/2025\/08\/wp-header-logo-21.png",960,540,false],"thumbnail":["https:\/\/fmamiga909.com.ar\/wp-content\/uploads\/2025\/08\/wp-header-logo-21-150x150.png",150,150,true],"medium":["https:\/\/fmamiga909.com.ar\/wp-content\/uploads\/2025\/08\/wp-header-logo-21-300x169.png",300,169,true],"medium_large":["https:\/\/fmamiga909.com.ar\/wp-content\/uploads\/2025\/08\/wp-header-logo-21.png",960,540,false],"large":["https:\/\/fmamiga909.com.ar\/wp-content\/uploads\/2025\/08\/wp-header-logo-21.png",640,360,false],"1536x1536":["https:\/\/fmamiga909.com.ar\/wp-content\/uploads\/2025\/08\/wp-header-logo-21.png",960,540,false],"2048x2048":["https:\/\/fmamiga909.com.ar\/wp-content\/uploads\/2025\/08\/wp-header-logo-21.png",960,540,false],"newsium-slider-full":["https:\/\/fmamiga909.com.ar\/wp-content\/uploads\/2025\/08\/wp-header-logo-21.png",960,540,false],"newsium-featured":["https:\/\/fmamiga909.com.ar\/wp-content\/uploads\/2025\/08\/wp-header-logo-21.png",960,540,false],"newsium-medium":["https:\/\/fmamiga909.com.ar\/wp-content\/uploads\/2025\/08\/wp-header-logo-21-720x475.png",720,475,true]},"author_info":{"display_name":"Fredy Giuliano","author_link":"https:\/\/fmamiga909.com.ar\/?author=3"},"category_info":"<a href=\"https:\/\/fmamiga909.com.ar\/?cat=21\" rel=\"category\">Deportes<\/a>","tag_info":"Deportes","comment_count":"0","_links":{"self":[{"href":"https:\/\/fmamiga909.com.ar\/index.php?rest_route=\/wp\/v2\/posts\/22932","targetHints":{"allow":["GET"]}}],"collection":[{"href":"https:\/\/fmamiga909.com.ar\/index.php?rest_route=\/wp\/v2\/posts"}],"about":[{"href":"https:\/\/fmamiga909.com.ar\/index.php?rest_route=\/wp\/v2\/types\/post"}],"author":[{"embeddable":true,"href":"https:\/\/fmamiga909.com.ar\/index.php?rest_route=\/wp\/v2\/users\/3"}],"replies":[{"embeddable":true,"href":"https:\/\/fmamiga909.com.ar\/index.php?rest_route=%2Fwp%2Fv2%2Fcomments&post=22932"}],"version-history":[{"count":0,"href":"https:\/\/fmamiga909.com.ar\/index.php?rest_route=\/wp\/v2\/posts\/22932\/revisions"}],"wp:featuredmedia":[{"embeddable":true,"href":"https:\/\/fmamiga909.com.ar\/index.php?rest_route=\/wp\/v2\/media\/22933"}],"wp:attachment":[{"href":"https:\/\/fmamiga909.com.ar\/index.php?rest_route=%2Fwp%2Fv2%2Fmedia&parent=22932"}],"wp:term":[{"taxonomy":"category","embeddable":true,"href":"https:\/\/fmamiga909.com.ar\/index.php?rest_route=%2Fwp%2Fv2%2Fcategories&post=22932"},{"taxonomy":"post_tag","embeddable":true,"href":"https:\/\/fmamiga909.com.ar\/index.php?rest_route=%2Fwp%2Fv2%2Ftags&post=22932"}],"curies":[{"name":"wp","href":"https:\/\/api.w.org\/{rel}","templated":true}]}}