{"id":22952,"date":"2025-08-03T11:51:41","date_gmt":"2025-08-03T11:51:41","guid":{"rendered":"https:\/\/fmamiga909.com.ar\/?p=22952"},"modified":"2025-08-03T11:51:41","modified_gmt":"2025-08-03T11:51:41","slug":"franco-colapinto-hoy-en-el-gran-premio-de-hungria-la-formula-1-minuto-a-minuto","status":"publish","type":"post","link":"https:\/\/fmamiga909.com.ar\/?p=22952","title":{"rendered":"Franco Colapinto hoy en el Gran Premio de Hungr\u00eda: la F\u00f3rmula 1, minuto a minuto"},"content":{"rendered":"<div id=\"post-0845\">\n<div class=\"col 2-col\">\n<h2>El entusiasmo de Colapinto tras la clasificaci\u00f3n<\/h2>\n<p>Luego de la Clasificaci\u00f3n del Gran Premio de Hungr\u00eda, el piloto argentino Franco Colapinto mostr\u00f3 su entusiasmo por su largada desde el puesto 14 de cara a la carrera principal de este fin de semana, pero expres\u00f3 una cr\u00edtica en contra de su monoplaza.<\/p>\n<p>En el arranque de su declaraci\u00f3n, Colapinto dijo contento que fue una buena Qualy. \u201cCreo que dimos un paso en algunas cosas que entendimos del auto que tambi\u00e9n la empez\u00f3 a usar Pierre Gasly despu\u00e9s de ayer que tuve un buen ritmo&#8230; hay que seguir laburando, pero obviamente tengo que decir que fue un buen d\u00eda\u201d, manifest\u00f3 el competidor de 22 a\u00f1os.<\/p>\n<p>\u201cBien en la FP3, dimos un pasito. Despu\u00e9s en la Q1 hice dos vueltas muy buenas. En la Q2 no tuve grip, no s\u00e9 bien que pas\u00f3, es como que el auto se desconecta un poco y perdemos grip y nos cuesta toda la vuelta\u201d, expres\u00f3 el corredor de la escuder\u00eda Alpine.<\/p>\n<p>Por otra parte, en su an\u00e1lisis no solo resalt\u00f3 las cosas positivas, el pilarense manifest\u00f3 descontento con su monoplaza, la misma ven\u00eda arrastrando una serie de inconvenientes que lo perjudicaron. \u201cPasamos de un auto que se sent\u00eda bien&#8230; a un auto que de nuevo es dif\u00edcil de manejar. Es un poco inconsistente y creo que eso es lo que m\u00e1s me est\u00e1 costando, pero hay que seguir trabajando\u201d, explic\u00f3 Franco Colapinto.<\/p>\n<\/div>\n<\/div>\n<p><a href=\"https:\/\/www.pagina12.com.ar\/846883-franco-colapinto-hoy-en-el-gran-premio-de-hungria-la-formula\">source<\/a><\/p>\n","protected":false},"excerpt":{"rendered":"<p>El entusiasmo de Colapinto tras la clasificaci\u00f3n Luego de la Clasificaci\u00f3n del Gran Premio de&#8230;<\/p>\n","protected":false},"author":3,"featured_media":22953,"comment_status":"closed","ping_status":"closed","sticky":false,"template":"","format":"standard","meta":{"footnotes":""},"categories":[21],"tags":[],"class_list":["post-22952","post","type-post","status-publish","format-standard","has-post-thumbnail","hentry","category-deportes"],"featured_image_urls":{"full":["https:\/\/fmamiga909.com.ar\/wp-content\/uploads\/2025\/08\/wp-header-logo-31.png",960,540,false],"thumbnail":["https:\/\/fmamiga909.com.ar\/wp-content\/uploads\/2025\/08\/wp-header-logo-31-150x150.png",150,150,true],"medium":["https:\/\/fmamiga909.com.ar\/wp-content\/uploads\/2025\/08\/wp-header-logo-31-300x169.png",300,169,true],"medium_large":["https:\/\/fmamiga909.com.ar\/wp-content\/uploads\/2025\/08\/wp-header-logo-31.png",960,540,false],"large":["https:\/\/fmamiga909.com.ar\/wp-content\/uploads\/2025\/08\/wp-header-logo-31.png",640,360,false],"1536x1536":["https:\/\/fmamiga909.com.ar\/wp-content\/uploads\/2025\/08\/wp-header-logo-31.png",960,540,false],"2048x2048":["https:\/\/fmamiga909.com.ar\/wp-content\/uploads\/2025\/08\/wp-header-logo-31.png",960,540,false],"newsium-slider-full":["https:\/\/fmamiga909.com.ar\/wp-content\/uploads\/2025\/08\/wp-header-logo-31.png",960,540,false],"newsium-featured":["https:\/\/fmamiga909.com.ar\/wp-content\/uploads\/2025\/08\/wp-header-logo-31.png",960,540,false],"newsium-medium":["https:\/\/fmamiga909.com.ar\/wp-content\/uploads\/2025\/08\/wp-header-logo-31-720x475.png",720,475,true]},"author_info":{"display_name":"Fredy Giuliano","author_link":"https:\/\/fmamiga909.com.ar\/?author=3"},"category_info":"<a href=\"https:\/\/fmamiga909.com.ar\/?cat=21\" rel=\"category\">Deportes<\/a>","tag_info":"Deportes","comment_count":"0","_links":{"self":[{"href":"https:\/\/fmamiga909.com.ar\/index.php?rest_route=\/wp\/v2\/posts\/22952","targetHints":{"allow":["GET"]}}],"collection":[{"href":"https:\/\/fmamiga909.com.ar\/index.php?rest_route=\/wp\/v2\/posts"}],"about":[{"href":"https:\/\/fmamiga909.com.ar\/index.php?rest_route=\/wp\/v2\/types\/post"}],"author":[{"embeddable":true,"href":"https:\/\/fmamiga909.com.ar\/index.php?rest_route=\/wp\/v2\/users\/3"}],"replies":[{"embeddable":true,"href":"https:\/\/fmamiga909.com.ar\/index.php?rest_route=%2Fwp%2Fv2%2Fcomments&post=22952"}],"version-history":[{"count":0,"href":"https:\/\/fmamiga909.com.ar\/index.php?rest_route=\/wp\/v2\/posts\/22952\/revisions"}],"wp:featuredmedia":[{"embeddable":true,"href":"https:\/\/fmamiga909.com.ar\/index.php?rest_route=\/wp\/v2\/media\/22953"}],"wp:attachment":[{"href":"https:\/\/fmamiga909.com.ar\/index.php?rest_route=%2Fwp%2Fv2%2Fmedia&parent=22952"}],"wp:term":[{"taxonomy":"category","embeddable":true,"href":"https:\/\/fmamiga909.com.ar\/index.php?rest_route=%2Fwp%2Fv2%2Fcategories&post=22952"},{"taxonomy":"post_tag","embeddable":true,"href":"https:\/\/fmamiga909.com.ar\/index.php?rest_route=%2Fwp%2Fv2%2Ftags&post=22952"}],"curies":[{"name":"wp","href":"https:\/\/api.w.org\/{rel}","templated":true}]}}