{"id":22954,"date":"2025-08-03T17:08:35","date_gmt":"2025-08-03T17:08:35","guid":{"rendered":"https:\/\/fmamiga909.com.ar\/?p=22954"},"modified":"2025-08-03T17:08:35","modified_gmt":"2025-08-03T17:08:35","slug":"colapinto-autocritico-tras-el-gp-de-hungria-una-carrera-para-el-olvido","status":"publish","type":"post","link":"https:\/\/fmamiga909.com.ar\/?p=22954","title":{"rendered":"Colapinto, autocr\u00edtico tras el GP de Hungr\u00eda: \u201cUna carrera para el olvido\u201d"},"content":{"rendered":"<div><!-- Body --><\/p>\n<p><strong>El piloto argentino Franco Colapinto<\/strong> (Alpine) expres\u00f3 su malestar tras finalizar el Gran Premio de Hungr\u00eda de F\u00f3rmula 1 con un rendimiento que calific\u00f3 como <strong>\u00abun desastre\u00bb<\/strong>.<\/p>\n<p>Colapinto sufri\u00f3 <strong>dos malas paradas de su equipo Alpine<\/strong> en los pits que lo dej\u00f3 en el \u00faltimo lugar en las dos ocasiones de la carrera en el Gran Premio de Hungr\u00eda de F\u00f3rmula 1.<\/p>\n<p>El pilarense lleg\u00f3 a los boxes pero el equipo tard\u00f3 m\u00e1s de <strong>siete segundos<\/strong> en hacer los cambios de neum\u00e1ticos en ambas oportunidades, adem\u00e1s de que el auto se ator\u00f3 y no pudo salir r\u00e1pido a la pista.<\/p>\n<p>\u201c<strong>Oh, por Dios<\/strong>\u201d, atin\u00f3 a decir el piloto argentino una vez regres\u00f3 al circuito tras una parada que le cost\u00f3 quedar en el \u00faltimo lugar en el Hungaroring.<\/p>\n<p>\u00abHay que verlo ahora con los ingenieros en el box. En la largada no ten\u00eda nada de grip atr\u00e1s, hab\u00eda ganado un puesto y despu\u00e9s perd\u00ed muchos\u00bb, se\u00f1al\u00f3 Colapinto, visiblemente frustrado por las condiciones de la pista y el comportamiento del auto.<\/p>\n<p><b>\u00abParamos muy temprano y perdimos mucho tiempo\u00bb<\/b>, puntualiz\u00f3 Colapinto. En la primera parada, el equipo Alpine demor\u00f3 7 segundo: el piloto entr\u00f3 a boxes mientras marchaba en el puesto 14, y cuando retom\u00f3 la carrera pas\u00f3 a ubicarse en el puesto 18.<\/p>\n<p>A pesar de considerar que el <strong>ritmo del auto no era negativo<\/strong>, el joven corredor fue tajante: \u201c<strong>Una carrera para el olvido<\/strong>\u201d.\u00a0<\/p>\n<p>Agreg\u00f3 que \u201cperdimos mucho tiempo\u201d en distintos tramos y cerr\u00f3 reconociendo la necesidad de una pausa tras el esfuerzo: \u201c<strong>No viene mal un poco de descanso<\/strong>\u201d.<\/p>\n<p>La escuder\u00eda analizar\u00e1 junto al piloto los motivos t\u00e9cnicos detr\u00e1s de la <strong>p\u00e9rdida de rendimiento<\/strong>, en una jornada que deja m\u00e1s dudas que certezas de cara a la segunda mitad de la temporada.<\/p>\n<p><!-- Live Blog Post --><\/div>\n<p><a href=\"https:\/\/www.pagina12.com.ar\/846928-colapinto-autocritico-tras-el-gp-de-hungria-una-carrera-para\">source<\/a><\/p>\n","protected":false},"excerpt":{"rendered":"<p>El piloto argentino Franco Colapinto (Alpine) expres\u00f3 su malestar tras finalizar el Gran Premio de&#8230;<\/p>\n","protected":false},"author":3,"featured_media":22955,"comment_status":"closed","ping_status":"closed","sticky":false,"template":"","format":"standard","meta":{"footnotes":""},"categories":[21],"tags":[],"class_list":["post-22954","post","type-post","status-publish","format-standard","has-post-thumbnail","hentry","category-deportes"],"featured_image_urls":{"full":["https:\/\/fmamiga909.com.ar\/wp-content\/uploads\/2025\/08\/wp-header-logo-32.png",960,540,false],"thumbnail":["https:\/\/fmamiga909.com.ar\/wp-content\/uploads\/2025\/08\/wp-header-logo-32-150x150.png",150,150,true],"medium":["https:\/\/fmamiga909.com.ar\/wp-content\/uploads\/2025\/08\/wp-header-logo-32-300x169.png",300,169,true],"medium_large":["https:\/\/fmamiga909.com.ar\/wp-content\/uploads\/2025\/08\/wp-header-logo-32.png",960,540,false],"large":["https:\/\/fmamiga909.com.ar\/wp-content\/uploads\/2025\/08\/wp-header-logo-32.png",640,360,false],"1536x1536":["https:\/\/fmamiga909.com.ar\/wp-content\/uploads\/2025\/08\/wp-header-logo-32.png",960,540,false],"2048x2048":["https:\/\/fmamiga909.com.ar\/wp-content\/uploads\/2025\/08\/wp-header-logo-32.png",960,540,false],"newsium-slider-full":["https:\/\/fmamiga909.com.ar\/wp-content\/uploads\/2025\/08\/wp-header-logo-32.png",960,540,false],"newsium-featured":["https:\/\/fmamiga909.com.ar\/wp-content\/uploads\/2025\/08\/wp-header-logo-32.png",960,540,false],"newsium-medium":["https:\/\/fmamiga909.com.ar\/wp-content\/uploads\/2025\/08\/wp-header-logo-32-720x475.png",720,475,true]},"author_info":{"display_name":"Fredy Giuliano","author_link":"https:\/\/fmamiga909.com.ar\/?author=3"},"category_info":"<a href=\"https:\/\/fmamiga909.com.ar\/?cat=21\" rel=\"category\">Deportes<\/a>","tag_info":"Deportes","comment_count":"0","_links":{"self":[{"href":"https:\/\/fmamiga909.com.ar\/index.php?rest_route=\/wp\/v2\/posts\/22954","targetHints":{"allow":["GET"]}}],"collection":[{"href":"https:\/\/fmamiga909.com.ar\/index.php?rest_route=\/wp\/v2\/posts"}],"about":[{"href":"https:\/\/fmamiga909.com.ar\/index.php?rest_route=\/wp\/v2\/types\/post"}],"author":[{"embeddable":true,"href":"https:\/\/fmamiga909.com.ar\/index.php?rest_route=\/wp\/v2\/users\/3"}],"replies":[{"embeddable":true,"href":"https:\/\/fmamiga909.com.ar\/index.php?rest_route=%2Fwp%2Fv2%2Fcomments&post=22954"}],"version-history":[{"count":0,"href":"https:\/\/fmamiga909.com.ar\/index.php?rest_route=\/wp\/v2\/posts\/22954\/revisions"}],"wp:featuredmedia":[{"embeddable":true,"href":"https:\/\/fmamiga909.com.ar\/index.php?rest_route=\/wp\/v2\/media\/22955"}],"wp:attachment":[{"href":"https:\/\/fmamiga909.com.ar\/index.php?rest_route=%2Fwp%2Fv2%2Fmedia&parent=22954"}],"wp:term":[{"taxonomy":"category","embeddable":true,"href":"https:\/\/fmamiga909.com.ar\/index.php?rest_route=%2Fwp%2Fv2%2Fcategories&post=22954"},{"taxonomy":"post_tag","embeddable":true,"href":"https:\/\/fmamiga909.com.ar\/index.php?rest_route=%2Fwp%2Fv2%2Ftags&post=22954"}],"curies":[{"name":"wp","href":"https:\/\/api.w.org\/{rel}","templated":true}]}}