{"id":22968,"date":"2025-08-03T22:32:42","date_gmt":"2025-08-03T22:32:42","guid":{"rendered":"https:\/\/fmamiga909.com.ar\/?p=22968"},"modified":"2025-08-03T22:32:42","modified_gmt":"2025-08-03T22:32:42","slug":"la-lesion-de-lionel-messi-en-el-inter-miami","status":"publish","type":"post","link":"https:\/\/fmamiga909.com.ar\/?p=22968","title":{"rendered":"La lesi\u00f3n de Lionel Messi en el Inter Miami"},"content":{"rendered":"<div><!-- Body --><\/p>\n<p><b>Lionel Messi se lesion\u00f3 con el Inter Miami y tuvo que pedir el cambio<\/b> apenas arrancado el partido contra el Necaxa de M\u00e9xico, por la segunda fecha de la <b>Leagues Cup<\/b> que mezcla clubes de las Ligas MX y MLS.<\/p>\n<p><b>\u00abLeo sinti\u00f3 una molestia en el isquiotibial. Seguramente algo tenga.<\/b> Quiz\u00e1 no sea algo tan grande porque no estaba dolorido, pero s\u00ed que sinti\u00f3 una molestia\u00bb, explic\u00f3 Javier Mascherano, DT del Miami, en conferencia de prensa sobre lo sucedido.<\/p>\n<p>El astro rosarino ven\u00eda de jugar todos los minutos en el debut (2-1 ag\u00f3nico sobre Atlas de Guadalajara) el mi\u00e9rcoles por la noche y <b>volvi\u00f3 a salir de inicio este s\u00e1bado en este certamen de calendario apretado.<\/b><\/p>\n<p><iframe style=\"border: 0px; position: absolute; top: 0px; left: 0px; height: 100%;\" allowfullscreen=\"\" frameborder=\"0\" src=\"https:\/\/www.youtube.com\/embed\/IcWlANP4kEE\"><\/iframe><\/p>\n<p>A pesar de su ausencia, <b>el Inter Miami empat\u00f3 2 a 2 -doblete de asistencias de Rodrigo De Paul-<\/b> con los dirigidos de Fernando Gago y luego se impuso en los penales para sumar un punto extra, una modalidad que tiene esta fase de grupos de 54 partidos (tres por club) y dos zonas de 18 equipos cada una.<\/p>\n<p>Con 5 puntos, el Inter Miami est\u00e1 bien posicionado en la Zona estadounidense para avanzar a los cuartos de final (pasan los primeros cuatro). Cerrar\u00e1 la primera fase <b>el mi\u00e9rcoles 6 de agosto contra Pumas de la UNAM (5), equipo donde ataja el costarricense exNewell&#8217;s, Keylor Navas.<\/b><\/p>\n<p><!-- Live Blog Post --><\/div>\n<p><a href=\"https:\/\/www.pagina12.com.ar\/846984-la-lesion-de-lionel-messi-en-el-inter-miami\">source<\/a><\/p>\n","protected":false},"excerpt":{"rendered":"<p>Lionel Messi se lesion\u00f3 con el Inter Miami y tuvo que pedir el cambio apenas&#8230;<\/p>\n","protected":false},"author":3,"featured_media":22969,"comment_status":"closed","ping_status":"closed","sticky":false,"template":"","format":"standard","meta":{"footnotes":""},"categories":[21],"tags":[],"class_list":["post-22968","post","type-post","status-publish","format-standard","has-post-thumbnail","hentry","category-deportes"],"featured_image_urls":{"full":["https:\/\/fmamiga909.com.ar\/wp-content\/uploads\/2025\/08\/wp-header-logo-39.png",960,540,false],"thumbnail":["https:\/\/fmamiga909.com.ar\/wp-content\/uploads\/2025\/08\/wp-header-logo-39-150x150.png",150,150,true],"medium":["https:\/\/fmamiga909.com.ar\/wp-content\/uploads\/2025\/08\/wp-header-logo-39-300x169.png",300,169,true],"medium_large":["https:\/\/fmamiga909.com.ar\/wp-content\/uploads\/2025\/08\/wp-header-logo-39.png",960,540,false],"large":["https:\/\/fmamiga909.com.ar\/wp-content\/uploads\/2025\/08\/wp-header-logo-39.png",640,360,false],"1536x1536":["https:\/\/fmamiga909.com.ar\/wp-content\/uploads\/2025\/08\/wp-header-logo-39.png",960,540,false],"2048x2048":["https:\/\/fmamiga909.com.ar\/wp-content\/uploads\/2025\/08\/wp-header-logo-39.png",960,540,false],"newsium-slider-full":["https:\/\/fmamiga909.com.ar\/wp-content\/uploads\/2025\/08\/wp-header-logo-39.png",960,540,false],"newsium-featured":["https:\/\/fmamiga909.com.ar\/wp-content\/uploads\/2025\/08\/wp-header-logo-39.png",960,540,false],"newsium-medium":["https:\/\/fmamiga909.com.ar\/wp-content\/uploads\/2025\/08\/wp-header-logo-39-720x475.png",720,475,true]},"author_info":{"display_name":"Fredy Giuliano","author_link":"https:\/\/fmamiga909.com.ar\/?author=3"},"category_info":"<a href=\"https:\/\/fmamiga909.com.ar\/?cat=21\" rel=\"category\">Deportes<\/a>","tag_info":"Deportes","comment_count":"0","_links":{"self":[{"href":"https:\/\/fmamiga909.com.ar\/index.php?rest_route=\/wp\/v2\/posts\/22968","targetHints":{"allow":["GET"]}}],"collection":[{"href":"https:\/\/fmamiga909.com.ar\/index.php?rest_route=\/wp\/v2\/posts"}],"about":[{"href":"https:\/\/fmamiga909.com.ar\/index.php?rest_route=\/wp\/v2\/types\/post"}],"author":[{"embeddable":true,"href":"https:\/\/fmamiga909.com.ar\/index.php?rest_route=\/wp\/v2\/users\/3"}],"replies":[{"embeddable":true,"href":"https:\/\/fmamiga909.com.ar\/index.php?rest_route=%2Fwp%2Fv2%2Fcomments&post=22968"}],"version-history":[{"count":0,"href":"https:\/\/fmamiga909.com.ar\/index.php?rest_route=\/wp\/v2\/posts\/22968\/revisions"}],"wp:featuredmedia":[{"embeddable":true,"href":"https:\/\/fmamiga909.com.ar\/index.php?rest_route=\/wp\/v2\/media\/22969"}],"wp:attachment":[{"href":"https:\/\/fmamiga909.com.ar\/index.php?rest_route=%2Fwp%2Fv2%2Fmedia&parent=22968"}],"wp:term":[{"taxonomy":"category","embeddable":true,"href":"https:\/\/fmamiga909.com.ar\/index.php?rest_route=%2Fwp%2Fv2%2Fcategories&post=22968"},{"taxonomy":"post_tag","embeddable":true,"href":"https:\/\/fmamiga909.com.ar\/index.php?rest_route=%2Fwp%2Fv2%2Ftags&post=22968"}],"curies":[{"name":"wp","href":"https:\/\/api.w.org\/{rel}","templated":true}]}}