{"id":22997,"date":"2025-08-04T21:31:28","date_gmt":"2025-08-04T21:31:28","guid":{"rendered":"https:\/\/fmamiga909.com.ar\/?p=22997"},"modified":"2025-08-04T21:31:28","modified_gmt":"2025-08-04T21:31:28","slug":"de-la-ia-a-la-estatua-los-festejos-de-estudiantes-por-sus-120-anos","status":"publish","type":"post","link":"https:\/\/fmamiga909.com.ar\/?p=22997","title":{"rendered":"De la IA a la estatua: los festejos de Estudiantes por sus 120 a\u00f1os"},"content":{"rendered":"<div><!-- Body --><\/p>\n<p><b>Estudiantes de La Plata festej\u00f3 el 120 aniversario de su fundaci\u00f3n <\/b>con una serie de eventos en el estadio Jorge Luis\u00a0Hirschi y la inauguraci\u00f3n de una estatua de Osvaldo Zubeld\u00eda, entrenador campe\u00f3n de Am\u00e9rica y del mundo con el Pincha.<\/p>\n<p><b>Este lunes 4 de agosto, el club platense alcanz\u00f3 sus 120 a\u00f1os de historia<\/b> en los que gan\u00f3 once t\u00edtulos nacionales y seis internacionales, entre ellos cuatro Copas Libertadores y una Intercontinental, en 1968 ante el Manchester United\u00a0en Old Trafford.<\/p>\n<p>Aquella haza\u00f1a fue encabezada t\u00e1cticamente por<b> Osvaldo Zubeld\u00eda,<\/b> entrenador del primer equipo que tambi\u00e9n conquist\u00f3 un Campeonato de Primera y tres Libertadores. Por ello, y en el marco de los 120 a\u00f1os, la dirigencia inaugur\u00f3 <b>una estatua de <span>Zubeld\u00eda\u00a0<\/span>que estar\u00e1 en el \u00abPaseo de los profesores\u00bb en el estadio<\/b>.<\/p>\n<div class=\"iframely-embed medium-embedded-content\" data-html=\"Jmx0O2Jsb2NrcXVvdGUgY2xhc3M9InR3aXR0ZXItdHdlZXQiIGRhdGEtZG50PSJ0cnVlIiBhbGlnbj0iY2VudGVyIiZndDsmbHQ7cCBsYW5nPSJlcyIgZGlyPSJsdHIiJmd0O\/CfpbogTGEgZW1vY2nDs24gZGUgbG9zIENhbXBlb25lcyBkZWwgTXVuZG8gYW50ZSBlbCBkZXNjdWJyaW1pZW50byBkZSBsYSBlc3RhdHVhIGRlbCBtYWVzdHJvIPCfj4YuIMKhSG9ub3IgeSBnbG9yaWEgYSBEb24gT3N2YWxkbyBadWJlbGTDrWEhICZsdDthIGhyZWY9Imh0dHBzOi8vdC5jby9GbDRwVGQzRzRPIiZndDtwaWMudHdpdHRlci5jb20vRmw0cFRkM0c0TyZsdDsvYSZndDsmbHQ7L3AmZ3Q7JmFtcDttZGFzaDsgRXN0dWRpYW50ZXMgZGUgTGEgUGxhdGEgKEBFZGVscE9maWNpYWwpICZsdDthIGhyZWY9Imh0dHBzOi8vdHdpdHRlci5jb20vRWRlbHBPZmljaWFsL3N0YXR1cy8xOTUyMTc2MzUyMzU1ODc2OTE5P3JlZl9zcmM9dHdzcmMlNUV0ZnciJmd0O0F1Z3VzdCA0LCAyMDI1Jmx0Oy9hJmd0OyZsdDsvYmxvY2txdW90ZSZndDsKJmx0O3NjcmlwdCBhc3luYyBzcmM9Imh0dHBzOi8vcGxhdGZvcm0udHdpdHRlci5jb20vd2lkZ2V0cy5qcyIgY2hhcnNldD0idXRmLTgiJmd0OyZsdDsvc2NyaXB0Jmd0OwoKJmx0O2RpdiBjbGFzcz0ibWVkaXVtLWluc2VydC1lbWJlZHMtbWV0YSImZ3Q7Jmx0O3NjcmlwdCB0eXBlPSJ0ZXh0L2pzb24iJmd0O3sidXJsIjoiaHR0cHM6Ly90d2l0dGVyLmNvbS9FZGVscE9maWNpYWwvc3RhdHVzLzE5NTIxNzYzNTIzNTU4NzY5MTkiLCJ0eXBlIjoicmljaCIsInZlcnNpb24iOiIxLjAiLCJ0aXRsZSI6IkVzdHVkaWFudGVzIGRlIExhIFBsYXRhIG9uIFR3aXR0ZXIgLyBYIiwiYXV0aG9yIjoiRXN0dWRpYW50ZXMgZGUgTGEgUGxhdGEiLCJhdXRob3JfdXJsIjoiaHR0cHM6Ly90d2l0dGVyLmNvbS9FZGVscE9maWNpYWwiLCJwcm92aWRlcl9uYW1lIjoiVHdpdHRlciIsImRlc2NyaXB0aW9uIjoi8J+luiBMYSBlbW9jacOzbiBkZSBsb3MgQ2FtcGVvbmVzIGRlbCBNdW5kbyBhbnRlIGVsIGRlc2N1YnJpbWllbnRvIGRlIGxhIGVzdGF0dWEgZGVsIG1hZXN0cm8g8J+Phi4gwqFIb25vciB5IGdsb3JpYSBhIERvbiBPc3ZhbGRvIFp1YmVsZMOtYSEgcGljLnR3aXR0ZXIuY29tL0ZsNHBUZDNHNE\/igJQgRXN0dWRpYW50ZXMgZGUgTGEgUGxhdGEgKEBFZGVscE9maWNpYWwpIEF1Z3VzdCA0LCAyMDI1XG5cblxuIiwidGh1bWJuYWlsX3VybCI6Imh0dHBzOi8vcGJzLnR3aW1nLmNvbS9tZWRpYS9HeGVHQ0M4V1VBQW1fSTEuanBnOmxhcmdlIiwidGh1bWJuYWlsX3dpZHRoIjo0ODAsInRodW1ibmFpbF9oZWlnaHQiOjg1MiwiY2FjaGVfYWdlIjo4NjQwMCwib3B0aW9ucyI6eyJfaGlkZV9tZWRpYSI6eyJsYWJlbCI6IkhpZGUgcGhvdG9zLCB2aWRlb3MsIGFuZCBjYXJkcyIsInZhbHVlIjpmYWxzZX0sIl90aGVtZSI6eyJ2YWx1ZSI6IiIsInZhbHVlcyI6eyJkYXJrIjoiVXNlIGRhcmsgdGhlbWUifX0sIl9tYXh3aWR0aCI6eyJ2YWx1ZSI6IiIsImxhYmVsIjoiQWRqdXN0IHdpZHRoIiwicGxhY2Vob2xkZXIiOiIyMjAtNTUwLCBpbiBweCJ9fX0mbHQ7L3NjcmlwdCZndDsmbHQ7L2RpdiZndDs=\">\n                <a data-iframely-url=\"\" href=\"https:\/\/twitter.com\/EdelpOficial\/status\/1952176352355876919\">https:\/\/twitter.com\/EdelpOficial\/status\/1952176352355876919<\/a>\n              <\/div>\n<p>Del homenaje al DT participaron jugadores de aquel equipo como<b> Alberto Poletti, Miguel Ignomiriello, Carlos Pacham\u00e9 y Marcos Conigliario<\/b>. Estos cuatro dieron una charla sobre <span>Zubeld\u00eda\u00a0<\/span>bajo el lema \u201cNacimiento de la contracultura\u201d. Adem\u00e1s, los cuatro revelaron la estatua que estar\u00e1 junto a la de <b>Carlos Salvador Bilardo<\/b>, integrante de aquel equipo de fines de la d\u00e9cada del &#8217;60 y campe\u00f3n como entrenador con Estudiantes del Metropolitano 1982.<\/p>\n<p>Adem\u00e1s, el club public\u00f3 en redes sociales<b> un video realizado con IA que tiene a Zubeld\u00eda<\/b> dando un mensaje a los hinchas.<\/p>\n<div class=\"iframely-embed medium-embedded-content\" data-html=\"Jmx0O2Jsb2NrcXVvdGUgY2xhc3M9InR3aXR0ZXItdHdlZXQiIGRhdGEtZG50PSJ0cnVlIiBhbGlnbj0iY2VudGVyIiZndDsmbHQ7cCBsYW5nPSJlcyIgZGlyPSJsdHIiJmd0O+Kcje+4jyBFbCBtYWVzdHJvIHRpZW5lIHVuIG1lbnNhamUgcGFyYSBzdXMg8J2XsvCdmIDwnZiB8J2YgvCdl7HwnZe28J2XrvCdl7vwnZiB8J2XsvCdmIAg8J+HpvCfh7kuICZsdDthIGhyZWY9Imh0dHBzOi8vdC5jby9nald2ZHFMWnVXIiZndDtwaWMudHdpdHRlci5jb20vZ2pXdmRxTFp1VyZsdDsvYSZndDsmbHQ7L3AmZ3Q7JmFtcDttZGFzaDsgRXN0dWRpYW50ZXMgZGUgTGEgUGxhdGEgKEBFZGVscE9maWNpYWwpICZsdDthIGhyZWY9Imh0dHBzOi8vdHdpdHRlci5jb20vRWRlbHBPZmljaWFsL3N0YXR1cy8xOTUyMjAyODQyMDM2NjUwMDc5P3JlZl9zcmM9dHdzcmMlNUV0ZnciJmd0O0F1Z3VzdCA0LCAyMDI1Jmx0Oy9hJmd0OyZsdDsvYmxvY2txdW90ZSZndDsKJmx0O3NjcmlwdCBhc3luYyBzcmM9Imh0dHBzOi8vcGxhdGZvcm0udHdpdHRlci5jb20vd2lkZ2V0cy5qcyIgY2hhcnNldD0idXRmLTgiJmd0OyZsdDsvc2NyaXB0Jmd0OwoKJmx0O2RpdiBjbGFzcz0ibWVkaXVtLWluc2VydC1lbWJlZHMtbWV0YSImZ3Q7Jmx0O3NjcmlwdCB0eXBlPSJ0ZXh0L2pzb24iJmd0O3sidXJsIjoiaHR0cHM6Ly90d2l0dGVyLmNvbS9FZGVscE9maWNpYWwvc3RhdHVzLzE5NTIyMDI4NDIwMzY2NTAwNzkiLCJ0eXBlIjoicmljaCIsInZlcnNpb24iOiIxLjAiLCJ0aXRsZSI6IkVzdHVkaWFudGVzIGRlIExhIFBsYXRhIG9uIFR3aXR0ZXIgLyBYIiwiYXV0aG9yIjoiRXN0dWRpYW50ZXMgZGUgTGEgUGxhdGEiLCJhdXRob3JfdXJsIjoiaHR0cHM6Ly90d2l0dGVyLmNvbS9FZGVscE9maWNpYWwiLCJwcm92aWRlcl9uYW1lIjoiVHdpdHRlciIsImRlc2NyaXB0aW9uIjoi4pyN77iPIEVsIG1hZXN0cm8gdGllbmUgdW4gbWVuc2FqZSBwYXJhIHN1cyDwnZey8J2YgPCdmIHwnZiC8J2XsfCdl7bwnZeu8J2Xu\/CdmIHwnZey8J2YgCDwn4em8J+HuS4gcGljLnR3aXR0ZXIuY29tL2dqV3ZkcUxadVfigJQgRXN0dWRpYW50ZXMgZGUgTGEgUGxhdGEgKEBFZGVscE9maWNpYWwpIEF1Z3VzdCA0LCAyMDI1XG5cblxuIiwidGh1bWJuYWlsX3VybCI6Imh0dHBzOi8vcGJzLnR3aW1nLmNvbS9tZWRpYS9HeGVjUVFQWHdBQUNDS0suanBnOmxhcmdlIiwidGh1bWJuYWlsX3dpZHRoIjo0ODAsInRodW1ibmFpbF9oZWlnaHQiOjg1MiwiY2FjaGVfYWdlIjo4NjQwMCwib3B0aW9ucyI6eyJfaGlkZV9tZWRpYSI6eyJsYWJlbCI6IkhpZGUgcGhvdG9zLCB2aWRlb3MsIGFuZCBjYXJkcyIsInZhbHVlIjpmYWxzZX0sIl90aGVtZSI6eyJ2YWx1ZSI6IiIsInZhbHVlcyI6eyJkYXJrIjoiVXNlIGRhcmsgdGhlbWUifX0sIl9tYXh3aWR0aCI6eyJ2YWx1ZSI6IiIsImxhYmVsIjoiQWRqdXN0IHdpZHRoIiwicGxhY2Vob2xkZXIiOiIyMjAtNTUwLCBpbiBweCJ9fX0mbHQ7L3NjcmlwdCZndDsmbHQ7L2RpdiZndDs=\">\n                <a data-iframely-url=\"\" href=\"https:\/\/twitter.com\/EdelpOficial\/status\/1952202842036650079\">https:\/\/twitter.com\/EdelpOficial\/status\/1952202842036650079<\/a>\n              <\/div>\n<p>En cuanto al espect\u00e1culo, realizado este domingo por la noche, continu\u00f3 con drones en el cielo simulando simbolog\u00edas del Pincha, una actuaci\u00f3n de Los Leales Percusi\u00f3n y se recibieron los 120 a\u00f1os del club con una torta especial y fuegos artificiales.<\/p>\n<p>El que tom\u00f3 la palabra en estos festejos fue el presidente del club, <b>Juan Sebasti\u00e1n Ver\u00f3n:<\/b> \u201cCumplimos 120 a\u00f1os de historia y de gloria, ustedes la gente son lo m\u00e1s importante. Sigamos construyendo juntos. <b>Sigan creyendo en el club que naci\u00f3 para romper el molde de un f\u00fatbol para pocos<\/b> y nosotros somos protagonistas siempre\u201d.<\/p>\n<p><!-- Live Blog Post --><\/div>\n<p><script async src=\"\/\/platform.twitter.com\/widgets.js\" charset=\"utf-8\"><\/script><br \/><a href=\"https:\/\/www.pagina12.com.ar\/847168-de-la-ia-a-la-estatua-los-festejos-de-estudiantes-por-sus-12\">source<\/a><\/p>\n","protected":false},"excerpt":{"rendered":"<p>Estudiantes de La Plata festej\u00f3 el 120 aniversario de su fundaci\u00f3n con una serie de&#8230;<\/p>\n","protected":false},"author":3,"featured_media":22998,"comment_status":"closed","ping_status":"closed","sticky":false,"template":"","format":"standard","meta":{"footnotes":""},"categories":[21],"tags":[],"class_list":["post-22997","post","type-post","status-publish","format-standard","has-post-thumbnail","hentry","category-deportes"],"featured_image_urls":{"full":["https:\/\/fmamiga909.com.ar\/wp-content\/uploads\/2025\/08\/wp-header-logo-46.png",960,540,false],"thumbnail":["https:\/\/fmamiga909.com.ar\/wp-content\/uploads\/2025\/08\/wp-header-logo-46-150x150.png",150,150,true],"medium":["https:\/\/fmamiga909.com.ar\/wp-content\/uploads\/2025\/08\/wp-header-logo-46-300x169.png",300,169,true],"medium_large":["https:\/\/fmamiga909.com.ar\/wp-content\/uploads\/2025\/08\/wp-header-logo-46.png",960,540,false],"large":["https:\/\/fmamiga909.com.ar\/wp-content\/uploads\/2025\/08\/wp-header-logo-46.png",640,360,false],"1536x1536":["https:\/\/fmamiga909.com.ar\/wp-content\/uploads\/2025\/08\/wp-header-logo-46.png",960,540,false],"2048x2048":["https:\/\/fmamiga909.com.ar\/wp-content\/uploads\/2025\/08\/wp-header-logo-46.png",960,540,false],"newsium-slider-full":["https:\/\/fmamiga909.com.ar\/wp-content\/uploads\/2025\/08\/wp-header-logo-46.png",960,540,false],"newsium-featured":["https:\/\/fmamiga909.com.ar\/wp-content\/uploads\/2025\/08\/wp-header-logo-46.png",960,540,false],"newsium-medium":["https:\/\/fmamiga909.com.ar\/wp-content\/uploads\/2025\/08\/wp-header-logo-46-720x475.png",720,475,true]},"author_info":{"display_name":"Fredy Giuliano","author_link":"https:\/\/fmamiga909.com.ar\/?author=3"},"category_info":"<a href=\"https:\/\/fmamiga909.com.ar\/?cat=21\" rel=\"category\">Deportes<\/a>","tag_info":"Deportes","comment_count":"0","_links":{"self":[{"href":"https:\/\/fmamiga909.com.ar\/index.php?rest_route=\/wp\/v2\/posts\/22997","targetHints":{"allow":["GET"]}}],"collection":[{"href":"https:\/\/fmamiga909.com.ar\/index.php?rest_route=\/wp\/v2\/posts"}],"about":[{"href":"https:\/\/fmamiga909.com.ar\/index.php?rest_route=\/wp\/v2\/types\/post"}],"author":[{"embeddable":true,"href":"https:\/\/fmamiga909.com.ar\/index.php?rest_route=\/wp\/v2\/users\/3"}],"replies":[{"embeddable":true,"href":"https:\/\/fmamiga909.com.ar\/index.php?rest_route=%2Fwp%2Fv2%2Fcomments&post=22997"}],"version-history":[{"count":0,"href":"https:\/\/fmamiga909.com.ar\/index.php?rest_route=\/wp\/v2\/posts\/22997\/revisions"}],"wp:featuredmedia":[{"embeddable":true,"href":"https:\/\/fmamiga909.com.ar\/index.php?rest_route=\/wp\/v2\/media\/22998"}],"wp:attachment":[{"href":"https:\/\/fmamiga909.com.ar\/index.php?rest_route=%2Fwp%2Fv2%2Fmedia&parent=22997"}],"wp:term":[{"taxonomy":"category","embeddable":true,"href":"https:\/\/fmamiga909.com.ar\/index.php?rest_route=%2Fwp%2Fv2%2Fcategories&post=22997"},{"taxonomy":"post_tag","embeddable":true,"href":"https:\/\/fmamiga909.com.ar\/index.php?rest_route=%2Fwp%2Fv2%2Ftags&post=22997"}],"curies":[{"name":"wp","href":"https:\/\/api.w.org\/{rel}","templated":true}]}}