{"id":23013,"date":"2025-08-05T19:00:03","date_gmt":"2025-08-05T19:00:03","guid":{"rendered":"https:\/\/fmamiga909.com.ar\/?p=23013"},"modified":"2025-08-05T19:00:03","modified_gmt":"2025-08-05T19:00:03","slug":"murio-jorge-costa-leyenda-del-porto-de-portugal","status":"publish","type":"post","link":"https:\/\/fmamiga909.com.ar\/?p=23013","title":{"rendered":"Muri\u00f3 Jorge Costa, leyenda del Porto de Portugal"},"content":{"rendered":"<div><!-- Body --><\/p>\n<p>La leyenda del Porto de Portugal <b>Jorge Costa falleci\u00f3 este martes a los 51 a\u00f1os tras sufrir un paro cardiorrespiratorio<\/b>, inform\u00f3 el club a trav\u00e9s de sus redes sociales. El exdefensor central <b>fue capit\u00e1n del equipo que se coron\u00f3 en la Champions League 2003\/04<\/b> bajo las \u00f3rdenes de <b>Jos\u00e9 Mourinho<\/b>.<\/p>\n<h3\/>\n<p>\u201c<b>Jorge Costa nos ha dejado<\/b>. Uno de nosotros, un l\u00edder, un capit\u00e1n, un modelo a seguir. Un s\u00edmbolo del Porto. Gracias por ser del Porto hasta el final. Hasta siempre, Jorge Costa\u201d, escribi\u00f3 el club portugu\u00e9s en sus redes sociales para confirmar la noticia. El comunicado incluye una recordada frase del exjugador:\u00a0<b>\u201cPase lo que pase, soy parte de la historia de mi club favorito\u201d<\/b>.<\/p>\n<div class=\"iframely-embed medium-embedded-content\" data-html=\"Jmx0O2Jsb2NrcXVvdGUgY2xhc3M9InR3aXR0ZXItdHdlZXQiIGRhdGEtZG50PSJ0cnVlIiBhbGlnbj0iY2VudGVyIiZndDsmbHQ7cCBsYW5nPSJwdCIgZGlyPSJsdHIiJmd0O0pvcmdlIENvc3RhIGRlaXhvdS1ub3MuIFVtIGRlIG7Ds3MsIHVtIGzDrWRlciwgY2FwaXTDo28sIGV4ZW1wbG8uIFVtIHPDrW1ib2xvIGRvIEZDIFBvcnRvLiZsdDticiZndDsmbHQ7YnImZ3Q7T2JyaWdhZG8gcG9yIHNlcmVzIEZDIFBvcnRvIGF0w6kgYW8gZmltLiZsdDticiZndDsmbHQ7YnImZ3Q7QXTDqSBzZW1wcmUsIEpvcmdlIENvc3RhLiAmbHQ7YSBocmVmPSJodHRwczovL3QuY28vWFRtVzVXVkVIaiImZ3Q7cGljLnR3aXR0ZXIuY29tL1hUbVc1V1ZFSGombHQ7L2EmZ3Q7Jmx0Oy9wJmd0OyZhbXA7bWRhc2g7IEZDIFBvcnRvIChARkNQb3J0bykgJmx0O2EgaHJlZj0iaHR0cHM6Ly90d2l0dGVyLmNvbS9GQ1BvcnRvL3N0YXR1cy8xOTUyNzM5NzM5MjM4MjczMTY5P3JlZl9zcmM9dHdzcmMlNUV0ZnciJmd0O0F1Z3VzdCA1LCAyMDI1Jmx0Oy9hJmd0OyZsdDsvYmxvY2txdW90ZSZndDsKJmx0O3NjcmlwdCBhc3luYyBzcmM9Imh0dHBzOi8vcGxhdGZvcm0udHdpdHRlci5jb20vd2lkZ2V0cy5qcyIgY2hhcnNldD0idXRmLTgiJmd0OyZsdDsvc2NyaXB0Jmd0OwoKJmx0O2RpdiBjbGFzcz0ibWVkaXVtLWluc2VydC1lbWJlZHMtbWV0YSImZ3Q7Jmx0O3NjcmlwdCB0eXBlPSJ0ZXh0L2pzb24iJmd0O3sidXJsIjoiaHR0cHM6Ly90d2l0dGVyLmNvbS9GQ1BvcnRvL3N0YXR1cy8xOTUyNzM5NzM5MjM4MjczMTY5IiwidHlwZSI6InJpY2giLCJ2ZXJzaW9uIjoiMS4wIiwidGl0bGUiOiJGQyBQb3J0byBvbiBUd2l0dGVyIC8gWCIsImF1dGhvciI6IkZDIFBvcnRvIiwiYXV0aG9yX3VybCI6Imh0dHBzOi8vdHdpdHRlci5jb20vRkNQb3J0byIsInByb3ZpZGVyX25hbWUiOiJUd2l0dGVyIiwiZGVzY3JpcHRpb24iOiJKb3JnZSBDb3N0YSBkZWl4b3Utbm9zLiBVbSBkZSBuw7NzLCB1bSBsw61kZXIsIGNhcGl0w6NvLCBleGVtcGxvLiBVbSBzw61tYm9sbyBkbyBGQyBQb3J0by5PYnJpZ2FkbyBwb3Igc2VyZXMgRkMgUG9ydG8gYXTDqSBhbyBmaW0uQXTDqSBzZW1wcmUsIEpvcmdlIENvc3RhLiBwaWMudHdpdHRlci5jb20vWFRtVzVXVkVIauKAlCBGQyBQb3J0byAoQEZDUG9ydG8pIEF1Z3VzdCA1LCAyMDI1XG5cblxuIiwidGh1bWJuYWlsX3VybCI6Imh0dHBzOi8vcGJzLnR3aW1nLmNvbS9tZWRpYS9HeG1HTU5mWG9BQXg4UXAuanBnOmxhcmdlIiwidGh1bWJuYWlsX3dpZHRoIjoxMDgwLCJ0aHVtYm5haWxfaGVpZ2h0IjoxMzUwLCJjYWNoZV9hZ2UiOjg2NDAwLCJvcHRpb25zIjp7Il9oaWRlX21lZGlhIjp7ImxhYmVsIjoiSGlkZSBwaG90b3MsIHZpZGVvcywgYW5kIGNhcmRzIiwidmFsdWUiOmZhbHNlfSwiX3RoZW1lIjp7InZhbHVlIjoiIiwidmFsdWVzIjp7ImRhcmsiOiJVc2UgZGFyayB0aGVtZSJ9fSwiX21heHdpZHRoIjp7InZhbHVlIjoiIiwibGFiZWwiOiJBZGp1c3Qgd2lkdGgiLCJwbGFjZWhvbGRlciI6IjIyMC01NTAsIGluIHB4In19fSZsdDsvc2NyaXB0Jmd0OyZsdDsvZGl2Jmd0Ow==\">\n                <a data-iframely-url=\"\" href=\"https:\/\/twitter.com\/FCPorto\/status\/1952739739238273169\">https:\/\/twitter.com\/FCPorto\/status\/1952739739238273169<\/a>\n              <\/div>\n<p>El exfutbolista se desempe\u00f1aba como director deportivo de la instituci\u00f3n y <b>se encontraba en las oficinas del club al sufrir el paro card\u00edaco<\/b>. Este mi\u00e9rcoles se realizar\u00e1 una despedida en el\u00a0Estadio do Drag\u00e3o a la que se espera asistan miles de hinchas.\u00a0<b>\u201cEl legado de Jorge Costa permanecer\u00e1 siempre vivo en la memoria de todos los Portistas. Nunca ser\u00e1s olvidado, Capit\u00e1n\u201d<\/b>, cerr\u00f3 la instituci\u00f3n su comunicado oficial.\u00a0<\/p>\n<h2>La carrera de Jorge Costa y sus t\u00edtulos en Porto<\/h2>\n<p>Jorge Costa lleg\u00f3 al Porto a los 16 a\u00f1os, proveniente de las juveniles del FC Foz, un peque\u00f1o club de la ciudad. Recorri\u00f3 varias categor\u00edas inferiores hasta que en 1991 debut\u00f3 en primera divisi\u00f3n. Tras dos pasos a pr\u00e9stamo por dos peque\u00f1os clubes portugueses, se asent\u00f3 en el plantel mayor en 1992.\u00a0<\/p>\n<p>En total jug\u00f3 324 partidos, en los que anot\u00f3 20 goles y dio 5 asistencias. Con el correr de los a\u00f1os se posicion\u00f3 como l\u00edder y referente y <b>desde 1997 fue capit\u00e1n del equipo<\/b>. Con \u00e9l en la cancha, Porto gan\u00f3 8 veces la Liga de Porgual, en 5 ocasiones la Copa y en otras 6 la Supercopa local. El m\u00e1ximo logro lo alcanz\u00f3 en la temporada 2003\/04, cuando <b>gan\u00f3 la Champions League<\/b>, la segunda en la historia del club y la \u00faltima que conquist\u00f3.<\/p>\n<div class=\"iframely-embed medium-embedded-content\" data-html=\"Jmx0O2RpdiZndDsmbHQ7ZGl2IHN0eWxlPSJsZWZ0OiAwOyB3aWR0aDogMTAwJTsgaGVpZ2h0OiAwOyBwb3NpdGlvbjogcmVsYXRpdmU7IHBhZGRpbmctYm90dG9tOiA1Ni4wNDE3JTsiJmd0OyZsdDtpZnJhbWUgc3JjPSJodHRwczovL2lmcmFtZWx5LnBhZ2luYTEyLmNvbS5hci9hcGkvaWZyYW1lP2NsaWNrX3RvX3BsYXk9MSZhbXA7dXJsPWh0dHBzJTNBJTJGJTJGZ2VvLmRhaWx5bW90aW9uLmNvbSUyRnBsYXllciUyRnh0NWVlLmh0bWwlM0Z2aWRlbyUzRHg5bzgweWUmYW1wO2tleT00Njc2YjVmZGMwODMyNTdlYTg3ZjcxNjA4Yzc0ZTlmZSIgc3R5bGU9InRvcDogMDsgbGVmdDogMDsgd2lkdGg6IDEwMCU7IGhlaWdodDogMTAwJTsgcG9zaXRpb246IGFic29sdXRlOyBib3JkZXI6IDA7IiBhbGxvd2Z1bGxzY3JlZW4gc2Nyb2xsaW5nPSJubyIgYWxsb3c9ImVuY3J5cHRlZC1tZWRpYSAqOyImZ3Q7Jmx0Oy9pZnJhbWUmZ3Q7Jmx0Oy9kaXYmZ3Q7Jmx0Oy9kaXYmZ3Q7Jmx0O2RpdiBjbGFzcz0ibWVkaXVtLWluc2VydC1lbWJlZHMtbWV0YSImZ3Q7Jmx0O3NjcmlwdCB0eXBlPSJ0ZXh0L2pzb24iJmd0O3sidXJsIjoiaHR0cHM6Ly9nZW8uZGFpbHltb3Rpb24uY29tL3BsYXllci94dDVlZS5odG1sP3ZpZGVvPXg5bzgweWUiLCJ0eXBlIjoidmlkZW8iLCJ2ZXJzaW9uIjoiMS4wIiwidGl0bGUiOiJKb3JnZSBDb3N0YSB8IEZDIFBvcnRvIiwiYXV0aG9yIjoiUMOhZ2luYTEyIiwiYXV0aG9yX3VybCI6Imh0dHBzOi8vd3d3LmRhaWx5bW90aW9uLmNvbS9QYWdpbmExMiIsInByb3ZpZGVyX25hbWUiOiJEYWlseW1vdGlvbiIsImRlc2NyaXB0aW9uIjoiVmVyIEpvcmdlIENvc3RhIHwgRkMgUG9ydG8gLSBQw6FnaW5hMTIgZW4gRGFpbHltb3Rpb24iLCJ0aHVtYm5haWxfdXJsIjoiaHR0cHM6Ly9zMi5kbWNkbi5uZXQvdi9ZdDlCTTFlYWEwUEdTVkdjay94NzIwIiwidGh1bWJuYWlsX3dpZHRoIjoxMjgwLCJ0aHVtYm5haWxfaGVpZ2h0Ijo3MjAsImNhY2hlX2FnZSI6ODY0MDB9Jmx0Oy9zY3JpcHQmZ3Q7Jmx0Oy9kaXYmZ3Q7\">\n                <a data-iframely-url=\"\" href=\"https:\/\/geo.dailymotion.com\/player\/xt5ee.html?video=x9o80ye\">https:\/\/geo.dailymotion.com\/player\/xt5ee.html?video=x9o80ye<\/a>\n              <\/div>\n<p>El Porto es de los equipos m\u00e1s grandes de Portugal, pero est\u00e1 en un segundo orden a nivel continental, por lo que ese t\u00edtulo fue hist\u00f3rico. Ese equipo dirigido por<b> Jos\u00e9 Mourinho<\/b> fue escolta del <b>Real Madrid<\/b> en el grupo F, en octavos de final venci\u00f3 3 a 2 en el global al <b>Manchester United<\/b>, 4 a 2 en cuartos al <b>Lyon<\/b>, 1 a 0 al <b>Deportivo la Coru\u00f1a<\/b> en semifinales y 3 a 0 al <b>M\u00f3naco <\/b>en la final.\u00a0<\/p>\n<p>En 2001 fue cedido al <b>Charlton <\/b>de Inglaterra, volvi\u00f3 al <b>Porto <\/b>al a\u00f1o y en 2006, ya sobre el final de su carrera, se fue a pr\u00e9stamo al <b>Standard Lieja <\/b>de B\u00e9lgica, <b>donde se retir\u00f3 ese mismo a\u00f1o<\/b>.<\/p>\n<p>Costa tambi\u00e9n pas\u00f3 por todas las categor\u00edas inferiores de la selecci\u00f3n de Portugal. Fue parte de la Sub-16 subcampeona en 1988 y la Sub-18 que logr\u00f3 el mismo resultado en 1990. Finalmente, en 1991 pudo romper la racha de finales perdidas y <b>se consagr\u00f3 campe\u00f3n Mundial Sub-20: en la fase de grupo de ese torneo los lusos se impusieron 3 a 0 a la selecci\u00f3n argentina<\/b>.\u00a0<\/p>\n<p>En 1993 <b>debut\u00f3 con\u00a0la selecci\u00f3n mayor, en la que disput\u00f3 50 partidos y meti\u00f3 dos goles<\/b>: lleg\u00f3 a las semifinales de la Eurocopa 2000, en la que fue titular en todos los partidos, y jug\u00f3 el Mundial 2002, en donde los lusos quedaron afuera en la fase de grupos.<\/p>\n<h3>Segu\u00ed leyendo<\/h3>\n<h3\/><!-- Live Blog Post --><\/div>\n<p><script async src=\"\/\/platform.twitter.com\/widgets.js\" charset=\"utf-8\"><\/script><br \/><a href=\"https:\/\/www.pagina12.com.ar\/847403-murio-jorge-costa-leyenda-del-porto-de-portugal\">source<\/a><\/p>\n","protected":false},"excerpt":{"rendered":"<p>La leyenda del Porto de Portugal Jorge Costa falleci\u00f3 este martes a los 51 a\u00f1os&#8230;<\/p>\n","protected":false},"author":3,"featured_media":23014,"comment_status":"closed","ping_status":"closed","sticky":false,"template":"","format":"standard","meta":{"footnotes":""},"categories":[21],"tags":[],"class_list":["post-23013","post","type-post","status-publish","format-standard","has-post-thumbnail","hentry","category-deportes"],"featured_image_urls":{"full":["https:\/\/fmamiga909.com.ar\/wp-content\/uploads\/2025\/08\/wp-header-logo-54.png",960,540,false],"thumbnail":["https:\/\/fmamiga909.com.ar\/wp-content\/uploads\/2025\/08\/wp-header-logo-54-150x150.png",150,150,true],"medium":["https:\/\/fmamiga909.com.ar\/wp-content\/uploads\/2025\/08\/wp-header-logo-54-300x169.png",300,169,true],"medium_large":["https:\/\/fmamiga909.com.ar\/wp-content\/uploads\/2025\/08\/wp-header-logo-54.png",960,540,false],"large":["https:\/\/fmamiga909.com.ar\/wp-content\/uploads\/2025\/08\/wp-header-logo-54.png",640,360,false],"1536x1536":["https:\/\/fmamiga909.com.ar\/wp-content\/uploads\/2025\/08\/wp-header-logo-54.png",960,540,false],"2048x2048":["https:\/\/fmamiga909.com.ar\/wp-content\/uploads\/2025\/08\/wp-header-logo-54.png",960,540,false],"newsium-slider-full":["https:\/\/fmamiga909.com.ar\/wp-content\/uploads\/2025\/08\/wp-header-logo-54.png",960,540,false],"newsium-featured":["https:\/\/fmamiga909.com.ar\/wp-content\/uploads\/2025\/08\/wp-header-logo-54.png",960,540,false],"newsium-medium":["https:\/\/fmamiga909.com.ar\/wp-content\/uploads\/2025\/08\/wp-header-logo-54-720x475.png",720,475,true]},"author_info":{"display_name":"Fredy Giuliano","author_link":"https:\/\/fmamiga909.com.ar\/?author=3"},"category_info":"<a href=\"https:\/\/fmamiga909.com.ar\/?cat=21\" rel=\"category\">Deportes<\/a>","tag_info":"Deportes","comment_count":"0","_links":{"self":[{"href":"https:\/\/fmamiga909.com.ar\/index.php?rest_route=\/wp\/v2\/posts\/23013","targetHints":{"allow":["GET"]}}],"collection":[{"href":"https:\/\/fmamiga909.com.ar\/index.php?rest_route=\/wp\/v2\/posts"}],"about":[{"href":"https:\/\/fmamiga909.com.ar\/index.php?rest_route=\/wp\/v2\/types\/post"}],"author":[{"embeddable":true,"href":"https:\/\/fmamiga909.com.ar\/index.php?rest_route=\/wp\/v2\/users\/3"}],"replies":[{"embeddable":true,"href":"https:\/\/fmamiga909.com.ar\/index.php?rest_route=%2Fwp%2Fv2%2Fcomments&post=23013"}],"version-history":[{"count":0,"href":"https:\/\/fmamiga909.com.ar\/index.php?rest_route=\/wp\/v2\/posts\/23013\/revisions"}],"wp:featuredmedia":[{"embeddable":true,"href":"https:\/\/fmamiga909.com.ar\/index.php?rest_route=\/wp\/v2\/media\/23014"}],"wp:attachment":[{"href":"https:\/\/fmamiga909.com.ar\/index.php?rest_route=%2Fwp%2Fv2%2Fmedia&parent=23013"}],"wp:term":[{"taxonomy":"category","embeddable":true,"href":"https:\/\/fmamiga909.com.ar\/index.php?rest_route=%2Fwp%2Fv2%2Fcategories&post=23013"},{"taxonomy":"post_tag","embeddable":true,"href":"https:\/\/fmamiga909.com.ar\/index.php?rest_route=%2Fwp%2Fv2%2Ftags&post=23013"}],"curies":[{"name":"wp","href":"https:\/\/api.w.org\/{rel}","templated":true}]}}