{"id":23021,"date":"2025-08-05T23:09:44","date_gmt":"2025-08-05T23:09:44","guid":{"rendered":"https:\/\/fmamiga909.com.ar\/?p=23021"},"modified":"2025-08-05T23:09:44","modified_gmt":"2025-08-05T23:09:44","slug":"mascherano-descarto-a-messi-para-el-inter-miami-pumas","status":"publish","type":"post","link":"https:\/\/fmamiga909.com.ar\/?p=23021","title":{"rendered":"Mascherano descart\u00f3 a Messi para el Inter Miami-Pumas"},"content":{"rendered":"<div><!-- Body --><\/p>\n<p><b>Javier Mascherano descart\u00f3 la presencia de Lionel Messi para el partido de este mi\u00e9rcoles del Inter Miami por la Leagues Cup, ante Pumas de M\u00e9xico desde las 20:30<\/b>.<\/p>\n<p>El entrenador del equipo estadounidense explic\u00f3 en conferencia de prensa que habl\u00f3 con el astro rosarino y, aunque lo describi\u00f3 como <b>\u00abun jugador bastante especial que suele recuperarse muy bien de las lesiones\u00bb<\/b>, se perder\u00e1 el cruce por la \u00faltima fecha de la fase de grupos del certamen norteamericano.<\/p>\n<p>Messi sufri\u00f3 una <b>lesi\u00f3n muscular<\/b> la semana pasada ante Necaxa apenas arranc\u00f3 el partido. El parte m\u00e9dico oficial describi\u00f3 la lesi\u00f3n como <b>\u00abmenor\u00bb<\/b> pero aun as\u00ed es muy pronto para que vuelva a las canchas.<\/p>\n<p>\u00abNos enfrentamos a un gran equipo con muy buenos jugadores. <b>(Adalberto) Carrasquilla es de lo mejor\u00bb, analiz\u00f3 brevemente Mascherano<\/b> sobre su rival de turno, destacando al volante paname\u00f1o. En Pumas tambi\u00e9n juega el costarricense <b>Keylor Navas<\/b>, quien este receso se fue de Newell&#8217;s.<\/p>\n<p>As\u00ed las cosas, el equipo rosa buscar\u00e1 la clasificaci\u00f3n a cuartos de final con <b>Rodrigo De Paul, Sergio Busquets y Luis Su\u00e1rez<\/b> como principales cartas en ataque. Una victoria en el tiempo reglamentario asegurar\u00e1 el pase\u00a0mientras que cualquier otro resultado le har\u00eda depender de otros partidos.<\/p>\n<p><!-- Live Blog Post --><\/div>\n<p><a href=\"https:\/\/www.pagina12.com.ar\/847477-mascherano-descarto-a-messi-para-el-inter-miami-pumas\">source<\/a><\/p>\n","protected":false},"excerpt":{"rendered":"<p>Javier Mascherano descart\u00f3 la presencia de Lionel Messi para el partido de este mi\u00e9rcoles del&#8230;<\/p>\n","protected":false},"author":3,"featured_media":23022,"comment_status":"closed","ping_status":"closed","sticky":false,"template":"","format":"standard","meta":{"footnotes":""},"categories":[21],"tags":[],"class_list":["post-23021","post","type-post","status-publish","format-standard","has-post-thumbnail","hentry","category-deportes"],"featured_image_urls":{"full":["https:\/\/fmamiga909.com.ar\/wp-content\/uploads\/2025\/08\/wp-header-logo-58.png",960,540,false],"thumbnail":["https:\/\/fmamiga909.com.ar\/wp-content\/uploads\/2025\/08\/wp-header-logo-58-150x150.png",150,150,true],"medium":["https:\/\/fmamiga909.com.ar\/wp-content\/uploads\/2025\/08\/wp-header-logo-58-300x169.png",300,169,true],"medium_large":["https:\/\/fmamiga909.com.ar\/wp-content\/uploads\/2025\/08\/wp-header-logo-58.png",960,540,false],"large":["https:\/\/fmamiga909.com.ar\/wp-content\/uploads\/2025\/08\/wp-header-logo-58.png",640,360,false],"1536x1536":["https:\/\/fmamiga909.com.ar\/wp-content\/uploads\/2025\/08\/wp-header-logo-58.png",960,540,false],"2048x2048":["https:\/\/fmamiga909.com.ar\/wp-content\/uploads\/2025\/08\/wp-header-logo-58.png",960,540,false],"newsium-slider-full":["https:\/\/fmamiga909.com.ar\/wp-content\/uploads\/2025\/08\/wp-header-logo-58.png",960,540,false],"newsium-featured":["https:\/\/fmamiga909.com.ar\/wp-content\/uploads\/2025\/08\/wp-header-logo-58.png",960,540,false],"newsium-medium":["https:\/\/fmamiga909.com.ar\/wp-content\/uploads\/2025\/08\/wp-header-logo-58-720x475.png",720,475,true]},"author_info":{"display_name":"Fredy Giuliano","author_link":"https:\/\/fmamiga909.com.ar\/?author=3"},"category_info":"<a href=\"https:\/\/fmamiga909.com.ar\/?cat=21\" rel=\"category\">Deportes<\/a>","tag_info":"Deportes","comment_count":"0","_links":{"self":[{"href":"https:\/\/fmamiga909.com.ar\/index.php?rest_route=\/wp\/v2\/posts\/23021","targetHints":{"allow":["GET"]}}],"collection":[{"href":"https:\/\/fmamiga909.com.ar\/index.php?rest_route=\/wp\/v2\/posts"}],"about":[{"href":"https:\/\/fmamiga909.com.ar\/index.php?rest_route=\/wp\/v2\/types\/post"}],"author":[{"embeddable":true,"href":"https:\/\/fmamiga909.com.ar\/index.php?rest_route=\/wp\/v2\/users\/3"}],"replies":[{"embeddable":true,"href":"https:\/\/fmamiga909.com.ar\/index.php?rest_route=%2Fwp%2Fv2%2Fcomments&post=23021"}],"version-history":[{"count":0,"href":"https:\/\/fmamiga909.com.ar\/index.php?rest_route=\/wp\/v2\/posts\/23021\/revisions"}],"wp:featuredmedia":[{"embeddable":true,"href":"https:\/\/fmamiga909.com.ar\/index.php?rest_route=\/wp\/v2\/media\/23022"}],"wp:attachment":[{"href":"https:\/\/fmamiga909.com.ar\/index.php?rest_route=%2Fwp%2Fv2%2Fmedia&parent=23021"}],"wp:term":[{"taxonomy":"category","embeddable":true,"href":"https:\/\/fmamiga909.com.ar\/index.php?rest_route=%2Fwp%2Fv2%2Fcategories&post=23021"},{"taxonomy":"post_tag","embeddable":true,"href":"https:\/\/fmamiga909.com.ar\/index.php?rest_route=%2Fwp%2Fv2%2Ftags&post=23021"}],"curies":[{"name":"wp","href":"https:\/\/api.w.org\/{rel}","templated":true}]}}