{"id":23027,"date":"2025-08-05T23:23:44","date_gmt":"2025-08-05T23:23:44","guid":{"rendered":"https:\/\/fmamiga909.com.ar\/?p=23027"},"modified":"2025-08-05T23:23:44","modified_gmt":"2025-08-05T23:23:44","slug":"river-plate-driussi-esta-casi-descartado-para-independiente-y-para-la-copa","status":"publish","type":"post","link":"https:\/\/fmamiga909.com.ar\/?p=23027","title":{"rendered":"River Plate: Driussi est\u00e1 casi descartado para Independiente y para la Copa"},"content":{"rendered":"<div><!-- Body --><\/p>\n<p><b>Marcelo Gallardo<\/b>\u00a0esperaba poder contar con <b>Sebasti\u00e1n Driussi<\/b> luego del partido de hace una semana ante San Lorenzo.\u00a0Pero <b>el delantero de River no termina de reponerse y a esta altura, es un hecho que no solo no estar\u00e1 el s\u00e1bado ante Independiente, sino que es muy dif\u00edcil que llegue a la ida de los\u00a0octavos de final de la Copa Libertadores<\/b> que se jugar\u00e1 la semana entrante ante Libertad en Asunci\u00f3n del Paraguay. El colombiano\u00a0<b>Miguel \u00c1ngel Borja se mantendr\u00e1 como titular en ambos partidos.<\/b><\/p>\n<p>Driussi, de 29 a\u00f1os no logr\u00f3 completar los tiempos de recuperaci\u00f3n estipulados por el cuerpo m\u00e9dico de River y, a cuatro d\u00edas del partido ante Independiente en Avellaneda y a nueve de la ida ante Libertad, <b>su presencia se redujo a una posibilidad cada vez m\u00e1s remota<\/b>. Aunque se manej\u00f3 inicialmente un plazo flexible de rehabilitaci\u00f3n entre treinta y sesenta\u00a0d\u00edas despu\u00e9s de la lesi\u00f3n, el escenario apunta a completar la misma reci\u00e9n hacia el 16 de agosto<strong>. Por lo que la<\/strong><b>\u00a0reincorporaci\u00f3n del delantero podr\u00eda darse reci\u00e9n el 17 de agosto ante Godoy Cruz<\/b>, tres d\u00edas antes de la revancha copera en el Monumental.<\/p>\n<p>El jugador sufri\u00f3 un<b> severo esguince en el ligamento interno de su tobillo izquierdo <\/b>el 17 de junio pasado\u00a0tras haber anotado el segundo gol de River ante Urawa Red Diamonds por el Mundial de Clubes. Ante esta baja,\u00a0<strong>Borja tiene todas las chances de<\/strong> <b>volver a ser el centrodelantero titular<\/b>\u00a0frente a Independiente y Libertad, salvo un giro inesperado en la recuperaci\u00f3n de <strong>Maximiliano Salas<\/strong>, quien transita la etapa final de un esguince de rodilla y llegar\u00e1 con lo justo al encuentro en Paraguay.\u00a0<\/p>\n<p>Por otra parte, <b>River acord\u00f3 con la AFA que el juvenil Santiago Lencina no ser\u00e1 liberado para las pr\u00e1cticas que el Seleccionado Sub 20 est\u00e1 haciendo esta semana en el complejo Lionel Messi de Ezeiza.\u00a0<\/b>La prioridad para el cuerpo t\u00e9cnico de Gallardo es mantenerlo disponible de cara a esos dos pr\u00f3ximos partidos habida cuenta que el mediapunta chaque\u00f1o\u00a0viene ganando protagonismo desde la salida de Franco Mastantuono y se ha consolidado entre los titulares.\u00a0<\/p>\n<p><!-- Live Blog Post --><\/div>\n<p><a href=\"https:\/\/www.pagina12.com.ar\/847480-river-plate-driussi-esta-casi-descartado-para-independiente-\">source<\/a><\/p>\n","protected":false},"excerpt":{"rendered":"<p>Marcelo Gallardo\u00a0esperaba poder contar con Sebasti\u00e1n Driussi luego del partido de hace una semana ante&#8230;<\/p>\n","protected":false},"author":3,"featured_media":23028,"comment_status":"closed","ping_status":"closed","sticky":false,"template":"","format":"standard","meta":{"footnotes":""},"categories":[21],"tags":[],"class_list":["post-23027","post","type-post","status-publish","format-standard","has-post-thumbnail","hentry","category-deportes"],"featured_image_urls":{"full":["https:\/\/fmamiga909.com.ar\/wp-content\/uploads\/2025\/08\/wp-header-logo-61.png",960,540,false],"thumbnail":["https:\/\/fmamiga909.com.ar\/wp-content\/uploads\/2025\/08\/wp-header-logo-61-150x150.png",150,150,true],"medium":["https:\/\/fmamiga909.com.ar\/wp-content\/uploads\/2025\/08\/wp-header-logo-61-300x169.png",300,169,true],"medium_large":["https:\/\/fmamiga909.com.ar\/wp-content\/uploads\/2025\/08\/wp-header-logo-61.png",960,540,false],"large":["https:\/\/fmamiga909.com.ar\/wp-content\/uploads\/2025\/08\/wp-header-logo-61.png",640,360,false],"1536x1536":["https:\/\/fmamiga909.com.ar\/wp-content\/uploads\/2025\/08\/wp-header-logo-61.png",960,540,false],"2048x2048":["https:\/\/fmamiga909.com.ar\/wp-content\/uploads\/2025\/08\/wp-header-logo-61.png",960,540,false],"newsium-slider-full":["https:\/\/fmamiga909.com.ar\/wp-content\/uploads\/2025\/08\/wp-header-logo-61.png",960,540,false],"newsium-featured":["https:\/\/fmamiga909.com.ar\/wp-content\/uploads\/2025\/08\/wp-header-logo-61.png",960,540,false],"newsium-medium":["https:\/\/fmamiga909.com.ar\/wp-content\/uploads\/2025\/08\/wp-header-logo-61-720x475.png",720,475,true]},"author_info":{"display_name":"Fredy Giuliano","author_link":"https:\/\/fmamiga909.com.ar\/?author=3"},"category_info":"<a href=\"https:\/\/fmamiga909.com.ar\/?cat=21\" rel=\"category\">Deportes<\/a>","tag_info":"Deportes","comment_count":"0","_links":{"self":[{"href":"https:\/\/fmamiga909.com.ar\/index.php?rest_route=\/wp\/v2\/posts\/23027","targetHints":{"allow":["GET"]}}],"collection":[{"href":"https:\/\/fmamiga909.com.ar\/index.php?rest_route=\/wp\/v2\/posts"}],"about":[{"href":"https:\/\/fmamiga909.com.ar\/index.php?rest_route=\/wp\/v2\/types\/post"}],"author":[{"embeddable":true,"href":"https:\/\/fmamiga909.com.ar\/index.php?rest_route=\/wp\/v2\/users\/3"}],"replies":[{"embeddable":true,"href":"https:\/\/fmamiga909.com.ar\/index.php?rest_route=%2Fwp%2Fv2%2Fcomments&post=23027"}],"version-history":[{"count":0,"href":"https:\/\/fmamiga909.com.ar\/index.php?rest_route=\/wp\/v2\/posts\/23027\/revisions"}],"wp:featuredmedia":[{"embeddable":true,"href":"https:\/\/fmamiga909.com.ar\/index.php?rest_route=\/wp\/v2\/media\/23028"}],"wp:attachment":[{"href":"https:\/\/fmamiga909.com.ar\/index.php?rest_route=%2Fwp%2Fv2%2Fmedia&parent=23027"}],"wp:term":[{"taxonomy":"category","embeddable":true,"href":"https:\/\/fmamiga909.com.ar\/index.php?rest_route=%2Fwp%2Fv2%2Fcategories&post=23027"},{"taxonomy":"post_tag","embeddable":true,"href":"https:\/\/fmamiga909.com.ar\/index.php?rest_route=%2Fwp%2Fv2%2Ftags&post=23027"}],"curies":[{"name":"wp","href":"https:\/\/api.w.org\/{rel}","templated":true}]}}