{"id":23041,"date":"2025-08-06T22:36:28","date_gmt":"2025-08-06T22:36:28","guid":{"rendered":"https:\/\/fmamiga909.com.ar\/?p=23041"},"modified":"2025-08-06T22:36:28","modified_gmt":"2025-08-06T22:36:28","slug":"boca-y-la-crisis-sin-fin-se-disolvio-el-consejo-de-futbol","status":"publish","type":"post","link":"https:\/\/fmamiga909.com.ar\/?p=23041","title":{"rendered":"Boca y la crisis sin fin: se disolvi\u00f3 el Consejo de F\u00fatbol"},"content":{"rendered":"<div><!-- Body --><\/p>\n<p>Se cumplieron los vaticinios y en plena crisis deportiva de <b>Boca<\/b>, el presidente <b>Juan Rom\u00e1n Riquelme<\/b> <b>tom\u00f3 la decisi\u00f3n de disolver el Consejo de F\u00fatbol<\/b>. De esta manera,\u00a0<b>Mauricio Serna <\/b>y <b>Ra\u00fal Cascini<\/b> dejar\u00e1n sus puestos y se ir\u00e1n del club en tanto\u00a0que el \u00fanico que seguir\u00e1\u00a0es <b>Marcelo Delgado,<\/b> acaso el m\u00e1s cercano de los tres al actual presidente, quien concentrar\u00e1 m\u00e1s funciones.<\/p>\n<p>Desde Boca comunicaron que <b>Riquelme primero les ofreci\u00f3 a Serna y Cascini reacomodarlos en otro sector de la instituci\u00f3n, aunque luego di\u00f3 marcha atr\u00e1s y directamente los destituy\u00f3 del cargo.<\/b>\u00a0<i\/>Seg\u00fan indicaron fuentes de la instituci\u00f3n. la medida se fundament\u00f3 en que <b>\u201cno se dieron los resultados que esper\u00e1bamos y hay que cambiar\u201d. <\/b>Por lo que despu\u00e9s de m\u00e1s de cinco a\u00f1os encarg\u00e1ndose de la gesti\u00f3n futbol\u00edstica de Boca, el Consejo de F\u00fatbol ces\u00f3 en sus funciones.<\/p>\n<p>\u00a0A partir de ahora comienzan las especulaciones respecto de como habr\u00e1 de manejarse de aqu\u00ed en mas\u00a0 la pol\u00edtica de altas y bajas del plantel y <b>la relaci\u00f3n con los jugadores, que bajo el Consejo ahora saliente siempre se desarroll\u00f3 en un marco de tensi\u00f3n.\u00a0<\/b>Seg\u00fan algunos observadores, <b>Riquelme derivar\u00e1 todas esas cuestiones en un manager, pero reserv\u00e1ndose siempre la \u00faltima palabra en todos los tema<\/b>s. Otros creen que podr\u00eda armarse un nuevo Consejo con otros ex futbolistas de probada identidad boquense. En ambos casos, circulan dos nombres posibles, los de <b>Carlos Navarro Montoya <\/b>y <b>Alberto M\u00e1rcico<\/b>.\u00a0<\/p>\n<p>Las reacciones de la Bombonera antes, durante y despu\u00e9s del partido del s\u00e1bado ante Racing pueden marcar el camino de lo que se viene en el futuro futbol\u00edstico de Boca. <b>Con la disoluci\u00f3n del Consejo, Riquelme acusa recibo del mal momento deportivo y trata de descomprimir y crear una expectativa nueva en los hinchas<\/b>. Pero de nada servir\u00e1 esta medida si Boca no le gana a la Academia y sigue extendiendo su racha de once partidos sin victorias entre el torneo Apertura, el Mundial de Clubes, la Copa Argentina y el torneo Clausura.\u00a0 \u00a0 \u00a0\u00a0<\/p>\n<p>El Consejo de F\u00fatbol,<b> formado cuando Riquelme asumi\u00f3 la vicepresidencia en 2020, tambi\u00e9n estuvo integrado desde un principio por el colombiano Jorge Berm\u00fadez<\/b> quien se retir\u00f3 cuando Rom\u00e1n lleg\u00f3 a presidencia a fines de 2023. La gesti\u00f3n de Cascini, Serna y Delgado hab\u00eda quedado en la mira desde fines de ese a\u00f1o cuando Boca no pudo entrar a la Copa Libertadores 2024 y no pudo remontar luego por las sucesivas eliminaciones que el equipo fue sufriendo.<\/p>\n<p>\u00a0Sin ir m\u00e1s lejos, este a\u00f1o qued\u00f3 al margen de ambas copas continentales al perder ante Alianza Lima por tiros desde el punto penal en la Bombonera, luego y tambi\u00e9n como local, Independiente lo elimin\u00f3 en los cuartos de final del torneo Apertura, no pudo pasar de la fase de grupos del Mundial de Clubes en el que sum\u00f3 apenas dos puntos sobre nueve y por \u00faltimo, Atl\u00e9tico Tucum\u00e1n lo sac\u00f3 de la Copa Argentina.<\/p>\n<p><b>La actual mala racha, adem\u00e1s, compromete la entrada a la Copa Libertadores 2026 para la que necesita salir campe\u00f3n del torneo Claustra o clasificar entre los tres primeros de la tabla anual<\/b> en la que, por ahora y por diferencia de gol, ocupa el cuarto puesto que lo lleva de nuevo a la Copa Sudamericana. Pero adem\u00e1s, el desgaste del Consejo sobrevino por otros temas como la contrataci\u00f3n de jugadores poco calificados para integrar el plantel, una relaci\u00f3n tirante con algunos futbolistas, <b>la salida de <\/b><b>Valent\u00edn Barco, Ezequiel y Guillermo Fern\u00e1ndez y Cristian Medina quienes no quisieron renovar sus contratos y se terminaron yendo por la cl\u00e1usula de rescisi\u00f3n<\/b> y yerros administrativos, Ahora y en medio de una crisis que no encuentra su piso, el Consejo deja de existir. Habr\u00e1 que ver que se le ocurre a Riquelme en su reemplazo.<\/p>\n<p><!-- Live Blog Post --><\/div>\n<p><a href=\"https:\/\/www.pagina12.com.ar\/847738-boca-y-la-crisis-sin-fin-se-disolvio-el-consejo-de-futbol\">source<\/a><\/p>\n","protected":false},"excerpt":{"rendered":"<p>Se cumplieron los vaticinios y en plena crisis deportiva de Boca, el presidente Juan Rom\u00e1n&#8230;<\/p>\n","protected":false},"author":3,"featured_media":23042,"comment_status":"closed","ping_status":"closed","sticky":false,"template":"","format":"standard","meta":{"footnotes":""},"categories":[21],"tags":[],"class_list":["post-23041","post","type-post","status-publish","format-standard","has-post-thumbnail","hentry","category-deportes"],"featured_image_urls":{"full":["https:\/\/fmamiga909.com.ar\/wp-content\/uploads\/2025\/08\/wp-header-logo-68.png",960,540,false],"thumbnail":["https:\/\/fmamiga909.com.ar\/wp-content\/uploads\/2025\/08\/wp-header-logo-68-150x150.png",150,150,true],"medium":["https:\/\/fmamiga909.com.ar\/wp-content\/uploads\/2025\/08\/wp-header-logo-68-300x169.png",300,169,true],"medium_large":["https:\/\/fmamiga909.com.ar\/wp-content\/uploads\/2025\/08\/wp-header-logo-68.png",960,540,false],"large":["https:\/\/fmamiga909.com.ar\/wp-content\/uploads\/2025\/08\/wp-header-logo-68.png",640,360,false],"1536x1536":["https:\/\/fmamiga909.com.ar\/wp-content\/uploads\/2025\/08\/wp-header-logo-68.png",960,540,false],"2048x2048":["https:\/\/fmamiga909.com.ar\/wp-content\/uploads\/2025\/08\/wp-header-logo-68.png",960,540,false],"newsium-slider-full":["https:\/\/fmamiga909.com.ar\/wp-content\/uploads\/2025\/08\/wp-header-logo-68.png",960,540,false],"newsium-featured":["https:\/\/fmamiga909.com.ar\/wp-content\/uploads\/2025\/08\/wp-header-logo-68.png",960,540,false],"newsium-medium":["https:\/\/fmamiga909.com.ar\/wp-content\/uploads\/2025\/08\/wp-header-logo-68-720x475.png",720,475,true]},"author_info":{"display_name":"Fredy Giuliano","author_link":"https:\/\/fmamiga909.com.ar\/?author=3"},"category_info":"<a href=\"https:\/\/fmamiga909.com.ar\/?cat=21\" rel=\"category\">Deportes<\/a>","tag_info":"Deportes","comment_count":"0","_links":{"self":[{"href":"https:\/\/fmamiga909.com.ar\/index.php?rest_route=\/wp\/v2\/posts\/23041","targetHints":{"allow":["GET"]}}],"collection":[{"href":"https:\/\/fmamiga909.com.ar\/index.php?rest_route=\/wp\/v2\/posts"}],"about":[{"href":"https:\/\/fmamiga909.com.ar\/index.php?rest_route=\/wp\/v2\/types\/post"}],"author":[{"embeddable":true,"href":"https:\/\/fmamiga909.com.ar\/index.php?rest_route=\/wp\/v2\/users\/3"}],"replies":[{"embeddable":true,"href":"https:\/\/fmamiga909.com.ar\/index.php?rest_route=%2Fwp%2Fv2%2Fcomments&post=23041"}],"version-history":[{"count":0,"href":"https:\/\/fmamiga909.com.ar\/index.php?rest_route=\/wp\/v2\/posts\/23041\/revisions"}],"wp:featuredmedia":[{"embeddable":true,"href":"https:\/\/fmamiga909.com.ar\/index.php?rest_route=\/wp\/v2\/media\/23042"}],"wp:attachment":[{"href":"https:\/\/fmamiga909.com.ar\/index.php?rest_route=%2Fwp%2Fv2%2Fmedia&parent=23041"}],"wp:term":[{"taxonomy":"category","embeddable":true,"href":"https:\/\/fmamiga909.com.ar\/index.php?rest_route=%2Fwp%2Fv2%2Fcategories&post=23041"},{"taxonomy":"post_tag","embeddable":true,"href":"https:\/\/fmamiga909.com.ar\/index.php?rest_route=%2Fwp%2Fv2%2Ftags&post=23041"}],"curies":[{"name":"wp","href":"https:\/\/api.w.org\/{rel}","templated":true}]}}