{"id":23047,"date":"2025-08-06T23:39:35","date_gmt":"2025-08-06T23:39:35","guid":{"rendered":"https:\/\/fmamiga909.com.ar\/?p=23047"},"modified":"2025-08-06T23:39:35","modified_gmt":"2025-08-06T23:39:35","slug":"vietto-se-encuentra-listo-para-volver-en-racing-y-jugaria-ante-boca","status":"publish","type":"post","link":"https:\/\/fmamiga909.com.ar\/?p=23047","title":{"rendered":"Vietto se encuentra listo para volver en Racing y jugar\u00eda ante Boca"},"content":{"rendered":"<div><!-- Body --><\/p>\n<p>El delantero Luciano Vietto podr\u00eda reaparecer en Racing justo a tiempo para uno de los partidos m\u00e1s importantes del semestre. Despu\u00e9s de casi tres meses de inactividad por una sacroile\u00edtis (inflamaci\u00f3n en las articulaciones sacroil\u00edacas), el jugador de 31 a\u00f1os dej\u00f3 atr\u00e1s la lumbalgia que lo afectaba y volvi\u00f3 a entrenarse con normalidad junto al resto del plantel.<\/p>\n<p>Su \u00faltimo partido fue el 14 de mayo en la goleada 4-0 a Colo Colo por la Copa Libertadores, y desde entonces no volvi\u00f3 a sumar minutos.<\/p>\n<p>Este martes, Racing utiliz\u00f3 sus redes sociales para confirmar lo que los hinchas esperaban: Vietto volvi\u00f3 a trabajar a la par, tras someterse a un bloqueo radicular guiado por tomograf\u00eda computada, tratamiento clave para aliviar el dolor lumbar que lo marginaba.<\/p>\n<p>En su cuenta oficial de X (ex Twitter), el club public\u00f3: \u201c\u00a1Dale que te necesitamos, Lucho! Despu\u00e9s de varias semanas de mucho esfuerzo y tratamientos m\u00e9dicos y kinesiol\u00f3gicos, @LucianoVietto se someti\u00f3 a un bloqueo radicular guiado bajo TAC para superar una lumbalgia. Ya se encuentra entrenando normalmente y est\u00e1 a disposici\u00f3n del cuerpo t\u00e9cnico\u201d.<\/p>\n<p>Si en las pr\u00f3ximas pr\u00e1cticas no presenta molestias, el entrenador Gustavo Costas lo incluir\u00e1 entre los concentrados para visitar a Boca este s\u00e1bado en La Bombonera, desde las 16.30, por la cuarta fecha del Torneo Clausura.<\/p>\n<p>Desde su regreso a la \u201cAcademia\u201d en este segundo ciclo, Vietto disput\u00f3 25 partidos, marc\u00f3 7 goles, brind\u00f3 2 asistencias y ya conquist\u00f3 2 t\u00edtulos. Pese a la competencia interna con nombres como Adri\u00e1n \u201cMaravilla\u201d Mart\u00ednez, Duv\u00e1n Vergara, Tom\u00e1s Conechny y Santiago Solari, su regreso es valorado por su experiencia, desequilibrio y capacidad para asociarse en ataque.<\/p>\n<p>En paralelo, Racing sigue pendiente de la evoluci\u00f3n de Mat\u00edas Zaracho, quien podr\u00eda regresar frente a Tigre el 15 de agosto, y de otros jugadores lesionados como Zuculini, Martirena y Arias, con la Copa Libertadores a la vuelta de la esquina.<\/p>\n<p>El regreso de Vietto, justo ante un cl\u00e1sico como el de Boca y en la antesala de los octavos de final del torneo continental, representa un impulso an\u00edmico y futbol\u00edstico clave para un Racing que busca recuperar protagonismo en todas las competencias.<\/p>\n<p><!-- Live Blog Post --><\/div>\n<p><a href=\"https:\/\/www.pagina12.com.ar\/847743-vietto-se-encuentra-listo-para-volver-en-racing-y-jugaria-an\">source<\/a><\/p>\n","protected":false},"excerpt":{"rendered":"<p>El delantero Luciano Vietto podr\u00eda reaparecer en Racing justo a tiempo para uno de los&#8230;<\/p>\n","protected":false},"author":3,"featured_media":23048,"comment_status":"closed","ping_status":"closed","sticky":false,"template":"","format":"standard","meta":{"footnotes":""},"categories":[21],"tags":[],"class_list":["post-23047","post","type-post","status-publish","format-standard","has-post-thumbnail","hentry","category-deportes"],"featured_image_urls":{"full":["https:\/\/fmamiga909.com.ar\/wp-content\/uploads\/2025\/08\/wp-header-logo-71.png",960,540,false],"thumbnail":["https:\/\/fmamiga909.com.ar\/wp-content\/uploads\/2025\/08\/wp-header-logo-71-150x150.png",150,150,true],"medium":["https:\/\/fmamiga909.com.ar\/wp-content\/uploads\/2025\/08\/wp-header-logo-71-300x169.png",300,169,true],"medium_large":["https:\/\/fmamiga909.com.ar\/wp-content\/uploads\/2025\/08\/wp-header-logo-71.png",960,540,false],"large":["https:\/\/fmamiga909.com.ar\/wp-content\/uploads\/2025\/08\/wp-header-logo-71.png",640,360,false],"1536x1536":["https:\/\/fmamiga909.com.ar\/wp-content\/uploads\/2025\/08\/wp-header-logo-71.png",960,540,false],"2048x2048":["https:\/\/fmamiga909.com.ar\/wp-content\/uploads\/2025\/08\/wp-header-logo-71.png",960,540,false],"newsium-slider-full":["https:\/\/fmamiga909.com.ar\/wp-content\/uploads\/2025\/08\/wp-header-logo-71.png",960,540,false],"newsium-featured":["https:\/\/fmamiga909.com.ar\/wp-content\/uploads\/2025\/08\/wp-header-logo-71.png",960,540,false],"newsium-medium":["https:\/\/fmamiga909.com.ar\/wp-content\/uploads\/2025\/08\/wp-header-logo-71-720x475.png",720,475,true]},"author_info":{"display_name":"Fredy Giuliano","author_link":"https:\/\/fmamiga909.com.ar\/?author=3"},"category_info":"<a href=\"https:\/\/fmamiga909.com.ar\/?cat=21\" rel=\"category\">Deportes<\/a>","tag_info":"Deportes","comment_count":"0","_links":{"self":[{"href":"https:\/\/fmamiga909.com.ar\/index.php?rest_route=\/wp\/v2\/posts\/23047","targetHints":{"allow":["GET"]}}],"collection":[{"href":"https:\/\/fmamiga909.com.ar\/index.php?rest_route=\/wp\/v2\/posts"}],"about":[{"href":"https:\/\/fmamiga909.com.ar\/index.php?rest_route=\/wp\/v2\/types\/post"}],"author":[{"embeddable":true,"href":"https:\/\/fmamiga909.com.ar\/index.php?rest_route=\/wp\/v2\/users\/3"}],"replies":[{"embeddable":true,"href":"https:\/\/fmamiga909.com.ar\/index.php?rest_route=%2Fwp%2Fv2%2Fcomments&post=23047"}],"version-history":[{"count":0,"href":"https:\/\/fmamiga909.com.ar\/index.php?rest_route=\/wp\/v2\/posts\/23047\/revisions"}],"wp:featuredmedia":[{"embeddable":true,"href":"https:\/\/fmamiga909.com.ar\/index.php?rest_route=\/wp\/v2\/media\/23048"}],"wp:attachment":[{"href":"https:\/\/fmamiga909.com.ar\/index.php?rest_route=%2Fwp%2Fv2%2Fmedia&parent=23047"}],"wp:term":[{"taxonomy":"category","embeddable":true,"href":"https:\/\/fmamiga909.com.ar\/index.php?rest_route=%2Fwp%2Fv2%2Fcategories&post=23047"},{"taxonomy":"post_tag","embeddable":true,"href":"https:\/\/fmamiga909.com.ar\/index.php?rest_route=%2Fwp%2Fv2%2Ftags&post=23047"}],"curies":[{"name":"wp","href":"https:\/\/api.w.org\/{rel}","templated":true}]}}