{"id":23051,"date":"2025-08-07T14:07:41","date_gmt":"2025-08-07T14:07:41","guid":{"rendered":"https:\/\/fmamiga909.com.ar\/?p=23051"},"modified":"2025-08-07T14:07:41","modified_gmt":"2025-08-07T14:07:41","slug":"dibu-martinez-fue-nominado-al-premio-lev-yashin-del-balon-de-oro-como-mejor-arquero-del-mundo","status":"publish","type":"post","link":"https:\/\/fmamiga909.com.ar\/?p=23051","title":{"rendered":"Dibu Mart\u00ednez fue nominado al Premio Lev Yashin del Bal\u00f3n de Oro como mejor arquero del Mundo"},"content":{"rendered":"<div><!-- Body --><\/p>\n<p><b>Emiliano Mart\u00ednez<\/b> fue nominado por tercera vez consecutiva al <b>Premio Lev Yashin<\/b> del <b>Bal\u00f3n de Oro<\/b> como <b>Mejor Arquero del Mundo<\/b>. El <i>Dibu <\/i>viene de <b>ganar ambas ediciones<\/b>. \u00bfCon qui\u00e9nes comparte la terna?<\/p>\n<h3\/>\n<p>El arquero del<b> Aston Villa<\/b> y la <b>selecci\u00f3n argentina<\/b> es el <b>m\u00e1ximo ganador del premio <\/b>que la revista <b>France Football<\/b> entrega desde 2019. Lo siguen el brasile\u00f1o <b>Alisson Becker<\/b>, el italiano <b>Gianluigi Donnarumma<\/b> y el belga <b>Thibaut Courtois<\/b>, todos ellos con una consagraci\u00f3n.<\/p>\n<ul>\n<li><b><i>Dibu <\/i>Mart\u00ednez: 2 (2023 y 2022)<\/b><\/li>\n<li>Alisson Becker: 1 (2019)<\/li>\n<li>Gianluigi Donnarumma: 1 (2021)<\/li>\n<li>Thibaut Courtois: 1 (2022)\u00a0<\/li>\n<\/ul>\n<p>El galard\u00f3n lleva el nombre de la <i><b>Ara\u00f1a Negra<\/b><\/i>, el legendario exarquero ruso ganador de varios t\u00edtulos de clubes, adem\u00e1s de la <b>medalla de oro de los JJ.OO de Sydney 1956 y la Eurocopa 1960<\/b> con la selecci\u00f3n de la Uni\u00f3n Sovi\u00e9tica.<\/p>\n<h2>Los nominados al Premio Lev Yashin del Bal\u00f3n de Oro 2025<\/h2>\n<ul>\n<li><b><i>Dibu <\/i>Mart\u00ednez<\/b>, Aston Villa y Argentina<\/li>\n<li><b>Alisson Becker<\/b>, Liverpool y Brasil<\/li>\n<li><b>Yassine Bono<\/b>, Al-Hilal y Marruecos<\/li>\n<li><b>Lucas Chevalier,<\/b> Lille y Francia<\/li>\n<li><b>Thibaut Courtois,<\/b> Real Madrid y B\u00e9lgica<\/li>\n<li><b>Gianluigi Donnarumma<\/b>, PSG e Italia<\/li>\n<li><b>Jan Oblak<\/b>, Atl\u00e9tico de Madrid y Eslovenia<\/li>\n<li><b>David Raya<\/b>, Arsenal y Espa\u00f1a<\/li>\n<li><b>Matz Sels,<\/b> Nottingham Forest y B\u00e9lgica<\/li>\n<li><b>Yann Sommer<\/b>, Inter y Suiza<\/li>\n<\/ul>\n<h2>\u00bfC\u00f3mo se vota el ganador?<\/h2>\n<p>Los diez nominados son seleccionados por la revista <i>France Football<\/i> y el diario <i>L&#8217;\u00c9quipe<\/i>, dos de los medios deportivos m\u00e1s importantes del mundo.\u00a0<b>El jurado que decide al ganador est\u00e1 compuesto por 100 periodistas deportivos<\/b>, uno por cada pa\u00eds cuya selecci\u00f3n est\u00e9 dentro del top 100 del ranking de la FIFA.\u00a0<\/p>\n<h2>\u00bfQui\u00e9n es el candidato a ganarlo en 2025?<\/h2>\n<p>El <b>Aston Villa<\/b> del <b>Dibu Mart\u00ednez<\/b> tuvo otra gran temporada. Termin\u00f3 sexto en la <b>Premier League <\/b>con 66 puntos<b>,<\/b> en la misma l\u00ednea que el quinto que fue <b>Newcastle,\u00a0<\/b>pero con menos diferencia de gol. Ese diferencia le impidi\u00f3 clasificar a la pr\u00f3xima Champions League, pero lo meti\u00f3 en la fase de grupos de la Europa League.<\/p>\n<p>De todas maneras, los villanos hicieron una muy buena Champions la temporada pasada: clasificaron octavos en la Fase de Liga, por lo que se metieron directamente a octavos de final sin necesidad de pasar por el <i>Playoff<\/i>. En ese camino est\u00e1 inclu\u00edda una <b>victoria por 1 a 0 frente al Bayern M\u00fanich.\u00a0<\/b><\/p>\n<p>En octavos elimin\u00f3 de manera contundente por 6 a 1 en el global al Brujas de B\u00e9lgica. En cuartos de final se cruz\u00f3 con el PSG, que ven\u00eda de eliminar al Liverpool y ser\u00eda el futuro campe\u00f3n. Los <i>villanos <\/i>perdieron 3 a 1 en Francia, arrancaron 2 a 0 abajo en Inglaterra, pero <b>se pusieron 3 a 2 y estuvieron a un solo gol de forzar el alargue ante el mejor equipo del mundo<\/b>.<\/p>\n<p>A pesar de la gran temporada del Dibu, <b>el gran favorito para quedarse con el premio este a\u00f1o es el italiano Gianluigi Donnarumma<\/b>, arquero del <b>PSG <\/b>que <b>gan\u00f3 Liga y Copa en Francia y la Champions League<\/b>, adem\u00e1s de llegar a la final del <b>Mundial de Clubes<\/b>.\u00a0<\/p>\n<h3>Segu\u00ed leyendo<\/h3>\n<h3\/><!-- Live Blog Post --><\/div>\n<p><a href=\"https:\/\/www.pagina12.com.ar\/847915-dibu-martinez-fue-nominado-al-premio-lev-yashin-del-balon-de\">source<\/a><\/p>\n","protected":false},"excerpt":{"rendered":"<p>Emiliano Mart\u00ednez fue nominado por tercera vez consecutiva al Premio Lev Yashin del Bal\u00f3n de&#8230;<\/p>\n","protected":false},"author":3,"featured_media":23052,"comment_status":"closed","ping_status":"closed","sticky":false,"template":"","format":"standard","meta":{"footnotes":""},"categories":[21],"tags":[],"class_list":["post-23051","post","type-post","status-publish","format-standard","has-post-thumbnail","hentry","category-deportes"],"featured_image_urls":{"full":["https:\/\/fmamiga909.com.ar\/wp-content\/uploads\/2025\/08\/wp-header-logo-73.png",960,540,false],"thumbnail":["https:\/\/fmamiga909.com.ar\/wp-content\/uploads\/2025\/08\/wp-header-logo-73-150x150.png",150,150,true],"medium":["https:\/\/fmamiga909.com.ar\/wp-content\/uploads\/2025\/08\/wp-header-logo-73-300x169.png",300,169,true],"medium_large":["https:\/\/fmamiga909.com.ar\/wp-content\/uploads\/2025\/08\/wp-header-logo-73.png",960,540,false],"large":["https:\/\/fmamiga909.com.ar\/wp-content\/uploads\/2025\/08\/wp-header-logo-73.png",640,360,false],"1536x1536":["https:\/\/fmamiga909.com.ar\/wp-content\/uploads\/2025\/08\/wp-header-logo-73.png",960,540,false],"2048x2048":["https:\/\/fmamiga909.com.ar\/wp-content\/uploads\/2025\/08\/wp-header-logo-73.png",960,540,false],"newsium-slider-full":["https:\/\/fmamiga909.com.ar\/wp-content\/uploads\/2025\/08\/wp-header-logo-73.png",960,540,false],"newsium-featured":["https:\/\/fmamiga909.com.ar\/wp-content\/uploads\/2025\/08\/wp-header-logo-73.png",960,540,false],"newsium-medium":["https:\/\/fmamiga909.com.ar\/wp-content\/uploads\/2025\/08\/wp-header-logo-73-720x475.png",720,475,true]},"author_info":{"display_name":"Fredy Giuliano","author_link":"https:\/\/fmamiga909.com.ar\/?author=3"},"category_info":"<a href=\"https:\/\/fmamiga909.com.ar\/?cat=21\" rel=\"category\">Deportes<\/a>","tag_info":"Deportes","comment_count":"0","_links":{"self":[{"href":"https:\/\/fmamiga909.com.ar\/index.php?rest_route=\/wp\/v2\/posts\/23051","targetHints":{"allow":["GET"]}}],"collection":[{"href":"https:\/\/fmamiga909.com.ar\/index.php?rest_route=\/wp\/v2\/posts"}],"about":[{"href":"https:\/\/fmamiga909.com.ar\/index.php?rest_route=\/wp\/v2\/types\/post"}],"author":[{"embeddable":true,"href":"https:\/\/fmamiga909.com.ar\/index.php?rest_route=\/wp\/v2\/users\/3"}],"replies":[{"embeddable":true,"href":"https:\/\/fmamiga909.com.ar\/index.php?rest_route=%2Fwp%2Fv2%2Fcomments&post=23051"}],"version-history":[{"count":0,"href":"https:\/\/fmamiga909.com.ar\/index.php?rest_route=\/wp\/v2\/posts\/23051\/revisions"}],"wp:featuredmedia":[{"embeddable":true,"href":"https:\/\/fmamiga909.com.ar\/index.php?rest_route=\/wp\/v2\/media\/23052"}],"wp:attachment":[{"href":"https:\/\/fmamiga909.com.ar\/index.php?rest_route=%2Fwp%2Fv2%2Fmedia&parent=23051"}],"wp:term":[{"taxonomy":"category","embeddable":true,"href":"https:\/\/fmamiga909.com.ar\/index.php?rest_route=%2Fwp%2Fv2%2Fcategories&post=23051"},{"taxonomy":"post_tag","embeddable":true,"href":"https:\/\/fmamiga909.com.ar\/index.php?rest_route=%2Fwp%2Fv2%2Ftags&post=23051"}],"curies":[{"name":"wp","href":"https:\/\/api.w.org\/{rel}","templated":true}]}}