{"id":23073,"date":"2025-08-08T01:21:16","date_gmt":"2025-08-08T01:21:16","guid":{"rendered":"https:\/\/fmamiga909.com.ar\/?p=23073"},"modified":"2025-08-08T01:21:16","modified_gmt":"2025-08-08T01:21:16","slug":"marcos-rojo-acepto-rescindir-su-contrato-y-se-ira-de-boca","status":"publish","type":"post","link":"https:\/\/fmamiga909.com.ar\/?p=23073","title":{"rendered":"Marcos Rojo acept\u00f3 rescindir su contrato y se ir\u00e1 de Boca"},"content":{"rendered":"<div><!-- Body --><\/p>\n<p>El defensor de Boca Marcos Rojo tom\u00f3 la decisi\u00f3n de rescindir su contrato con el club, luego de haber rechazado la propuesta en primera instancia.<\/p>\n<p>El zaguero central de 35 a\u00f1os quedar\u00e1 en libertad de acci\u00f3n y podr\u00e1 negociar con otra instituci\u00f3n, entre ellas Estudiantes de La Plata, que ser\u00eda  el destino que pica en punta.<\/p>\n<p>Seg\u00fan trascendi\u00f3, fue el ex Manchester United quien dio el paso para llevar a cabo la reuni\u00f3n en la que, de com\u00fan acuerdo con la Comisi\u00f3n Directiva, se decidi\u00f3 finalizar el v\u00ednculo contractual con el cuadro azul y oro.<\/p>\n<p>De esta manera, Rojo cobrar\u00e1 hasta el \u00faltimo d\u00eda trabajado y este viernes firmar\u00e1 la rescisi\u00f3n del contrato.<\/p>\n<p>Una vez finalizada la desvinculaci\u00f3n con el conjunto de La Ribera, todo parecer\u00eda indicar que el futbolista se incorporar\u00e1 al \u201cPincha\u201d, club en el que debut\u00f3 y que lo pretende desde hace varias semanas.<\/p>\n<p>El pasado mi\u00e9rcoles, el defensor central le envi\u00f3 un mensaje a Marcelo Delgado, mano derecha del presidente del elenco de la Ribera, Juan Rom\u00e1n Riquelme, y quien lleva adelante la gesti\u00f3n, luego de que su entorno lo convenciera de que dejar Brandsen 805 ser\u00eda la decisi\u00f3n correcta.<\/p>\n<p><!-- Live Blog Post --><\/div>\n<p><a href=\"https:\/\/www.pagina12.com.ar\/848132-marcos-rojo-acepto-rescindir-su-contrato-y-se-ira-de-boca\">source<\/a><\/p>\n","protected":false},"excerpt":{"rendered":"<p>El defensor de Boca Marcos Rojo tom\u00f3 la decisi\u00f3n de rescindir su contrato con el&#8230;<\/p>\n","protected":false},"author":3,"featured_media":23074,"comment_status":"closed","ping_status":"closed","sticky":false,"template":"","format":"standard","meta":{"footnotes":""},"categories":[21],"tags":[],"class_list":["post-23073","post","type-post","status-publish","format-standard","has-post-thumbnail","hentry","category-deportes"],"featured_image_urls":{"full":["https:\/\/fmamiga909.com.ar\/wp-content\/uploads\/2025\/08\/wp-header-logo-84.png",960,540,false],"thumbnail":["https:\/\/fmamiga909.com.ar\/wp-content\/uploads\/2025\/08\/wp-header-logo-84-150x150.png",150,150,true],"medium":["https:\/\/fmamiga909.com.ar\/wp-content\/uploads\/2025\/08\/wp-header-logo-84-300x169.png",300,169,true],"medium_large":["https:\/\/fmamiga909.com.ar\/wp-content\/uploads\/2025\/08\/wp-header-logo-84.png",960,540,false],"large":["https:\/\/fmamiga909.com.ar\/wp-content\/uploads\/2025\/08\/wp-header-logo-84.png",640,360,false],"1536x1536":["https:\/\/fmamiga909.com.ar\/wp-content\/uploads\/2025\/08\/wp-header-logo-84.png",960,540,false],"2048x2048":["https:\/\/fmamiga909.com.ar\/wp-content\/uploads\/2025\/08\/wp-header-logo-84.png",960,540,false],"newsium-slider-full":["https:\/\/fmamiga909.com.ar\/wp-content\/uploads\/2025\/08\/wp-header-logo-84.png",960,540,false],"newsium-featured":["https:\/\/fmamiga909.com.ar\/wp-content\/uploads\/2025\/08\/wp-header-logo-84.png",960,540,false],"newsium-medium":["https:\/\/fmamiga909.com.ar\/wp-content\/uploads\/2025\/08\/wp-header-logo-84-720x475.png",720,475,true]},"author_info":{"display_name":"Fredy Giuliano","author_link":"https:\/\/fmamiga909.com.ar\/?author=3"},"category_info":"<a href=\"https:\/\/fmamiga909.com.ar\/?cat=21\" rel=\"category\">Deportes<\/a>","tag_info":"Deportes","comment_count":"0","_links":{"self":[{"href":"https:\/\/fmamiga909.com.ar\/index.php?rest_route=\/wp\/v2\/posts\/23073","targetHints":{"allow":["GET"]}}],"collection":[{"href":"https:\/\/fmamiga909.com.ar\/index.php?rest_route=\/wp\/v2\/posts"}],"about":[{"href":"https:\/\/fmamiga909.com.ar\/index.php?rest_route=\/wp\/v2\/types\/post"}],"author":[{"embeddable":true,"href":"https:\/\/fmamiga909.com.ar\/index.php?rest_route=\/wp\/v2\/users\/3"}],"replies":[{"embeddable":true,"href":"https:\/\/fmamiga909.com.ar\/index.php?rest_route=%2Fwp%2Fv2%2Fcomments&post=23073"}],"version-history":[{"count":0,"href":"https:\/\/fmamiga909.com.ar\/index.php?rest_route=\/wp\/v2\/posts\/23073\/revisions"}],"wp:featuredmedia":[{"embeddable":true,"href":"https:\/\/fmamiga909.com.ar\/index.php?rest_route=\/wp\/v2\/media\/23074"}],"wp:attachment":[{"href":"https:\/\/fmamiga909.com.ar\/index.php?rest_route=%2Fwp%2Fv2%2Fmedia&parent=23073"}],"wp:term":[{"taxonomy":"category","embeddable":true,"href":"https:\/\/fmamiga909.com.ar\/index.php?rest_route=%2Fwp%2Fv2%2Fcategories&post=23073"},{"taxonomy":"post_tag","embeddable":true,"href":"https:\/\/fmamiga909.com.ar\/index.php?rest_route=%2Fwp%2Fv2%2Ftags&post=23073"}],"curies":[{"name":"wp","href":"https:\/\/api.w.org\/{rel}","templated":true}]}}