{"id":23101,"date":"2025-08-09T04:32:55","date_gmt":"2025-08-09T04:32:55","guid":{"rendered":"https:\/\/fmamiga909.com.ar\/?p=23101"},"modified":"2025-08-09T04:32:55","modified_gmt":"2025-08-09T04:32:55","slug":"marcos-rojo-no-puede-jugar-el-clausura-con-racing-por-un-limite-reglamentario","status":"publish","type":"post","link":"https:\/\/fmamiga909.com.ar\/?p=23101","title":{"rendered":"Marcos Rojo no puede jugar el Clausura con Racing por un l\u00edmite reglamentario"},"content":{"rendered":"<div><!-- Body --><\/p>\n<p>El defensor central Marcos Rojo no podr\u00e1 disputar el torneo Clausura con Racing, debido a una restricci\u00f3n reglamentaria de la AFA, ya que su salida de Boca se concret\u00f3 despu\u00e9s del 24 de julio, una fecha clave en el calendario del libro de pases.<\/p>\n<p>Seg\u00fan lo establece el art\u00edculo 19.2.4 del reglamento de la AFA, los clubes no pueden incorporar jugadores libres que hayan quedado sin contrato luego de esa fecha, lo que impide su inscripci\u00f3n para la competencia local.<\/p>\n<p>\u201cEn el caso de jugadores libres, solamente podr\u00e1n ser registrados con posterioridad a las 18:00 horas del 24 de julio de 2025, en caso de que la libertad de contrataci\u00f3n hubiera ocurrido con anterioridad a dicha fecha\u201d se\u00f1ala el art\u00edculo 19.2.4 del reglamento de AFA.<\/p>\n<p>Ante esta situaci\u00f3n, tanto Rojo como el presidente de Racing, Diego Milito, se comunicaron en las \u00faltimas horas con la dirigencia de Boca con el objetivo de pedir la disoluci\u00f3n formal de la rescisi\u00f3n de contrato. Esa medida permitir\u00eda abrir la puerta para una nueva negociaci\u00f3n que cumpla con los requisitos reglamentarios.<\/p>\n<p>En tanto, Racing lo incluy\u00f3 provisoriamente en la lista de buena fe para los octavos de final de la Copa Libertadores, a la espera de la aprobaci\u00f3n de la Conmebol. Sin embargo, la participaci\u00f3n del defensor frente a Pe\u00f1arol de Uruguay a\u00fan est\u00e1 en duda.<\/p>\n<p><b>Marcos Rojo firm\u00f3 la desvinculaci\u00f3n de Boca<\/b>, donde hab\u00eda perdido continuidad y ya no era tenido en cuenta por el entrenador Miguel Angel Russo. Con el pase en su poder, el exdefensor de Estudiantes y la Selecci\u00f3n se realiz\u00f3 los estudios m\u00e9dicos pertinentes para incorporarse a la Academia, donde habr\u00eda sido pedido por el entrenador Gustavo Costas para jugar la segunda etapa de la Copa Libertadores.<\/p>\n<p>Rojo, con 35 a\u00f1os sobre sus espaldas, firm\u00f3 con la Academia un <b>contrato por productividad<\/b> para convertirse en el sexto refuerzo del equipo.<\/p>\n<p>El concepto de productividad no es un dato menor. <b>Rojo viene de perderse muchos partidos en Boca por diversas lesiones <\/b>y tambi\u00e9n producto de sanciones, ya sea deportivas o por actos de indisciplina. Desde su debut en Boca, el 14 de marzo de 2021 nada menos que en un Supercl\u00e1sico, <b>jug\u00f3 118 partidos de los 254<\/b> que tuvo el club durante su estad\u00eda, este semestre incluido. Es decir, se perdi\u00f3 un 54 por ciento.<\/p>\n<p>Su llegada a Avellaneda est\u00e1 enmarcada adem\u00e1s por la <b>curiosidad que conlleva su apellido.<\/b> En consecuencia, se rumorea que en su camiseta se pondr\u00eda Marcos en lugar de Rojo, el apodo del rival de toda la vida de Racing.<\/p>\n<p>Mientras tanto, Rojo dialog\u00f3 brevemente con la prensa mientras se retiraba de la firma de la rescisi\u00f3n de contrato. <b>\u00abNo habl\u00e9 con Riquelme, habl\u00e9 con Delgado ayer, pero muy poco\u201d<\/b>, contest\u00f3 al respecto de c\u00f3mo fue su salida.<\/p>\n<p>Por otra parte, <b>el central se despidi\u00f3 del club y sus hinchas a trav\u00e9s de un posteo de Instagram<\/b>, en el que tambi\u00e9n dej\u00f3 un poco de misterio con un \u00abhay cosas que prefiero guardarme por el bien de Boca\u00bb. Aqu\u00ed, el texto completo.<\/p>\n<p><i>\u00abHoy me toca despedirme de Boca. Del club del cual soy hincha y donde siempre quise jugar. Pude cumplir ese sue\u00f1o y por eso ser\u00e9 un agradecido a la vida siempre. Fueron cuatro a\u00f1os y medio donde tuve la suerte de ganar cuatro t\u00edtulos con esta camiseta. Fui capit\u00e1n durante mucho tiempo, lo cual para m\u00ed ser\u00e1 un orgullo imborrable. Fue uno de los privilegios m\u00e1s importantes que tuve en todos mis a\u00f1os de carrera. Quiero que ustedes, los hinchas, sepan que cada vez que defend\u00ed esta camiseta di todo. Se que a veces, me equivoqu\u00e9.<\/i><\/p>\n<p><i>Me toca irme de donde no quisiera tener que irme nunca, pero creo que hay ciclos que se terminan. A veces, no como uno quiere. Fui el jugador m\u00e1s feliz del mundo vistiendo mis colores. Le pido disculpas al hincha por mis errores y les agradezco por el apoyo que siempre nos dieron aunque a veces las cosas no sal\u00edan. Siempre nos acompa\u00f1aron en todos lados y fueron los protagonistas de cada tarde o noche donde jug\u00e1ramos. Son \u00fanicos.<\/i><\/p>\n<p><i>Quiero agradecer a los entrenadores, a mis compa\u00f1eros y a todos los empleados del club por este tiempo que compartimos. Hay cosas que prefiero guardarme, por el bien de Boca, que es lo \u00fanico que me importa: el club y sus hinchas. Gracias por esta aventura inolvidable. Los quiero y los voy a extra\u00f1ar BOSTEROS.\u00bb<\/i><\/p>\n<p><!-- Live Blog Post --><\/div>\n<p><a href=\"https:\/\/www.pagina12.com.ar\/848245-marcos-rojo-rescindio-su-contrato-con-boca-y-jugara-en-racin\">source<\/a><\/p>\n","protected":false},"excerpt":{"rendered":"<p>El defensor central Marcos Rojo no podr\u00e1 disputar el torneo Clausura con Racing, debido a&#8230;<\/p>\n","protected":false},"author":3,"featured_media":23102,"comment_status":"closed","ping_status":"closed","sticky":false,"template":"","format":"standard","meta":{"footnotes":""},"categories":[21],"tags":[],"class_list":["post-23101","post","type-post","status-publish","format-standard","has-post-thumbnail","hentry","category-deportes"],"featured_image_urls":{"full":["https:\/\/fmamiga909.com.ar\/wp-content\/uploads\/2025\/08\/wp-header-logo-98.png",960,540,false],"thumbnail":["https:\/\/fmamiga909.com.ar\/wp-content\/uploads\/2025\/08\/wp-header-logo-98-150x150.png",150,150,true],"medium":["https:\/\/fmamiga909.com.ar\/wp-content\/uploads\/2025\/08\/wp-header-logo-98-300x169.png",300,169,true],"medium_large":["https:\/\/fmamiga909.com.ar\/wp-content\/uploads\/2025\/08\/wp-header-logo-98.png",960,540,false],"large":["https:\/\/fmamiga909.com.ar\/wp-content\/uploads\/2025\/08\/wp-header-logo-98.png",640,360,false],"1536x1536":["https:\/\/fmamiga909.com.ar\/wp-content\/uploads\/2025\/08\/wp-header-logo-98.png",960,540,false],"2048x2048":["https:\/\/fmamiga909.com.ar\/wp-content\/uploads\/2025\/08\/wp-header-logo-98.png",960,540,false],"newsium-slider-full":["https:\/\/fmamiga909.com.ar\/wp-content\/uploads\/2025\/08\/wp-header-logo-98.png",960,540,false],"newsium-featured":["https:\/\/fmamiga909.com.ar\/wp-content\/uploads\/2025\/08\/wp-header-logo-98.png",960,540,false],"newsium-medium":["https:\/\/fmamiga909.com.ar\/wp-content\/uploads\/2025\/08\/wp-header-logo-98-720x475.png",720,475,true]},"author_info":{"display_name":"Fredy Giuliano","author_link":"https:\/\/fmamiga909.com.ar\/?author=3"},"category_info":"<a href=\"https:\/\/fmamiga909.com.ar\/?cat=21\" rel=\"category\">Deportes<\/a>","tag_info":"Deportes","comment_count":"0","_links":{"self":[{"href":"https:\/\/fmamiga909.com.ar\/index.php?rest_route=\/wp\/v2\/posts\/23101","targetHints":{"allow":["GET"]}}],"collection":[{"href":"https:\/\/fmamiga909.com.ar\/index.php?rest_route=\/wp\/v2\/posts"}],"about":[{"href":"https:\/\/fmamiga909.com.ar\/index.php?rest_route=\/wp\/v2\/types\/post"}],"author":[{"embeddable":true,"href":"https:\/\/fmamiga909.com.ar\/index.php?rest_route=\/wp\/v2\/users\/3"}],"replies":[{"embeddable":true,"href":"https:\/\/fmamiga909.com.ar\/index.php?rest_route=%2Fwp%2Fv2%2Fcomments&post=23101"}],"version-history":[{"count":0,"href":"https:\/\/fmamiga909.com.ar\/index.php?rest_route=\/wp\/v2\/posts\/23101\/revisions"}],"wp:featuredmedia":[{"embeddable":true,"href":"https:\/\/fmamiga909.com.ar\/index.php?rest_route=\/wp\/v2\/media\/23102"}],"wp:attachment":[{"href":"https:\/\/fmamiga909.com.ar\/index.php?rest_route=%2Fwp%2Fv2%2Fmedia&parent=23101"}],"wp:term":[{"taxonomy":"category","embeddable":true,"href":"https:\/\/fmamiga909.com.ar\/index.php?rest_route=%2Fwp%2Fv2%2Fcategories&post=23101"},{"taxonomy":"post_tag","embeddable":true,"href":"https:\/\/fmamiga909.com.ar\/index.php?rest_route=%2Fwp%2Fv2%2Ftags&post=23101"}],"curies":[{"name":"wp","href":"https:\/\/api.w.org\/{rel}","templated":true}]}}