{"id":23103,"date":"2025-08-09T17:02:59","date_gmt":"2025-08-09T17:02:59","guid":{"rendered":"https:\/\/fmamiga909.com.ar\/?p=23103"},"modified":"2025-08-09T17:02:59","modified_gmt":"2025-08-09T17:02:59","slug":"julio-lopardo-moretti-tiene-que-venir-y-dar-la-cara","status":"publish","type":"post","link":"https:\/\/fmamiga909.com.ar\/?p=23103","title":{"rendered":"Julio Lopardo: &quot;Moretti tiene que venir y dar la cara&quot;"},"content":{"rendered":"<div><!-- Body --><\/p>\n<p>Luego de la victoria de San Lorenzo 1-0 sobre V\u00e9lez Sarsfield con el gol de<b> Alexis Cuello,<\/b> la instituci\u00f3n de Boedo tendr\u00e1 una semana convulsionada y muy movida, ya que el presidente en licencia, <b>Marcelo Moretti, <\/b>amaga con volver a ocupar su cargo, despu\u00e9s de estar m\u00e1s de tres meses apartado de sus funciones, debido a una investigaci\u00f3n que lleva adelante en la justicia, cuando se conoci\u00f3 mediante un video que supuestamente recibi\u00f3 25 mil d\u00f3lares para fichar a un juvenil a las divisiones inferiores del club. En su entorno sigue insistiendo en que fue elegido por el voto popular, y que no piensa en la renuncia.<\/p>\n<p>Desde hace un tiempo, en los pasillos del Nuevo Gas\u00f3metro circula la versi\u00f3n de que el mandam\u00e1s elegido por las urnas en diciembre de 2023 mandar\u00e1 en los pr\u00f3ximos d\u00edas un e-mail a las oficinas del club, para avisar del <b>levantamiento de su licencia <\/b>y que se presentar\u00e1 en la sede administrativa de la avenida La Plata al 1700, para volver a sentarse en la oficina de la presidencia, la misma donde se le realiz\u00f3 la c\u00e1mara oculta, pero depende de la habilitaci\u00f3n de parte de la justicia para lograr su objetivo.<\/p>\n<p>En las \u00faltimas horas, Moretti le habr\u00eda transmitido su intenci\u00f3n a sus m\u00e1s cercanos, pero tiene en claro que deber\u00e1 recibir una aprobaci\u00f3n por parte de los entes que lo investigan por administraci\u00f3n fraudulenta y de la propia AFA, donde <b>todav\u00eda persiste un expediente abierto en el Tribunal de Etica,<\/b> que en su momento revoc\u00f3 un pedido del Tribunal de Etica de San Lorenzo, para expulsarlo de la entidad azulgrana.<\/p>\n<p>Hace unos meses, el hombre de 49 a\u00f1os insinu\u00f3 con retomar sus funciones, pero <b>el convulsionado clima interno y el enojo generalizado <\/b>con su figura hicieron que ponga un freno. Si bien la bronca del hincha se mantiene y se siente en todos los partidos de local en el Pedro Bidegain, con c\u00e1nticos contra la dirigencia, y en especial contra \u00e9l, desde el c\u00edrculo cercano a Moretti entienden que la situaci\u00f3n hoy es distinta.<\/p>\n<p>No obstante, ante la posibilidad del regreso del licenciado presidente, los principales miembros de la Comisi\u00f3n Directiva dieron a entender que podr\u00edan dar un paso al costado. <b>Julio Lopardo, vicepresidente que qued\u00f3 a cargo<\/b> como m\u00e1xima autoridad del club, tom\u00f3 postura ante una posible vuelta de Moretti. \u00abPodr\u00eda ser que renuncie, pero prefiero que venga (Moretti), que intente regresar y que le vaya bien al club. No puede tener una licencia eterna, porque es peor\u00bb, le asegur\u00f3 el vice en uso de la presidencia a <b>P\u00e1gina\/12<\/b> en la previa al \u00faltimo encuentro en el Nuevo Gas\u00f3metro.<\/p>\n<p><b>-\u00bfC\u00f3mo est\u00e1 la situaci\u00f3n de Moretti en este momento?<\/b><\/p>\n<p>-Esperando a que se resuelva el tema lo m\u00e1s r\u00e1pido posible. No se puede seguir con esta indecisi\u00f3n. Es importante saber la determinaci\u00f3n tomada para ver c\u00f3mo seguimos, ya que, indudablemente, es una forma de manejarse que no le sirve al club, ni a nadie. Es una incertidumbre permanente que tenemos, as\u00ed que esperemos que tomen la decisi\u00f3n correcta para ver c\u00f3mo seguimos despu\u00e9s. Pero creo que hay que terminar para definirlo cuanto antes.<\/p>\n<p><b>-\u00bfQu\u00e9 har\u00eda usted si vuelve Moretti a ejercer su cargo como presidente?<\/b><\/p>\n<p>-Primero ver si vuelve. Y si lo hace, yo s\u00e9 lo que voy a hacer despu\u00e9s. Ya lo tengo decidido. Pero hay que esperar a que venga. Lo importante es la decisi\u00f3n. La decisi\u00f3n la tiene que tomar \u00e9l para definir esta incertidumbre que tiene la gente, que tiene el socio, que tiene todo el mundo, tambi\u00e9n la dirigencia. No es una persona m\u00e1s, es un presidente que est\u00e1 de licencia y es un tema delicado. No puede tener una licencia eterna porque es peor.<\/p>\n<p><b>-\u00bfC\u00f3mo hace una persona para saber que no puede pisar el club, pero sin embargo tiene ganas de volver?<\/b><\/p>\n<p>-El problema es de \u00e9l, qu\u00e9 s\u00e9 yo. Tiene que resolverlo \u00e9l. Por eso digo que tiene que venir y dar la cara, despu\u00e9s vemos. El est\u00e1 en su derecho de volver cuando quiera y levantar su licencia, que lo haga pero cuanto antes.<\/p>\n<p><b>-\u00bfSi \u00e9l vuelve usted se alejar\u00eda?<\/b><\/p>\n<p>-En principio si, podr\u00eda ser, pero prefiero que venga, que intente regresar y que le vaya bien al club. Despu\u00e9s, cada dirigente ver\u00e1 que hace y la gente opinar\u00e1. Yo lo vivo con la incertidumbre de poder gobernar si esto no se define.<\/p>\n<div class=\"medium-insert-embeds\">\n<figure>\n<div class=\"medium-insert-embed\">\n<div align=\"center\">\n<figure role=\"group\" class=\"caption caption-drupal-entity\"><figcaption>Lopardo tom\u00f3 un club en crisis.\u00a0<\/figcaption><\/figure>\n<\/div><\/div>\n<\/figure>\n<\/div>\n<p><b>-\u00bfC\u00f3mo es la relaci\u00f3n hoy con la AFA?<\/b><\/p>\n<p>-Normal. San Lorenzo tiene una buena relaci\u00f3n en AFA. Pasa que Moretti integra el comit\u00e9 ejecutivo de AFA y el Tribunal de Etica de AFA est\u00e1 con un recurso de amparo en contra del Tribunal de Etica de San Lorenzo por la decisi\u00f3n que tom\u00f3, y en pocos d\u00edas se estar\u00e1 defiendo la situaci\u00f3n.<\/p>\n<p><b>-\u00bfSi Moretti no vuelve o presenta su renuncia hasta cu\u00e1ndo gestionar\u00eda usted como presidente del club?<\/b><\/p>\n<p>-El mandato de esta Comisi\u00f3n es de dos a\u00f1os y medio m\u00e1s. As\u00ed que bueno, se ver\u00e1, si no hay modificaciones por alg\u00fan caso en especial, ah\u00ed terminar\u00eda el mandato de esta Comisi\u00f3n oficial.<\/p>\n<p><b>-\u00bfEn qu\u00e9 situaci\u00f3n est\u00e1 el regreso a Boedo?<\/b><\/p>\n<p>-Siempre hay gente trabajando en eso, siempre hay gente que independientemente del d\u00eda a d\u00eda est\u00e1n trabajando, as\u00ed que esperemos que alg\u00fan d\u00eda se pueda comenzar a construir, no s\u00e9. Pero tambi\u00e9n estas cuestiones pol\u00edticas de Moretti hacen demorar todo y no ayuda. Por eso hay que salir de esta incertidumbre para que todo siga su curso y se pueda lograr lo que m\u00e1s o menos se est\u00e1 proyectando.<\/p>\n<p><b>-\u00bfEst\u00e1n conformes con el proceso de Dami\u00e1n Ayude c\u00f3mo entrenador?<\/b><\/p>\n<p>-S\u00ed, estamos conformes y apuntamos a \u00e9l. Hablamos mucho con Dami\u00e1n, y la verdad que est\u00e1 demostrando las condiciones que tiene. Nosotros no est\u00e1bamos seguros que iba a cumplir una buena tarea, y seguramente va a seguir creciendo como entrenador.<\/p>\n<p><b>-\u00bfEst\u00e1n muy atentos al mercado de pases en Europa que cierra el 31 de agosto por si se puede ir alg\u00fan jugador del plantel?<\/b><\/p>\n<p>-No. Nosotros decidimos no vender ning\u00fan jugador, a no ser que ejecuten alguna cl\u00e1usula, as\u00ed que si llega a suceder eso, va a tener que ser por cl\u00e1usula. Pero creo que no va a suceder eso, m\u00e1s all\u00e1 que todav\u00eda falta tiempo para que termine esto.<\/p>\n<p><b>-\u00bfPor decisi\u00f3n de esta dirigencia es el momento de darle rodaje a los chicos del club?<\/b><\/p>\n<p>-Obvio, apuntamos a eso. Sabemos que no es f\u00e1cil, pero la decisi\u00f3n en este mercado de pases fue hacer crecer a los chicos y por ahora va funcionando.<\/p>\n<p><b>-\u00bfEst\u00e1 confirmado que frente a Platense habr\u00e1 hinchas de San Lorenzo?<\/b><\/p>\n<p>-S\u00ed, est\u00e1 confirmado. Ser\u00e1n cinco mil entradas, una cosa as\u00ed. Eso ya est\u00e1 confirmado hace unos d\u00edas. Lo va a manejar la Secretar\u00eda del club. Para nosotros es una novedad, pero est\u00e1n ellos en el tema, ya me van a informar c\u00f3mo ser\u00e1 la venta de entradas.\u00a0<\/p>\n<p><!-- Live Blog Post --><\/div>\n<p><a href=\"https:\/\/www.pagina12.com.ar\/848477-julio-lopardo-moretti-tiene-que-venir-y-dar-la-cara\">source<\/a><\/p>\n","protected":false},"excerpt":{"rendered":"<p>Luego de la victoria de San Lorenzo 1-0 sobre V\u00e9lez Sarsfield con el gol de&#8230;<\/p>\n","protected":false},"author":3,"featured_media":23104,"comment_status":"closed","ping_status":"closed","sticky":false,"template":"","format":"standard","meta":{"footnotes":""},"categories":[21],"tags":[],"class_list":["post-23103","post","type-post","status-publish","format-standard","has-post-thumbnail","hentry","category-deportes"],"featured_image_urls":{"full":["https:\/\/fmamiga909.com.ar\/wp-content\/uploads\/2025\/08\/wp-header-logo-99.png",960,540,false],"thumbnail":["https:\/\/fmamiga909.com.ar\/wp-content\/uploads\/2025\/08\/wp-header-logo-99-150x150.png",150,150,true],"medium":["https:\/\/fmamiga909.com.ar\/wp-content\/uploads\/2025\/08\/wp-header-logo-99-300x169.png",300,169,true],"medium_large":["https:\/\/fmamiga909.com.ar\/wp-content\/uploads\/2025\/08\/wp-header-logo-99.png",960,540,false],"large":["https:\/\/fmamiga909.com.ar\/wp-content\/uploads\/2025\/08\/wp-header-logo-99.png",640,360,false],"1536x1536":["https:\/\/fmamiga909.com.ar\/wp-content\/uploads\/2025\/08\/wp-header-logo-99.png",960,540,false],"2048x2048":["https:\/\/fmamiga909.com.ar\/wp-content\/uploads\/2025\/08\/wp-header-logo-99.png",960,540,false],"newsium-slider-full":["https:\/\/fmamiga909.com.ar\/wp-content\/uploads\/2025\/08\/wp-header-logo-99.png",960,540,false],"newsium-featured":["https:\/\/fmamiga909.com.ar\/wp-content\/uploads\/2025\/08\/wp-header-logo-99.png",960,540,false],"newsium-medium":["https:\/\/fmamiga909.com.ar\/wp-content\/uploads\/2025\/08\/wp-header-logo-99-720x475.png",720,475,true]},"author_info":{"display_name":"Fredy Giuliano","author_link":"https:\/\/fmamiga909.com.ar\/?author=3"},"category_info":"<a href=\"https:\/\/fmamiga909.com.ar\/?cat=21\" rel=\"category\">Deportes<\/a>","tag_info":"Deportes","comment_count":"0","_links":{"self":[{"href":"https:\/\/fmamiga909.com.ar\/index.php?rest_route=\/wp\/v2\/posts\/23103","targetHints":{"allow":["GET"]}}],"collection":[{"href":"https:\/\/fmamiga909.com.ar\/index.php?rest_route=\/wp\/v2\/posts"}],"about":[{"href":"https:\/\/fmamiga909.com.ar\/index.php?rest_route=\/wp\/v2\/types\/post"}],"author":[{"embeddable":true,"href":"https:\/\/fmamiga909.com.ar\/index.php?rest_route=\/wp\/v2\/users\/3"}],"replies":[{"embeddable":true,"href":"https:\/\/fmamiga909.com.ar\/index.php?rest_route=%2Fwp%2Fv2%2Fcomments&post=23103"}],"version-history":[{"count":0,"href":"https:\/\/fmamiga909.com.ar\/index.php?rest_route=\/wp\/v2\/posts\/23103\/revisions"}],"wp:featuredmedia":[{"embeddable":true,"href":"https:\/\/fmamiga909.com.ar\/index.php?rest_route=\/wp\/v2\/media\/23104"}],"wp:attachment":[{"href":"https:\/\/fmamiga909.com.ar\/index.php?rest_route=%2Fwp%2Fv2%2Fmedia&parent=23103"}],"wp:term":[{"taxonomy":"category","embeddable":true,"href":"https:\/\/fmamiga909.com.ar\/index.php?rest_route=%2Fwp%2Fv2%2Fcategories&post=23103"},{"taxonomy":"post_tag","embeddable":true,"href":"https:\/\/fmamiga909.com.ar\/index.php?rest_route=%2Fwp%2Fv2%2Ftags&post=23103"}],"curies":[{"name":"wp","href":"https:\/\/api.w.org\/{rel}","templated":true}]}}