{"id":23137,"date":"2025-08-10T21:00:48","date_gmt":"2025-08-10T21:00:48","guid":{"rendered":"https:\/\/fmamiga909.com.ar\/?p=23137"},"modified":"2025-08-10T21:00:48","modified_gmt":"2025-08-10T21:00:48","slug":"grave-lesion-para-german-pezzella","status":"publish","type":"post","link":"https:\/\/fmamiga909.com.ar\/?p=23137","title":{"rendered":"Grave lesi\u00f3n para Germ\u00e1n Pezzella"},"content":{"rendered":"<div><!-- Body --><\/p>\n<p>Las l\u00e1grimas en pleno campo lo presagiaban y los estudios confirmaron la peor noticia: el defensor central de River y la Selecci\u00f3n Argentina, Germ\u00e1n Pezzella, se rompi\u00f3 el ligamento cruzado anterior de su rodilla izquierda en el partido del s\u00e1bado ante Independiente y ser\u00e1 baja hasta mediados de 2026.\u00a0<\/p>\n<p>Las alarmas se encendieron a los 43 minutos del primer tiempo, cuando Pezzella abandon\u00f3 la cancha en camilla y entre l\u00e1grimas. El defensor campe\u00f3n del mundo fue a disputar una pelota con el delantero Walter Mazzantti sobre la derecha del \u00e1rea riverplatense y, en la fricci\u00f3n de la disputa, termin\u00f3 pisando mal y cay\u00f3 inmediatamente al piso tom\u00e1ndose la cabeza. Sin siquiera esperar la atenci\u00f3n m\u00e9dica, el zaguero pidi\u00f3 el cambio, lo que auguraba una noticia no deseada.\u00a0<\/p>\n<p>Si bien se vislumbraba que el diagn\u00f3stico pod\u00eda no ser bueno, hasta la llegada de los resultados de los estudios la esperanza de que se tratara s\u00f3lo de un esguince. Pero este domingo, la peor de las noticias se confirm\u00f3 para el oriundo de Bah\u00eda Blanca, ya que se estableci\u00f3 que sufri\u00f3 la rotura de ligamento cruzado anterior de la rodilla izquierda, deber\u00e1 ser operado en los pr\u00f3ximos d\u00edas y tendr\u00e1 unos siete meses de recuperaci\u00f3n.<\/p>\n<p>De esta manera el futbolista se perder\u00e1 lo que resta del a\u00f1o para River y toda la pretemporada, ya que su regreso reci\u00e9n podr\u00eda darse a mediados del pr\u00f3ximo torneo. Por eso, se transforma en una baja sensible para el entrenador Marcelo Gallardo que deber\u00e1 reformular la zaga central con opciones como Lautaro Rivero, Lucas Mart\u00ednez Quarta, el chileno Paulo D\u00edaz o el uruguayo Sebasti\u00e1n Boselli, que el s\u00e1bado fue quien ingres\u00f3 en su lugar cuando se terminaba la primera mitad.<\/p>\n<p>La lesi\u00f3n de Pezzella se suma a las complicaciones que tiene Gallardo para formar la delantera para el encuentro de ida de los octavos de final de la Copa Libertadores, teniendo en cuenta que Sebastian Driussi todav\u00eda no se recuper\u00f3 del golpe que sufri\u00f3 en el Mundial de Clubes y Maxi Salas est\u00e1 arrancando la tercera semana de recuperaci\u00f3n del esguince de rodilla que sufri\u00f3 ante San Lorenzo en la jornada previa.<\/p>\n<p><!-- Live Blog Post --><\/div>\n<p><a href=\"https:\/\/www.pagina12.com.ar\/848640-grave-lesion-para-german-pezzella\">source<\/a><\/p>\n","protected":false},"excerpt":{"rendered":"<p>Las l\u00e1grimas en pleno campo lo presagiaban y los estudios confirmaron la peor noticia: el&#8230;<\/p>\n","protected":false},"author":3,"featured_media":23138,"comment_status":"closed","ping_status":"closed","sticky":false,"template":"","format":"standard","meta":{"footnotes":""},"categories":[21],"tags":[],"class_list":["post-23137","post","type-post","status-publish","format-standard","has-post-thumbnail","hentry","category-deportes"],"featured_image_urls":{"full":["https:\/\/fmamiga909.com.ar\/wp-content\/uploads\/2025\/08\/wp-header-logo-116.png",960,540,false],"thumbnail":["https:\/\/fmamiga909.com.ar\/wp-content\/uploads\/2025\/08\/wp-header-logo-116-150x150.png",150,150,true],"medium":["https:\/\/fmamiga909.com.ar\/wp-content\/uploads\/2025\/08\/wp-header-logo-116-300x169.png",300,169,true],"medium_large":["https:\/\/fmamiga909.com.ar\/wp-content\/uploads\/2025\/08\/wp-header-logo-116.png",960,540,false],"large":["https:\/\/fmamiga909.com.ar\/wp-content\/uploads\/2025\/08\/wp-header-logo-116.png",640,360,false],"1536x1536":["https:\/\/fmamiga909.com.ar\/wp-content\/uploads\/2025\/08\/wp-header-logo-116.png",960,540,false],"2048x2048":["https:\/\/fmamiga909.com.ar\/wp-content\/uploads\/2025\/08\/wp-header-logo-116.png",960,540,false],"newsium-slider-full":["https:\/\/fmamiga909.com.ar\/wp-content\/uploads\/2025\/08\/wp-header-logo-116.png",960,540,false],"newsium-featured":["https:\/\/fmamiga909.com.ar\/wp-content\/uploads\/2025\/08\/wp-header-logo-116.png",960,540,false],"newsium-medium":["https:\/\/fmamiga909.com.ar\/wp-content\/uploads\/2025\/08\/wp-header-logo-116-720x475.png",720,475,true]},"author_info":{"display_name":"Fredy Giuliano","author_link":"https:\/\/fmamiga909.com.ar\/?author=3"},"category_info":"<a href=\"https:\/\/fmamiga909.com.ar\/?cat=21\" rel=\"category\">Deportes<\/a>","tag_info":"Deportes","comment_count":"0","_links":{"self":[{"href":"https:\/\/fmamiga909.com.ar\/index.php?rest_route=\/wp\/v2\/posts\/23137","targetHints":{"allow":["GET"]}}],"collection":[{"href":"https:\/\/fmamiga909.com.ar\/index.php?rest_route=\/wp\/v2\/posts"}],"about":[{"href":"https:\/\/fmamiga909.com.ar\/index.php?rest_route=\/wp\/v2\/types\/post"}],"author":[{"embeddable":true,"href":"https:\/\/fmamiga909.com.ar\/index.php?rest_route=\/wp\/v2\/users\/3"}],"replies":[{"embeddable":true,"href":"https:\/\/fmamiga909.com.ar\/index.php?rest_route=%2Fwp%2Fv2%2Fcomments&post=23137"}],"version-history":[{"count":0,"href":"https:\/\/fmamiga909.com.ar\/index.php?rest_route=\/wp\/v2\/posts\/23137\/revisions"}],"wp:featuredmedia":[{"embeddable":true,"href":"https:\/\/fmamiga909.com.ar\/index.php?rest_route=\/wp\/v2\/media\/23138"}],"wp:attachment":[{"href":"https:\/\/fmamiga909.com.ar\/index.php?rest_route=%2Fwp%2Fv2%2Fmedia&parent=23137"}],"wp:term":[{"taxonomy":"category","embeddable":true,"href":"https:\/\/fmamiga909.com.ar\/index.php?rest_route=%2Fwp%2Fv2%2Fcategories&post=23137"},{"taxonomy":"post_tag","embeddable":true,"href":"https:\/\/fmamiga909.com.ar\/index.php?rest_route=%2Fwp%2Fv2%2Ftags&post=23137"}],"curies":[{"name":"wp","href":"https:\/\/api.w.org\/{rel}","templated":true}]}}