{"id":23141,"date":"2025-08-10T21:54:28","date_gmt":"2025-08-10T21:54:28","guid":{"rendered":"https:\/\/fmamiga909.com.ar\/?p=23141"},"modified":"2025-08-10T21:54:28","modified_gmt":"2025-08-10T21:54:28","slug":"rojo-ya-es-jugador-de-racing","status":"publish","type":"post","link":"https:\/\/fmamiga909.com.ar\/?p=23141","title":{"rendered":"Rojo ya es jugador de Racing"},"content":{"rendered":"<div><!-- Body --><\/p>\n<p>El defensor central Marcos Rojo fue presentado este domingo de manera oficial como nuevo refuerzo de Racing, club al que llega como agente libre luego de rescindir su v\u00ednculo contractual con Boca. Con un posteo en redes sociales, el conjunto de Avellaneda anunci\u00f3 la flamante incorporaci\u00f3n del zaguero de 35 a\u00f1os, sin mencionar el apellido del jugador por ser el apodo de Independiente, su rival de toda la vida.<\/p>\n<p>\u201cMarcos se Copa. Ya es jugador del Primer Grande. El defensor firm\u00f3 contrato por 1 a\u00f1o y ya est\u00e1 disponible para el pr\u00f3ximo partido de Libertadores\u201d, escribieron a trav\u00e9s de las cuentas oficiales del club. En la camiseta que mostr\u00f3 en la presentaci\u00f3n, su nombre aparece como \u00abMarcos R\u00bb.<\/p>\n<p>El ex Manchester United tuvo este domingo su primer entrenamiento bajo el mando de Gustavo Costas con sus nuevos compa\u00f1eros, de cara al duelo del pr\u00f3ximo martes cuando La Academia se mida ante Pe\u00f1arol de Uruguay, en condici\u00f3n de visitante, por la ida de los octavos de final de la Copa Libertadores. Ese torneo, junto a la Copa Argentina, son los \u00fanicos dos cert\u00e1menes en los que Rojo podr\u00e1 decir presente con el cuadro albiceleste debido a que por el momento no fue habilitado por la AFA para disputar el Torneo Clausura debido a que rescindi\u00f3 su contrato con Boca pasado el 24 de julio, d\u00eda que cerr\u00f3 la ventana para las transferencias. Si la AFA no decide hacer una excepci\u00f3n con el marcador central, el DT no podr\u00e1 contar con el flamante refuerzo durante gran parte de lo que resta de temporada.<\/p>\n<p>Si bien desde la Comisi\u00f3n Directiva de Racing, comandada por Diego Milito, trabajan para poder encontrar la manera de habilitar al oriundo de La Plata, por el momento el jugador no podr\u00e1 decir presente el viernes 15, cuando La Academia reciba a Tigre por la quinta fecha del campeonato local.<\/p>\n<p><!-- Live Blog Post --><\/div>\n<p><a href=\"https:\/\/www.pagina12.com.ar\/848652-rojo-ya-es-jugador-de-racing\">source<\/a><\/p>\n","protected":false},"excerpt":{"rendered":"<p>El defensor central Marcos Rojo fue presentado este domingo de manera oficial como nuevo refuerzo&#8230;<\/p>\n","protected":false},"author":3,"featured_media":23142,"comment_status":"closed","ping_status":"closed","sticky":false,"template":"","format":"standard","meta":{"footnotes":""},"categories":[21],"tags":[],"class_list":["post-23141","post","type-post","status-publish","format-standard","has-post-thumbnail","hentry","category-deportes"],"featured_image_urls":{"full":["https:\/\/fmamiga909.com.ar\/wp-content\/uploads\/2025\/08\/wp-header-logo-118.png",960,540,false],"thumbnail":["https:\/\/fmamiga909.com.ar\/wp-content\/uploads\/2025\/08\/wp-header-logo-118-150x150.png",150,150,true],"medium":["https:\/\/fmamiga909.com.ar\/wp-content\/uploads\/2025\/08\/wp-header-logo-118-300x169.png",300,169,true],"medium_large":["https:\/\/fmamiga909.com.ar\/wp-content\/uploads\/2025\/08\/wp-header-logo-118.png",960,540,false],"large":["https:\/\/fmamiga909.com.ar\/wp-content\/uploads\/2025\/08\/wp-header-logo-118.png",640,360,false],"1536x1536":["https:\/\/fmamiga909.com.ar\/wp-content\/uploads\/2025\/08\/wp-header-logo-118.png",960,540,false],"2048x2048":["https:\/\/fmamiga909.com.ar\/wp-content\/uploads\/2025\/08\/wp-header-logo-118.png",960,540,false],"newsium-slider-full":["https:\/\/fmamiga909.com.ar\/wp-content\/uploads\/2025\/08\/wp-header-logo-118.png",960,540,false],"newsium-featured":["https:\/\/fmamiga909.com.ar\/wp-content\/uploads\/2025\/08\/wp-header-logo-118.png",960,540,false],"newsium-medium":["https:\/\/fmamiga909.com.ar\/wp-content\/uploads\/2025\/08\/wp-header-logo-118-720x475.png",720,475,true]},"author_info":{"display_name":"Fredy Giuliano","author_link":"https:\/\/fmamiga909.com.ar\/?author=3"},"category_info":"<a href=\"https:\/\/fmamiga909.com.ar\/?cat=21\" rel=\"category\">Deportes<\/a>","tag_info":"Deportes","comment_count":"0","_links":{"self":[{"href":"https:\/\/fmamiga909.com.ar\/index.php?rest_route=\/wp\/v2\/posts\/23141","targetHints":{"allow":["GET"]}}],"collection":[{"href":"https:\/\/fmamiga909.com.ar\/index.php?rest_route=\/wp\/v2\/posts"}],"about":[{"href":"https:\/\/fmamiga909.com.ar\/index.php?rest_route=\/wp\/v2\/types\/post"}],"author":[{"embeddable":true,"href":"https:\/\/fmamiga909.com.ar\/index.php?rest_route=\/wp\/v2\/users\/3"}],"replies":[{"embeddable":true,"href":"https:\/\/fmamiga909.com.ar\/index.php?rest_route=%2Fwp%2Fv2%2Fcomments&post=23141"}],"version-history":[{"count":0,"href":"https:\/\/fmamiga909.com.ar\/index.php?rest_route=\/wp\/v2\/posts\/23141\/revisions"}],"wp:featuredmedia":[{"embeddable":true,"href":"https:\/\/fmamiga909.com.ar\/index.php?rest_route=\/wp\/v2\/media\/23142"}],"wp:attachment":[{"href":"https:\/\/fmamiga909.com.ar\/index.php?rest_route=%2Fwp%2Fv2%2Fmedia&parent=23141"}],"wp:term":[{"taxonomy":"category","embeddable":true,"href":"https:\/\/fmamiga909.com.ar\/index.php?rest_route=%2Fwp%2Fv2%2Fcategories&post=23141"},{"taxonomy":"post_tag","embeddable":true,"href":"https:\/\/fmamiga909.com.ar\/index.php?rest_route=%2Fwp%2Fv2%2Ftags&post=23141"}],"curies":[{"name":"wp","href":"https:\/\/api.w.org\/{rel}","templated":true}]}}