{"id":23143,"date":"2025-08-10T22:04:49","date_gmt":"2025-08-10T22:04:49","guid":{"rendered":"https:\/\/fmamiga909.com.ar\/?p=23143"},"modified":"2025-08-10T22:04:49","modified_gmt":"2025-08-10T22:04:49","slug":"formo-su-propio-equipo-y-gano-en-una-alocada-carrera-del-tc","status":"publish","type":"post","link":"https:\/\/fmamiga909.com.ar\/?p=23143","title":{"rendered":"Form\u00f3 su propio equipo y gan\u00f3 en una alocada carrera del TC"},"content":{"rendered":"<div><!-- Body --><\/p>\n<p>Quebrado por la emoci\u00f3n, se lanz\u00f3 a un conmovedor abrazo con su padre, Sergio, inspirador de una pasi\u00f3n por el automovilismo que est\u00e1 en las venas gracias a su abuelo, Pocho. Cuando el sentimiento a\u00fan dominaba al <b>flamante ganador de Turismo Carretera, Mart\u00edn V\u00e1zquez<\/b>, sali\u00f3 de ese c\u00edrculo de algarab\u00eda para volverse y agradecer a su familia por el acompa\u00f1amiento: \u00abTengo todo lo que so\u00f1\u00e9, solo me faltaba esto\u00bb. Representa a Presidente Derqui y puede sentirse orgulloso de consolidar en Pilar, como su padre y abuelo, un equipo de competici\u00f3n que da batalla a los profesionales, que ante la primera oportunidad, como se di\u00f3 en la <b>9na fecha del TC en San Juan<\/b>, est\u00e1 listo para sorprender con el <b>Dodge Challenger<\/b>.<\/p>\n<p>Mart\u00edn V\u00e1zquez logr\u00f3 una <b>victoria \u00e9pica para el MV Racing<\/b> en el circuito internacional \u00abEl Villicun\u00bb de Albard\u00f3n, San Juan. Coron\u00f3 un apasionante desarrollo, que incluy\u00f3 una grilla de partida por sorteo, el estudio del <b>consumo de combustible como principal reto<\/b>, incluyendo una detenci\u00f3n en los boxes para recargar nafta y poder cumplir las <b>50 vueltas<\/b>, adem\u00e1s de otro paso por la zona de los mec\u00e1nicos para cambiar gomas. Por estos condimentos es que este cl\u00e1sico anual del TC se llama \u00abDesaf\u00edo de las Estrellas\u00bb, donde <b>el piloto, sus ingenieros y mec\u00e1nicos se ponen a prueba<\/b>.<\/p>\n<p>V\u00e1zquez larg\u00f3 en tercer lugar, beneficiado por el primer \u00edtem en juego: el sorteo. Un amplio panorama estrat\u00e9gico se le puso delante, incluyendo a un<b> sorprendente y<\/b> <b>arriesgado Emiliano Spataro <\/b>(Mustang) liderando con mucha ventaja. El piloto de Lan\u00fas se hab\u00eda detenido muy pronto, carg\u00f3 menos nafta y por ello perdi\u00f3 poco tiempo en boxes, pero en el final de la carrera perdi\u00f3 m\u00e1s de 40 segundos por una merma de rendimiento y una afecci\u00f3n f\u00edsica por inhalaci\u00f3n de gases del auto. As\u00ed, aguantando en el segundo lugar, lleg\u00f3 un tren que incluy\u00f3 a <b>Mart\u00edn V\u00e1quez<\/b> (Challenger), <b>Juan Jos\u00e9 Ebarl\u00edn<\/b> (Camaro) y <b>Facundo Chapur<\/b> (Torino). Invirtiendo posiciones \u00e9stos dos, se sell\u00f3 el resultado de la competencia, con el cordob\u00e9s regresando al podio luego de ganar en El Calafate y el &#8216;Mago&#8217; con su primer ascenso al estrado.<\/p>\n<p>\u00abLa emoci\u00f3n es terrible\u00bb, reconoc\u00eda una y otra vez el vencedor. \u00abEs un objetivo m\u00e1s que completo en mi vida. Es lo que siempre so\u00f1\u00e9, lo logr\u00e9 y espero que esta alegr\u00eda no se termine nunca m\u00e1s\u00bb, dese\u00f3 V\u00e1zquez. Tambi\u00e9n acab\u00f3 conforme el cordob\u00e9s Chapur, quien escal\u00f3 posiciones en el torneo.<\/p>\n<h3>Clasificados y complicados<\/h3>\n<p>Con solo una carrera para terminar la \u00abEtapa Regular\u00bb del TC,\u00a0los cinco primeros de la tabla ya est\u00e1n clasificados entre la mejor docena de pilotos, rumbo a la Copa de Oro que define al campe\u00f3n. Ellos son <b>Juli\u00e1n Santero<\/b> (Mustang), <b>Marcelo Agrelo<\/b> (Camry), <b>Mauricio Lambiris<\/b> (Mustang),<b> Juan Mart\u00edn Trucco<\/b> (Challenger) y <b>Agust\u00edn Canapino<\/b> (Chevrolet Camaro). Sin embargo, no todos est\u00e1n pasando su mejor momento, como en el caso del uruguayo Lambiris penando con la caja de cambios o\u00a0<b>Jos\u00e9 Manuel Urcera<\/b> (Mustang) con inconvenientes en el motor. M\u00e1s dif\u00edcil es la situaci\u00f3n de <b>Mariano Werner <\/b>(Mustang), que adem\u00e1s de repetir fallos en el andar del auto, <b>por ahora est\u00e1<\/b> <b>fuera de la pelea<\/b>. De todos, el mendocino Santero sali\u00f3 mejor parado al largar 35\u00b0 y escalar al 5\u00b0 puesto, hasta que un recargo por un toque contra <b>Otto Fritzler<\/b> (Camry) lo recoloc\u00f3 en el 12\u00b0 lugar, aunque suficiente para seguir primero en el certamen. Lo propio podr\u00eda decirse de <b>Marcelo Agrelo<\/b> (Camry), pues el de Rada Tilly avanz\u00f3 del 47\u00b0 al 9\u00b0 puesto y es el nuevo escolta de Santero (a 5,5 puntos) en la tabla.<\/p>\n<p>Tanto el Turismo Carretera como el TC Pista, categor\u00eda en la que venci\u00f3 <b>Gast\u00f3n Iansa<\/b> (Chevrolet), correr\u00e1n el\u00a0<b>23 y 24 de agosto <\/b>en el Aut\u00f3dromo de <b>Buenos Aires <\/b>la 10ma fecha de la temporada. Podr\u00eda ser la \u00faltima en el \u00abCircuito N\u00b012\u00bb tal como se lo conoce, por las obras que se planifican para la F1 y MotoGP, lo que cargar\u00e1 de tensi\u00f3n deportiva al fin de semana. Ambos campeonatos definir\u00e1n la Etapa Regular y el pase a la <b>Copa de Plata del TC Pista y Copa de Oro del TC<\/b> con los doce mejores luchando por el campeonato.<\/p>\n<h3>Trayectoria del equipo familiar<\/h3>\n<p>Mart\u00edn V\u00e1zquez fue campe\u00f3n de la F\u00f3rmula Metropolitana en <b>2013<\/b>, antes de hacer el debut en TC Mouras completando la temporada <b>2014<\/b> y desde el inicio del<b> 2015 <\/b>con el Alejandro Gar\u00f3falo Motorsport. En <b>2016<\/b> culmin\u00f3 16\u00b0 en la suma de puntos y al a\u00f1o entrante,<b> 2017<\/b>, dej\u00f3 el Ford para recalar en el Trotta Competici\u00f3n con Dodge. El equipo propio lleg\u00f3 en<b> 2018<\/b>, donde celebr\u00f3 una victoria en Rafaela e ingres\u00f3 a los puestos importantes. El MV Racing se hizo m\u00e1s fuerte y en<b> 2019<\/b> tambi\u00e9n consigui\u00f3 un podio (3\u00b0 en San Luis), hasta avanzar al 4\u00b0 puesto de la Copa de Plata en la temporada <b>2020<\/b>. Los \u00e9xitos continuaron en<b> 2021 <\/b>con un triunfo en Buenos Aires y podios en La Plata y Rafaela, para despedirse del \u00abMouras\u00bb y comenzar a viajar a todo el pa\u00eds con su debut dentro del TC Pista, en <b>2022<\/b>. Luego de una temporada en la categor\u00eda previa, en <b>2023<\/b> debut\u00f3 en el Turismo Carretera con una Dodge GTX y continu\u00f3 en<b> 2024<\/b> hasta que present\u00f3, a mediados de temporada, el flamante Dodge Challenger de nueva generaci\u00f3n. Con \u00e9l encar\u00f3 el MV Racing el a\u00f1o <b>2025<\/b>, donde encontr\u00f3 el halago m\u00e1ximo con el consagratorio <i>Desaf\u00edo de las Estrellas<\/i> que incluye cambio de gomas y recarga de combustible. Es el <b>227\u00b0 ganador <\/b>en la historia de la categor\u00eda m\u00e1s popular de Argentina.<\/p>\n<h2>Segundo triunfo bajo el brazo<\/h2>\n<p>Desde que llev\u00f3 al beb\u00e9 al aut\u00f3dromo extendi\u00f3 la racha, pues <b>volvi\u00f3 a ganar Gast\u00f3n Iansa en el TC Pista<\/b>, hilvanando dos victorias consecutivas con el Chevrolet. \u00ab<i>Quiero agradecer a mi hijo y a mi mujer, que me cambiaron la vida<\/i>\u00ab, lanz\u00f3 el bonaerense de 28 a\u00f1os para <b>Celeste y Teo<\/b>, que no pudieron hacer el viaje hasta San Juan. Gast\u00f3n era chico cuando su familia se fundi\u00f3 en el a\u00f1o 2001 y sali\u00f3 a flote <b>atendiendo la carnicer\u00eda familiar<\/b>, pero este a\u00f1o fueron bendecidos:<i>\u00abLloraba antes de viajar porque no quer\u00eda dejar a Teo<\/i>\u00ab, dijo, pero volver\u00e1 con su premio.<\/p>\n<p>La competencia comenz\u00f3 con\u00a0<b>Gaspar Chansard<\/b> (Toyota) y\u00a0<b>Rodrigo Lug\u00f3n<\/b> (Ford) largando adelante, donde el de Reconquista impuso su condici\u00f3n en los primeros tramos. Detr\u00e1s, el cordob\u00e9s de la marca del \u00f3valo perd\u00eda la batalla frente a la figura creciente de Iansa, que tomaba el puesto de escolta con la Chevy del\u00a0<i>Canning Motosport<\/i>. Reci\u00e9n despu\u00e9s de una neutralizaci\u00f3n, el de San Vicente se lanz\u00f3 a la deseada punta para liderar hasta el final del compromiso, delante de Lug\u00f3n, que ahora lidera el torneo, y del Dodge de\u00a0<b>Joaqu\u00edn Ochoa<\/b>. El campeonato tiene a Rodrigo Lug\u00f3n en lo m\u00e1s alto con 295,5 puntos, seguido de <b>Marco Dianda<\/b> (278,5) y el vencedor, Iansa, en tercer lugar (269,5).<\/p>\n<p><!-- Live Blog Post --><\/div>\n<p><a href=\"https:\/\/www.pagina12.com.ar\/848654-formo-su-propio-equipo-y-gano-en-una-alocada-carrera-del-tc\">source<\/a><\/p>\n","protected":false},"excerpt":{"rendered":"<p>Quebrado por la emoci\u00f3n, se lanz\u00f3 a un conmovedor abrazo con su padre, Sergio, inspirador&#8230;<\/p>\n","protected":false},"author":3,"featured_media":23144,"comment_status":"closed","ping_status":"closed","sticky":false,"template":"","format":"standard","meta":{"footnotes":""},"categories":[21],"tags":[],"class_list":["post-23143","post","type-post","status-publish","format-standard","has-post-thumbnail","hentry","category-deportes"],"featured_image_urls":{"full":["https:\/\/fmamiga909.com.ar\/wp-content\/uploads\/2025\/08\/wp-header-logo-119.png",960,540,false],"thumbnail":["https:\/\/fmamiga909.com.ar\/wp-content\/uploads\/2025\/08\/wp-header-logo-119-150x150.png",150,150,true],"medium":["https:\/\/fmamiga909.com.ar\/wp-content\/uploads\/2025\/08\/wp-header-logo-119-300x169.png",300,169,true],"medium_large":["https:\/\/fmamiga909.com.ar\/wp-content\/uploads\/2025\/08\/wp-header-logo-119.png",960,540,false],"large":["https:\/\/fmamiga909.com.ar\/wp-content\/uploads\/2025\/08\/wp-header-logo-119.png",640,360,false],"1536x1536":["https:\/\/fmamiga909.com.ar\/wp-content\/uploads\/2025\/08\/wp-header-logo-119.png",960,540,false],"2048x2048":["https:\/\/fmamiga909.com.ar\/wp-content\/uploads\/2025\/08\/wp-header-logo-119.png",960,540,false],"newsium-slider-full":["https:\/\/fmamiga909.com.ar\/wp-content\/uploads\/2025\/08\/wp-header-logo-119.png",960,540,false],"newsium-featured":["https:\/\/fmamiga909.com.ar\/wp-content\/uploads\/2025\/08\/wp-header-logo-119.png",960,540,false],"newsium-medium":["https:\/\/fmamiga909.com.ar\/wp-content\/uploads\/2025\/08\/wp-header-logo-119-720x475.png",720,475,true]},"author_info":{"display_name":"Fredy Giuliano","author_link":"https:\/\/fmamiga909.com.ar\/?author=3"},"category_info":"<a href=\"https:\/\/fmamiga909.com.ar\/?cat=21\" rel=\"category\">Deportes<\/a>","tag_info":"Deportes","comment_count":"0","_links":{"self":[{"href":"https:\/\/fmamiga909.com.ar\/index.php?rest_route=\/wp\/v2\/posts\/23143","targetHints":{"allow":["GET"]}}],"collection":[{"href":"https:\/\/fmamiga909.com.ar\/index.php?rest_route=\/wp\/v2\/posts"}],"about":[{"href":"https:\/\/fmamiga909.com.ar\/index.php?rest_route=\/wp\/v2\/types\/post"}],"author":[{"embeddable":true,"href":"https:\/\/fmamiga909.com.ar\/index.php?rest_route=\/wp\/v2\/users\/3"}],"replies":[{"embeddable":true,"href":"https:\/\/fmamiga909.com.ar\/index.php?rest_route=%2Fwp%2Fv2%2Fcomments&post=23143"}],"version-history":[{"count":0,"href":"https:\/\/fmamiga909.com.ar\/index.php?rest_route=\/wp\/v2\/posts\/23143\/revisions"}],"wp:featuredmedia":[{"embeddable":true,"href":"https:\/\/fmamiga909.com.ar\/index.php?rest_route=\/wp\/v2\/media\/23144"}],"wp:attachment":[{"href":"https:\/\/fmamiga909.com.ar\/index.php?rest_route=%2Fwp%2Fv2%2Fmedia&parent=23143"}],"wp:term":[{"taxonomy":"category","embeddable":true,"href":"https:\/\/fmamiga909.com.ar\/index.php?rest_route=%2Fwp%2Fv2%2Fcategories&post=23143"},{"taxonomy":"post_tag","embeddable":true,"href":"https:\/\/fmamiga909.com.ar\/index.php?rest_route=%2Fwp%2Fv2%2Ftags&post=23143"}],"curies":[{"name":"wp","href":"https:\/\/api.w.org\/{rel}","templated":true}]}}