{"id":23163,"date":"2025-08-11T21:47:47","date_gmt":"2025-08-11T21:47:47","guid":{"rendered":"https:\/\/fmamiga909.com.ar\/?p=23163"},"modified":"2025-08-11T21:47:47","modified_gmt":"2025-08-11T21:47:47","slug":"sin-pezzella-river-se-lamenta-por-no-inscribir-a-rivero-en-la-libertadores","status":"publish","type":"post","link":"https:\/\/fmamiga909.com.ar\/?p=23163","title":{"rendered":"Sin Pezzella, River se lamenta por no inscribir a Rivero en la Libertadores"},"content":{"rendered":"<div><!-- Body --><\/p>\n<p>De formar una dupla central de Selecci\u00f3n con <b>Germ\u00e1n Pezzella<\/b> y Lucas Mart\u00ednez Quarta, a prenderle velitas a la recuperaci\u00f3n de Paulo D\u00edaz y lamentarse por la <a href=\"https:\/\/www.pagina12.com.ar\/847231-river-y-la-libertadores-con-tanto-refuerzo-debe-repensar-la-\">no inclusi\u00f3n en la lista de buena fe<\/a> de un juvenil con apenas un partido en el club. <b>As\u00ed de inesperado es el panorama defensivo de River en la antesala del partido de ida de los octavos de final de la Copa, este jueves contra Libertad en Paraguay<\/b>.<\/p>\n<p>La dura lesi\u00f3n de Pezzella en el cl\u00e1sico del s\u00e1bado ante Independiente -rotura del ligamento cruzado anterior de la rodilla izquierda- provoc\u00f3 un efecto domin\u00f3 en el club de N\u00fa\u00f1ez. Con Mart\u00ednez Quarta\u00a0en la enfermer\u00eda desde hace semana y media -esguince de rodilla- y el chileno D\u00edaz lidiando con una sinovitis, tambi\u00e9n de rodilla,<b> Marcelo Gallardo deber\u00e1 echar mano a lo profundo del banco millonario<\/b>, uno que de todas maneras tiene muchas variantes.<\/p>\n<p>All\u00ed, <b>desempolvando alguna que otra telara\u00f1a, aparece el uruguayo Sebasti\u00e1n Boselli<\/b>, quien el s\u00e1bado hizo su ingreso de emergencia por Pezzella para volver a vestir la camiseta de la banda tras casi un a\u00f1o exacto. El central de 21 pirulos fue repescado de su pr\u00e9stamo en Estudiantes este receso y pinta para jugar de primer central ante los paraguayos.<\/p>\n<p>Boselli <b>termin\u00f3 meti\u00e9ndose pr\u00e1cticamente por la ventana en la lista de buena fe copera<\/b>, que permiti\u00f3 cinco cambios para las fases de eliminaci\u00f3n directa. El uruguayo se qued\u00f3 con el \u00faltimo lugar -los otros fueron de Quintero, Salas, Portillo y Galarza Fonda-,<b> desplazando por ejemplo al zurdo Lautaro Rivero<\/b>.<\/p>\n<p>Cosa curiosa: <b>Rivero fue la primera opci\u00f3n de Gallardo<\/b> para jugar contra Independiente una vez que se conoci\u00f3 la baja de Paulo D\u00edaz, por delante de Boselli, con lo que termin\u00f3 haciendo su debut con la camiseta millonaria. <b>De no llegar el chileno a la ida con Libertad, la ausencia de Rivero<\/b> -repescado de su pr\u00e9stamo en Central C\u00f3rdoba antes del Mundial de Clubes- <b>en la lista de buena fe har\u00e1 mucho ruido en el club N\u00fa\u00f1ez, que hizo el intento para inscribirlo en Conmebol ante la baja de Pezzella, pero el reglamento s\u00f3lo permite esa excepci\u00f3n en el caso de los arqueros. <\/b>En ese caso, aparecen alternativas m\u00e1s rebuscadas como la de Juan Carlos Portillo, volante pero que ha jugado en Talleres de central, y el juvenil Ulises Gim\u00e9nez, con escasos minutos en Primera pero inscripto en la Copa.<\/p>\n<p>Vale recordar que <b>en la n\u00f3mina riverplatense de la Libertadores figuran tambi\u00e9n algunos nombres hoy por hoy un tanto ins\u00f3litos, como el de Federico Gattoni,<\/b> todav\u00eda en el club pero uno de los \u00abborrados\u00bb por Gallardo. Otro que llama la atenci\u00f3n es Santiago Sim\u00f3n, tampoco tenido en cuenta por el DT.<\/p>\n<p>Ojo, <b>enfrente tendr\u00e1 a un Libertad que viene de mal en peor. <\/b>Este fin de semana empat\u00f3 como local con el Recoleta FC, marcha 6\u00ba de 12 equipos en el campeonato paraguayo (11 puntos en siete fechas) y <b>tambi\u00e9n sufri\u00f3 una lesi\u00f3n importante. Rodrigo Mor\u00ednigo, el arquero titular<\/b>, pidi\u00f3 el cambio en el segundo tiempo por una molestia muscular y no estar\u00eda este jueves ante el Millonario. <b>Su lugar lo ocupar\u00e1 el uruguayo Mart\u00edn Silva, de apenas 42 a\u00f1os<\/b>.<\/p>\n<p><!-- Live Blog Post --><\/div>\n<p><a href=\"https:\/\/www.pagina12.com.ar\/848888-sin-pezzella-river-se-lamenta-por-no-inscribir-a-rivero-en-l\">source<\/a><\/p>\n","protected":false},"excerpt":{"rendered":"<p>De formar una dupla central de Selecci\u00f3n con Germ\u00e1n Pezzella y Lucas Mart\u00ednez Quarta, a&#8230;<\/p>\n","protected":false},"author":3,"featured_media":23164,"comment_status":"closed","ping_status":"closed","sticky":false,"template":"","format":"standard","meta":{"footnotes":""},"categories":[21],"tags":[],"class_list":["post-23163","post","type-post","status-publish","format-standard","has-post-thumbnail","hentry","category-deportes"],"featured_image_urls":{"full":["https:\/\/fmamiga909.com.ar\/wp-content\/uploads\/2025\/08\/wp-header-logo-129.png",960,540,false],"thumbnail":["https:\/\/fmamiga909.com.ar\/wp-content\/uploads\/2025\/08\/wp-header-logo-129-150x150.png",150,150,true],"medium":["https:\/\/fmamiga909.com.ar\/wp-content\/uploads\/2025\/08\/wp-header-logo-129-300x169.png",300,169,true],"medium_large":["https:\/\/fmamiga909.com.ar\/wp-content\/uploads\/2025\/08\/wp-header-logo-129.png",960,540,false],"large":["https:\/\/fmamiga909.com.ar\/wp-content\/uploads\/2025\/08\/wp-header-logo-129.png",640,360,false],"1536x1536":["https:\/\/fmamiga909.com.ar\/wp-content\/uploads\/2025\/08\/wp-header-logo-129.png",960,540,false],"2048x2048":["https:\/\/fmamiga909.com.ar\/wp-content\/uploads\/2025\/08\/wp-header-logo-129.png",960,540,false],"newsium-slider-full":["https:\/\/fmamiga909.com.ar\/wp-content\/uploads\/2025\/08\/wp-header-logo-129.png",960,540,false],"newsium-featured":["https:\/\/fmamiga909.com.ar\/wp-content\/uploads\/2025\/08\/wp-header-logo-129.png",960,540,false],"newsium-medium":["https:\/\/fmamiga909.com.ar\/wp-content\/uploads\/2025\/08\/wp-header-logo-129-720x475.png",720,475,true]},"author_info":{"display_name":"Fredy Giuliano","author_link":"https:\/\/fmamiga909.com.ar\/?author=3"},"category_info":"<a href=\"https:\/\/fmamiga909.com.ar\/?cat=21\" rel=\"category\">Deportes<\/a>","tag_info":"Deportes","comment_count":"0","_links":{"self":[{"href":"https:\/\/fmamiga909.com.ar\/index.php?rest_route=\/wp\/v2\/posts\/23163","targetHints":{"allow":["GET"]}}],"collection":[{"href":"https:\/\/fmamiga909.com.ar\/index.php?rest_route=\/wp\/v2\/posts"}],"about":[{"href":"https:\/\/fmamiga909.com.ar\/index.php?rest_route=\/wp\/v2\/types\/post"}],"author":[{"embeddable":true,"href":"https:\/\/fmamiga909.com.ar\/index.php?rest_route=\/wp\/v2\/users\/3"}],"replies":[{"embeddable":true,"href":"https:\/\/fmamiga909.com.ar\/index.php?rest_route=%2Fwp%2Fv2%2Fcomments&post=23163"}],"version-history":[{"count":0,"href":"https:\/\/fmamiga909.com.ar\/index.php?rest_route=\/wp\/v2\/posts\/23163\/revisions"}],"wp:featuredmedia":[{"embeddable":true,"href":"https:\/\/fmamiga909.com.ar\/index.php?rest_route=\/wp\/v2\/media\/23164"}],"wp:attachment":[{"href":"https:\/\/fmamiga909.com.ar\/index.php?rest_route=%2Fwp%2Fv2%2Fmedia&parent=23163"}],"wp:term":[{"taxonomy":"category","embeddable":true,"href":"https:\/\/fmamiga909.com.ar\/index.php?rest_route=%2Fwp%2Fv2%2Fcategories&post=23163"},{"taxonomy":"post_tag","embeddable":true,"href":"https:\/\/fmamiga909.com.ar\/index.php?rest_route=%2Fwp%2Fv2%2Ftags&post=23163"}],"curies":[{"name":"wp","href":"https:\/\/api.w.org\/{rel}","templated":true}]}}