{"id":23193,"date":"2025-08-13T15:13:20","date_gmt":"2025-08-13T15:13:20","guid":{"rendered":"https:\/\/fmamiga909.com.ar\/?p=23193"},"modified":"2025-08-13T15:13:20","modified_gmt":"2025-08-13T15:13:20","slug":"nadia-podoroska-revelo-que-padece-de-algunas-lesiones-y-no-sabe-cuando-volvera-a-jugar","status":"publish","type":"post","link":"https:\/\/fmamiga909.com.ar\/?p=23193","title":{"rendered":"Nadia Podoroska revel\u00f3 que padece de algunas lesiones y no sabe cu\u00e1ndo volver\u00e1 a jugar"},"content":{"rendered":"<div><!-- Body --><\/p>\n<p>La tenista argentina <b><a href=\"https:\/\/www.pagina12.com.ar\/796768-abierto-de-australia-solo-sobreviven-tres-argentinos\">Nadia Podoroska<\/a><\/b> public\u00f3 un video en sus redes sociales tras ausentarse en el circuito WTA y mantenerse inactiva desde enero para explicar que sufri\u00f3 <strong>lesiones en la cadera y en uno de los hombros<\/strong>. La joven deportista aclar\u00f3 que fueron esos los motivos que provocaron su alejamiento del tenis profesional durante casi todo el a\u00f1o.<\/p>\n<h3\/>\n<p>La rosarina, que alcanz\u00f3 el puesto <strong>36\u00b0 del ranking WTA en julio de 2021<\/strong>, hab\u00eda disputado el Australian Open con molestias en la primera de las afecciones mencionadas y fue ah\u00ed cuando termin\u00f3 de lesionarse.<\/p>\n<p>Habiendo pasado <strong>siete meses desde su \u00faltimo partido<\/strong>, en el primer Grand Slam de la temporada, Podoroska, quien supo liderar el tenis femenino nacional durante los \u00faltimos a\u00f1os, declar\u00f3 en un video para sus redes sociales que est\u00e1 viviendo <strong>\u201cun proceso muy largo y dif\u00edcil\u201d<\/strong>.<\/p>\n<div class=\"iframely-embed medium-embedded-content\" data-html=\"Jmx0O2RpdiZndDsmbHQ7ZGl2IHN0eWxlPSJsZWZ0OiAwOyB3aWR0aDogMTAwJTsgaGVpZ2h0OiAwOyBwb3NpdGlvbjogcmVsYXRpdmU7IHBhZGRpbmctYm90dG9tOiA1Ni4wNDE3JTsiJmd0OyZsdDtpZnJhbWUgc3JjPSJodHRwczovL2lmcmFtZWx5LnBhZ2luYTEyLmNvbS5hci9hcGkvaWZyYW1lP2NsaWNrX3RvX3BsYXk9MSZhbXA7dXJsPWh0dHBzJTNBJTJGJTJGZ2VvLmRhaWx5bW90aW9uLmNvbSUyRnBsYXllciUyRnh0NWVlLmh0bWwlM0Z2aWRlbyUzRHg5b295d20mYW1wO2tleT00Njc2YjVmZGMwODMyNTdlYTg3ZjcxNjA4Yzc0ZTlmZSIgc3R5bGU9InRvcDogMDsgbGVmdDogMDsgd2lkdGg6IDEwMCU7IGhlaWdodDogMTAwJTsgcG9zaXRpb246IGFic29sdXRlOyBib3JkZXI6IDA7IiBhbGxvd2Z1bGxzY3JlZW4gc2Nyb2xsaW5nPSJubyIgYWxsb3c9ImVuY3J5cHRlZC1tZWRpYSAqOyImZ3Q7Jmx0Oy9pZnJhbWUmZ3Q7Jmx0Oy9kaXYmZ3Q7Jmx0Oy9kaXYmZ3Q7Jmx0O2RpdiBjbGFzcz0ibWVkaXVtLWluc2VydC1lbWJlZHMtbWV0YSImZ3Q7Jmx0O3NjcmlwdCB0eXBlPSJ0ZXh0L2pzb24iJmd0O3sidXJsIjoiaHR0cHM6Ly9nZW8uZGFpbHltb3Rpb24uY29tL3BsYXllci94dDVlZS5odG1sP3ZpZGVvPXg5b295d20iLCJ0eXBlIjoidmlkZW8iLCJ2ZXJzaW9uIjoiMS4wIiwidGl0bGUiOiJOYWRpYSBQb2Rvcm9za2EgZGlvIGVsIHBvcnF1w6kgZGUgc3UgbGFyZ2EgYXVzZW5jaWEgZW4gZWwgY2lyY3VpdG8iLCJhdXRob3IiOiJQw6FnaW5hMTIiLCJhdXRob3JfdXJsIjoiaHR0cHM6Ly93d3cuZGFpbHltb3Rpb24uY29tL1BhZ2luYTEyIiwicHJvdmlkZXJfbmFtZSI6IkRhaWx5bW90aW9uIiwiZGVzY3JpcHRpb24iOiJWZXIgTmFkaWEgUG9kb3Jvc2thIGRpbyBlbCBwb3JxdcOpIGRlIHN1IGxhcmdhIGF1c2VuY2lhIGVuIGVsIGNpcmN1aXRvIC0gUMOhZ2luYTEyIGVuIERhaWx5bW90aW9uIiwidGh1bWJuYWlsX3VybCI6Imh0dHBzOi8vczEuZG1jZG4ubmV0L3YvWXdBQXMxZWQ5Um1EdzlqSEMveDcyMCIsInRodW1ibmFpbF93aWR0aCI6MTI4MCwidGh1bWJuYWlsX2hlaWdodCI6NzIwLCJjYWNoZV9hZ2UiOjg2NDAwfSZsdDsvc2NyaXB0Jmd0OyZsdDsvZGl2Jmd0Ow==\">\n                <a data-iframely-url=\"\" href=\"https:\/\/geo.dailymotion.com\/player\/xt5ee.html?video=x9ooywm\">https:\/\/geo.dailymotion.com\/player\/xt5ee.html?video=x9ooywm<\/a>\n              <\/div>\n<p>Con dolor en la expresi\u00f3n, \u201cNachu\u201d inici\u00f3 el video comentando que despu\u00e9s de su participaci\u00f3n en el Grand Slam de Australian Open, sufri\u00f3 una <strong>lesi\u00f3n en la cadera<\/strong> que le llev\u00f3 <strong>cuatro meses de recuperaci\u00f3n<\/strong> y que, \u201ccuando ya estaba por volver a competir\u201d, tuvo una nueva dolencia, esta vez en uno de sus hombros.<\/p>\n<p>Adem\u00e1s, Podoroska afirm\u00f3 que esta \u00faltima est\u00e1 <strong>\u201csiendo dif\u00edcil de sobrellevar\u201d<\/strong>, ya que nota que no est\u00e1 \u201c<strong>teniendo mucho avance<\/strong>\u201d en cuanto a la rehabilitaci\u00f3n, algo que la llev\u00f3 a pasar gran parte de la temporada sin competir y a ausentarse de las redes sociales.<\/p>\n<p>\u201c<b>Todav\u00eda no tengo una fecha exacta para volver<\/b>, <b>pero espero que sea <\/b><strong>muy pronto<\/strong>\u201d sentenci\u00f3 la jugadora de 28 a\u00f1os, que tambi\u00e9n aprovech\u00f3 la oportunidad para <strong>agradecer por los mensajes de apoyo<\/strong>\u00a0en sus redes sociales.<\/p>\n<p>Con el objetivo de <strong>mantenerse en el top 100<\/strong>, y habiendo arrancado el a\u00f1o en el puesto 95\u00b0 del ranking mundial, la temporada de la rosarina cambi\u00f3 abruptamente apenas comenzada.<\/p>\n<p>Habiendo abierto el a\u00f1o con la posibilidad de representar a la <strong>Selecci\u00f3n argentina en la United Cup<\/strong>, en la que jug\u00f3 dos partidos de singles y se impuso en uno de ellos, ante la australiana <strong>Olivia Gadecki<\/strong>, aunque en la semana siguiente lleg\u00f3 su lesi\u00f3n en la cadera que, hasta completar su recuperaci\u00f3n, marc\u00f3 el que fue su \u00faltimo partido como jugadora profesional, con una derrota por <strong>6-1 y 6-1<\/strong> con la checa <strong>Karolina Muchova<\/strong>.<\/p>\n<h3><b>Segu\u00ed leyendo:<br \/><\/b><\/h3>\n<p><!-- Live Blog Post --><\/div>\n<p><a href=\"https:\/\/www.pagina12.com.ar\/849309-nadia-podoroska-revelo-que-padece-de-algunas-lesiones-y-no-s\">source<\/a><\/p>\n","protected":false},"excerpt":{"rendered":"<p>La tenista argentina Nadia Podoroska public\u00f3 un video en sus redes sociales tras ausentarse en&#8230;<\/p>\n","protected":false},"author":3,"featured_media":23194,"comment_status":"closed","ping_status":"closed","sticky":false,"template":"","format":"standard","meta":{"footnotes":""},"categories":[21],"tags":[],"class_list":["post-23193","post","type-post","status-publish","format-standard","has-post-thumbnail","hentry","category-deportes"],"featured_image_urls":{"full":["https:\/\/fmamiga909.com.ar\/wp-content\/uploads\/2025\/08\/wp-header-logo-144.png",960,540,false],"thumbnail":["https:\/\/fmamiga909.com.ar\/wp-content\/uploads\/2025\/08\/wp-header-logo-144-150x150.png",150,150,true],"medium":["https:\/\/fmamiga909.com.ar\/wp-content\/uploads\/2025\/08\/wp-header-logo-144-300x169.png",300,169,true],"medium_large":["https:\/\/fmamiga909.com.ar\/wp-content\/uploads\/2025\/08\/wp-header-logo-144.png",960,540,false],"large":["https:\/\/fmamiga909.com.ar\/wp-content\/uploads\/2025\/08\/wp-header-logo-144.png",640,360,false],"1536x1536":["https:\/\/fmamiga909.com.ar\/wp-content\/uploads\/2025\/08\/wp-header-logo-144.png",960,540,false],"2048x2048":["https:\/\/fmamiga909.com.ar\/wp-content\/uploads\/2025\/08\/wp-header-logo-144.png",960,540,false],"newsium-slider-full":["https:\/\/fmamiga909.com.ar\/wp-content\/uploads\/2025\/08\/wp-header-logo-144.png",960,540,false],"newsium-featured":["https:\/\/fmamiga909.com.ar\/wp-content\/uploads\/2025\/08\/wp-header-logo-144.png",960,540,false],"newsium-medium":["https:\/\/fmamiga909.com.ar\/wp-content\/uploads\/2025\/08\/wp-header-logo-144-720x475.png",720,475,true]},"author_info":{"display_name":"Fredy Giuliano","author_link":"https:\/\/fmamiga909.com.ar\/?author=3"},"category_info":"<a href=\"https:\/\/fmamiga909.com.ar\/?cat=21\" rel=\"category\">Deportes<\/a>","tag_info":"Deportes","comment_count":"0","_links":{"self":[{"href":"https:\/\/fmamiga909.com.ar\/index.php?rest_route=\/wp\/v2\/posts\/23193","targetHints":{"allow":["GET"]}}],"collection":[{"href":"https:\/\/fmamiga909.com.ar\/index.php?rest_route=\/wp\/v2\/posts"}],"about":[{"href":"https:\/\/fmamiga909.com.ar\/index.php?rest_route=\/wp\/v2\/types\/post"}],"author":[{"embeddable":true,"href":"https:\/\/fmamiga909.com.ar\/index.php?rest_route=\/wp\/v2\/users\/3"}],"replies":[{"embeddable":true,"href":"https:\/\/fmamiga909.com.ar\/index.php?rest_route=%2Fwp%2Fv2%2Fcomments&post=23193"}],"version-history":[{"count":0,"href":"https:\/\/fmamiga909.com.ar\/index.php?rest_route=\/wp\/v2\/posts\/23193\/revisions"}],"wp:featuredmedia":[{"embeddable":true,"href":"https:\/\/fmamiga909.com.ar\/index.php?rest_route=\/wp\/v2\/media\/23194"}],"wp:attachment":[{"href":"https:\/\/fmamiga909.com.ar\/index.php?rest_route=%2Fwp%2Fv2%2Fmedia&parent=23193"}],"wp:term":[{"taxonomy":"category","embeddable":true,"href":"https:\/\/fmamiga909.com.ar\/index.php?rest_route=%2Fwp%2Fv2%2Fcategories&post=23193"},{"taxonomy":"post_tag","embeddable":true,"href":"https:\/\/fmamiga909.com.ar\/index.php?rest_route=%2Fwp%2Fv2%2Ftags&post=23193"}],"curies":[{"name":"wp","href":"https:\/\/api.w.org\/{rel}","templated":true}]}}