{"id":23254,"date":"2025-08-15T14:21:56","date_gmt":"2025-08-15T14:21:56","guid":{"rendered":"https:\/\/fmamiga909.com.ar\/?p=23254"},"modified":"2025-08-15T14:21:56","modified_gmt":"2025-08-15T14:21:56","slug":"erik-lamela-conto-por-que-se-retiro-hace-5-anos-que-tomo-pastillas-cada-partido","status":"publish","type":"post","link":"https:\/\/fmamiga909.com.ar\/?p=23254","title":{"rendered":"Erik Lamela cont\u00f3 por qu\u00e9 se retir\u00f3: &quot;Hace 5 a\u00f1os que tomo pastillas cada partido&quot;\u00a0"},"content":{"rendered":"<div><!-- Body --><\/p>\n<p>El argentino <b><a href=\"https:\/\/www.pagina12.com.ar\/849676-erik-lamela-se-retiro-del-futbol-a-los-33-anos\">Erik Lamela<\/a><\/b> cont\u00f3 a trav\u00e9s de sus redes sociales<b> los motivos por los cuales decidi\u00f3 ponerle fin a su carrera<\/b> a los 33 a\u00f1os. <b>\u00abTengo problemas en las caderas<\/b>, hace 11 a\u00f1os que comenzaron y en el 2017 fui operado de ambas, siendo la izquierda la m\u00e1s afectada\u00bb, dio a conocer.\u00a0<\/p>\n<h3\/>\n<p>\u00abFue un a\u00f1o dif\u00edcil, ten\u00eda mucho miedo\u2026 pens\u00e9 que pod\u00eda ser el final de mi carrera y ten\u00eda 25 a\u00f1os\u201d, contin\u00faa el mensaje del exjugador de River y la selecci\u00f3n argentina. <b>\u201cLuego de que salieran bien las operaciones me dieron 4 a\u00f1os m\u00e1s de carrera<\/b>. <b>Me dijeron que con el tiempo iba a volver a empeorar<\/b> <b>y eso es lo que estoy viviendo ahora<\/b>. Con mucho sacrificio, pasando horas con fisioterapeutas, fortaleciendo en el gimnasio, infinitas inyecciones y tratamientos logr\u00e9 jugar m\u00e1s del doble\u201d, agreg\u00f3.\u00a0<\/p>\n<p><b>\u201cTener dolor, jugar y entrenar con molest\u00edas pas\u00f3 a ser algo normal en mi d\u00eda a d\u00eda.\u00a0Hace 5 a\u00f1os que tomo pastillas cada partido para poder competir en mejores condiciones<\/b>\u201d, detall\u00f3 el exfutbolista, que asegur\u00f3 que en el \u00faltimo tiempo los dolores lo obligaban a tomar m\u00e1s pastillas.\u00a0<\/p>\n<p><b>\u201cHoy decido ponerle fin a todo esto, hoy se termina todo este esfuerzo\u201d<\/b>, comunic\u00f3. Resulta que, seg\u00fan dio a conocer el propio Lamela, ven\u00eda realizando un entrenamiento diferenciado del resto del plantel, con bicicleta y trabajos en el gimnasio: \u201cEste a\u00f1o cambiaron las cosas, no aceptan mi manera de entrenar y lo entiendo perfectamente, por eso mi acuerdo mutuo con el club para terminar de la mejor manera\u201d.<\/p>\n<p><b>Le dedic\u00f3 palabras de agradecimiento a Mat\u00edas Almeyda, compa\u00f1ero suyo en River<\/b>. De hecho,\u00a0<b>se sumar\u00e1 a su cuerto t\u00e9cnico<\/b> como ayudante en el Sevilla. \u201cQuiero agradecer a todos los clubes donde jugu\u00e9 por haber confiado en m\u00ed y abrirme las puertas de sus pa\u00edses. A River que fue el que me form\u00f3 d\u00e1ndome desde la comida hasta una escuela, no me olvido de nada, tengo memoria de quienes me ayudaron\u201d, record\u00f3.<\/p>\n<p>Lamela surgi\u00f3 de las inferiores de River y lleg\u00f3 a Primera en 2009 con 17 a\u00f1os, siendo una de las grandes promesas del f\u00fatbol argentino. Con todo su talento y su gambeta, <b>era el mejor jugador de un <i>Millonario <\/i>que atravesaba un momento institucional y deportivo muy complicado que termin\u00f3 en el tr\u00e1gico descenso de 2011.<\/b><\/p>\n<p>Tras la promoci\u00f3n ante Belgrano, <b>se fue a la Roma de Italia a cambio de 17 millones de euros<\/b>. Estuvo en el equipo de la capital italiana por dos a\u00f1os, cuando <b>el Tottenham de Inglaterra puso sus ojos en \u00e9l y lo compr\u00f3 por 30 millones de euros<\/b>. Lleg\u00f3 a jugar 25 partidos en la <b>selecci\u00f3n argentina<\/b>, con 3 goles y 2 asistencias.<\/p>\n<p>Tras 8 a\u00f1os en los Spurs, se fue libre al <b>Sevilla <\/b>de Espa\u00f1a. All\u00ed jug\u00f3 durante tres temporadas antes de emigrar a Grecia para militar en el <b>AEK Atenas<\/b>, donde puso fin a su carrera tras un a\u00f1o. En total jug\u00f3 484 partidos oficiales, en los que marc\u00f3 84 goles y dio 76 asistencias. <b>Gan\u00f3 la Europa League 2022\/23 con Sevilla<\/b>. Antes, en 2021, fue <b>galardonado con el Premio Puskas de la FIFA al Mejor Gol del A\u00f1o por su magn\u00edfica rabona ante Arsenal<\/b>.<\/p>\n<p>\u201cUna parte de mi est\u00e1 triste por dejar lo que me apasiona y lo que hice durante casi toda mi vida. Otra parte de m\u00ed siente alivio, hoy me quito esa mochila tan pesada que significa estar cada partido sin importar las condiciones en las que est\u00e9. De tener que estar concentrado con dolor y saber que un estadio lleno me espera para exigirme en cada pelota.<b> Me acostumbr\u00e9 a eso, pero a partir de hoy cuidar\u00e9 mi salud<\/b>\u201d, cerr\u00f3 su mensaje en redes sociales.\u00a0\u00a0<\/p>\n<h3>Segu\u00ed leyendo<\/h3>\n<h3\/><!-- Live Blog Post --><\/div>\n<p><a href=\"https:\/\/www.pagina12.com.ar\/849864-erik-lamela-conto-por-que-se-retiro-hace-5-anos-que-tomo-pas\">source<\/a><\/p>\n","protected":false},"excerpt":{"rendered":"<p>El argentino Erik Lamela cont\u00f3 a trav\u00e9s de sus redes sociales los motivos por los&#8230;<\/p>\n","protected":false},"author":3,"featured_media":23255,"comment_status":"closed","ping_status":"closed","sticky":false,"template":"","format":"standard","meta":{"footnotes":""},"categories":[21],"tags":[],"class_list":["post-23254","post","type-post","status-publish","format-standard","has-post-thumbnail","hentry","category-deportes"],"featured_image_urls":{"full":["https:\/\/fmamiga909.com.ar\/wp-content\/uploads\/2025\/08\/wp-header-logo-170.png",960,540,false],"thumbnail":["https:\/\/fmamiga909.com.ar\/wp-content\/uploads\/2025\/08\/wp-header-logo-170-150x150.png",150,150,true],"medium":["https:\/\/fmamiga909.com.ar\/wp-content\/uploads\/2025\/08\/wp-header-logo-170-300x169.png",300,169,true],"medium_large":["https:\/\/fmamiga909.com.ar\/wp-content\/uploads\/2025\/08\/wp-header-logo-170.png",960,540,false],"large":["https:\/\/fmamiga909.com.ar\/wp-content\/uploads\/2025\/08\/wp-header-logo-170.png",640,360,false],"1536x1536":["https:\/\/fmamiga909.com.ar\/wp-content\/uploads\/2025\/08\/wp-header-logo-170.png",960,540,false],"2048x2048":["https:\/\/fmamiga909.com.ar\/wp-content\/uploads\/2025\/08\/wp-header-logo-170.png",960,540,false],"newsium-slider-full":["https:\/\/fmamiga909.com.ar\/wp-content\/uploads\/2025\/08\/wp-header-logo-170.png",960,540,false],"newsium-featured":["https:\/\/fmamiga909.com.ar\/wp-content\/uploads\/2025\/08\/wp-header-logo-170.png",960,540,false],"newsium-medium":["https:\/\/fmamiga909.com.ar\/wp-content\/uploads\/2025\/08\/wp-header-logo-170-720x475.png",720,475,true]},"author_info":{"display_name":"Fredy Giuliano","author_link":"https:\/\/fmamiga909.com.ar\/?author=3"},"category_info":"<a href=\"https:\/\/fmamiga909.com.ar\/?cat=21\" rel=\"category\">Deportes<\/a>","tag_info":"Deportes","comment_count":"0","_links":{"self":[{"href":"https:\/\/fmamiga909.com.ar\/index.php?rest_route=\/wp\/v2\/posts\/23254","targetHints":{"allow":["GET"]}}],"collection":[{"href":"https:\/\/fmamiga909.com.ar\/index.php?rest_route=\/wp\/v2\/posts"}],"about":[{"href":"https:\/\/fmamiga909.com.ar\/index.php?rest_route=\/wp\/v2\/types\/post"}],"author":[{"embeddable":true,"href":"https:\/\/fmamiga909.com.ar\/index.php?rest_route=\/wp\/v2\/users\/3"}],"replies":[{"embeddable":true,"href":"https:\/\/fmamiga909.com.ar\/index.php?rest_route=%2Fwp%2Fv2%2Fcomments&post=23254"}],"version-history":[{"count":0,"href":"https:\/\/fmamiga909.com.ar\/index.php?rest_route=\/wp\/v2\/posts\/23254\/revisions"}],"wp:featuredmedia":[{"embeddable":true,"href":"https:\/\/fmamiga909.com.ar\/index.php?rest_route=\/wp\/v2\/media\/23255"}],"wp:attachment":[{"href":"https:\/\/fmamiga909.com.ar\/index.php?rest_route=%2Fwp%2Fv2%2Fmedia&parent=23254"}],"wp:term":[{"taxonomy":"category","embeddable":true,"href":"https:\/\/fmamiga909.com.ar\/index.php?rest_route=%2Fwp%2Fv2%2Fcategories&post=23254"},{"taxonomy":"post_tag","embeddable":true,"href":"https:\/\/fmamiga909.com.ar\/index.php?rest_route=%2Fwp%2Fv2%2Ftags&post=23254"}],"curies":[{"name":"wp","href":"https:\/\/api.w.org\/{rel}","templated":true}]}}