{"id":23278,"date":"2025-08-16T01:56:48","date_gmt":"2025-08-16T01:56:48","guid":{"rendered":"https:\/\/fmamiga909.com.ar\/?p=23278"},"modified":"2025-08-16T01:56:48","modified_gmt":"2025-08-16T01:56:48","slug":"el-taekwondo-comenzo-con-todo-ignacio-espinola-gano-la-medalla-de-oro","status":"publish","type":"post","link":"https:\/\/fmamiga909.com.ar\/?p=23278","title":{"rendered":"El taekwondo comenz\u00f3 con todo: Ignacio Esp\u00ednola gan\u00f3 la medalla de oro"},"content":{"rendered":"<div><!-- Body --><\/p>\n<p>El taekwondo no pudo haber empezado mejor. En la primera jornada de competencias en este deporte,<b> Ignacio Esp\u00ednola se qued\u00f3 con la medalla de oro<\/b> en la especialidad hasta 58 kilos masculino de los II Juegos Panamericanos Junior Asunci\u00f3n 2025.\u00a0<\/p>\n<p>\u00c9l fue el \u00fanico argentino que compiti\u00f3 hoy en <b>el tatami del Polideportivo Deportes Urbanos, del Comit\u00e9 Ol\u00edmpico Paraguayo, <\/b>y las instancias de las competencias fueron seguidas nada mas y nada menos que por el campe\u00f3n ol\u00edmpico de taekwondo en la categor\u00eda de -80 kg en Londres 2012, <b>Sebasti\u00e1n Crismanich.<\/b><\/p>\n<p>Esp\u00ednola venci\u00f3 en la final al brasile\u00f1o <b>Matheus Goncalves<\/b> al imponerse 2-1 (gan\u00f3 5-4 en el primero round, perdi\u00f3 9-8 el segundo y volvi\u00f3 a ganar 14-4 en el tercero), logrando una merecida medalla dorada.<\/p>\n<p>En su camino a la final, el correntino hab\u00eda superado <b>al chileno \u00c1aron Contreras<\/b> por 2-1 (0-4, 4-1 y 2-1), en cuartos de final y al <b>puertorrique\u00f1o Ilay Rodr\u00edguez<\/b> por 2-0 (4-1 y 10-4), en semifinales.<\/p>\n<p>El s\u00e1bado competir\u00e1 en la categor\u00eda -67kg  la rosarina <b>Brenda Ru\u00edz D\u00edaz,<\/b> y en -80kg Mateo Di Leo, oriundo de Mendoza. El domingo habr\u00e1 combate por equipos mixtos con Esp\u00ednola, <b>Di Leo y Ru\u00edz D\u00edaz.<\/b><\/p>\n<p>La delegaci\u00f3n es acompa\u00f1ada por el director t\u00e9cnico <b>Gabriel Taraburelli,<\/b> y los dirigentes de la CAT (Confederaci\u00f3n Argentina de Taekwondo) Ignacio Gont\u00e1n y Ricardo Torres.<\/p>\n<p><!-- Live Blog Post --><\/div>\n<p><a href=\"https:\/\/www.pagina12.com.ar\/849905-el-taekwondo-argentino-se-inicio-en-los-panamericanos-junior\">source<\/a><\/p>\n","protected":false},"excerpt":{"rendered":"<p>El taekwondo no pudo haber empezado mejor. En la primera jornada de competencias en este&#8230;<\/p>\n","protected":false},"author":3,"featured_media":23279,"comment_status":"closed","ping_status":"closed","sticky":false,"template":"","format":"standard","meta":{"footnotes":""},"categories":[21],"tags":[],"class_list":["post-23278","post","type-post","status-publish","format-standard","has-post-thumbnail","hentry","category-deportes"],"featured_image_urls":{"full":["https:\/\/fmamiga909.com.ar\/wp-content\/uploads\/2025\/08\/wp-header-logo-182.png",960,540,false],"thumbnail":["https:\/\/fmamiga909.com.ar\/wp-content\/uploads\/2025\/08\/wp-header-logo-182-150x150.png",150,150,true],"medium":["https:\/\/fmamiga909.com.ar\/wp-content\/uploads\/2025\/08\/wp-header-logo-182-300x169.png",300,169,true],"medium_large":["https:\/\/fmamiga909.com.ar\/wp-content\/uploads\/2025\/08\/wp-header-logo-182.png",960,540,false],"large":["https:\/\/fmamiga909.com.ar\/wp-content\/uploads\/2025\/08\/wp-header-logo-182.png",640,360,false],"1536x1536":["https:\/\/fmamiga909.com.ar\/wp-content\/uploads\/2025\/08\/wp-header-logo-182.png",960,540,false],"2048x2048":["https:\/\/fmamiga909.com.ar\/wp-content\/uploads\/2025\/08\/wp-header-logo-182.png",960,540,false],"newsium-slider-full":["https:\/\/fmamiga909.com.ar\/wp-content\/uploads\/2025\/08\/wp-header-logo-182.png",960,540,false],"newsium-featured":["https:\/\/fmamiga909.com.ar\/wp-content\/uploads\/2025\/08\/wp-header-logo-182.png",960,540,false],"newsium-medium":["https:\/\/fmamiga909.com.ar\/wp-content\/uploads\/2025\/08\/wp-header-logo-182-720x475.png",720,475,true]},"author_info":{"display_name":"Fredy Giuliano","author_link":"https:\/\/fmamiga909.com.ar\/?author=3"},"category_info":"<a href=\"https:\/\/fmamiga909.com.ar\/?cat=21\" rel=\"category\">Deportes<\/a>","tag_info":"Deportes","comment_count":"0","_links":{"self":[{"href":"https:\/\/fmamiga909.com.ar\/index.php?rest_route=\/wp\/v2\/posts\/23278","targetHints":{"allow":["GET"]}}],"collection":[{"href":"https:\/\/fmamiga909.com.ar\/index.php?rest_route=\/wp\/v2\/posts"}],"about":[{"href":"https:\/\/fmamiga909.com.ar\/index.php?rest_route=\/wp\/v2\/types\/post"}],"author":[{"embeddable":true,"href":"https:\/\/fmamiga909.com.ar\/index.php?rest_route=\/wp\/v2\/users\/3"}],"replies":[{"embeddable":true,"href":"https:\/\/fmamiga909.com.ar\/index.php?rest_route=%2Fwp%2Fv2%2Fcomments&post=23278"}],"version-history":[{"count":0,"href":"https:\/\/fmamiga909.com.ar\/index.php?rest_route=\/wp\/v2\/posts\/23278\/revisions"}],"wp:featuredmedia":[{"embeddable":true,"href":"https:\/\/fmamiga909.com.ar\/index.php?rest_route=\/wp\/v2\/media\/23279"}],"wp:attachment":[{"href":"https:\/\/fmamiga909.com.ar\/index.php?rest_route=%2Fwp%2Fv2%2Fmedia&parent=23278"}],"wp:term":[{"taxonomy":"category","embeddable":true,"href":"https:\/\/fmamiga909.com.ar\/index.php?rest_route=%2Fwp%2Fv2%2Fcategories&post=23278"},{"taxonomy":"post_tag","embeddable":true,"href":"https:\/\/fmamiga909.com.ar\/index.php?rest_route=%2Fwp%2Fv2%2Ftags&post=23278"}],"curies":[{"name":"wp","href":"https:\/\/api.w.org\/{rel}","templated":true}]}}