{"id":23294,"date":"2025-08-17T01:50:00","date_gmt":"2025-08-17T01:50:00","guid":{"rendered":"https:\/\/fmamiga909.com.ar\/?p=23294"},"modified":"2025-08-17T01:50:00","modified_gmt":"2025-08-17T01:50:00","slug":"perrone-brillo-en-austria-y-logro-su-primera-pole-en-moto3","status":"publish","type":"post","link":"https:\/\/fmamiga909.com.ar\/?p=23294","title":{"rendered":"Perrone brill\u00f3 en Austria y logr\u00f3 su primera pole en Moto3"},"content":{"rendered":"<div><!-- Body --><\/p>\n<p><b>El argentino Valent\u00edn Perrone<\/b> sigue brillando y este s\u00e1bado tuvo una actuaci\u00f3n espectacular: hizo una clasificaci\u00f3n sobresaliente y<b> conquist\u00f3 en el Gran Premio de Austria de la categor\u00eda Moto3 una hist\u00f3rica pole position, la primera de su carrera<\/b>, que le permitir\u00e1 este domingo largar desde la posici\u00f3n privilegiada  en la competencia principal de la categor\u00eda.<\/p>\n<p><b>Con un tiempo de 1m39s938<\/b> que lo hizo volar sobre el trazado de la ciudad austr\u00edaca de Spielberg, el joven piloto\u00a0del equipo KTM Tech 3 se qued\u00f3 con el mejor registro de la clasificaci\u00f3n oficial en el circuito Red Bull. <b>El argentino super\u00f3 al espa\u00f1ol \u00c1ngel Piqueras y al japon\u00e9s Ryusei Yamanaka y largar\u00e1 primero por primera vez en su vida.<\/b><\/p>\n<div class=\"iframely-embed medium-embedded-content\" data-html=\"Jmx0O2Jsb2NrcXVvdGUgY2xhc3M9InR3aXR0ZXItdHdlZXQiIGRhdGEtZG50PSJ0cnVlIiBhbGlnbj0iY2VudGVyIiZndDsmbHQ7cCBsYW5nPSJlbiIgZGlyPSJsdHIiJmd0O0dldCBWYWxlbnRpbiBhIHdhdGNoIOKMmiZsdDticiZndDsmbHQ7YnImZ3Q7UGVycm9uZSBnZXRzIGhpcyBmaXJzdCBldmVyICZsdDthIGhyZWY9Imh0dHBzOi8vdHdpdHRlci5jb20vaGFzaHRhZy9Nb3RvMz9zcmM9aGFzaCZhbXA7YW1wO3JlZl9zcmM9dHdzcmMlNUV0ZnciJmd0OyNNb3RvMyZsdDsvYSZndDsgUE9MRSBQT1NJVElPTiDwn6SvJmx0O2EgaHJlZj0iaHR0cHM6Ly90d2l0dGVyLmNvbS9oYXNodGFnL0F1c3RyaWFuR1A\/c3JjPWhhc2gmYW1wO2FtcDtyZWZfc3JjPXR3c3JjJTVFdGZ3IiZndDsjQXVzdHJpYW5HUCZsdDsvYSZndDsg8J+HpvCfh7kgJmx0O2EgaHJlZj0iaHR0cHM6Ly90LmNvLzI0dzFUZjNjTFUiJmd0O3BpYy50d2l0dGVyLmNvbS8yNHcxVGYzY0xVJmx0Oy9hJmd0OyZsdDsvcCZndDsmYW1wO21kYXNoOyBNb3RvR1DihKLwn4+BIChATW90b0dQKSAmbHQ7YSBocmVmPSJodHRwczovL3R3aXR0ZXIuY29tL01vdG9HUC9zdGF0dXMvMTk1NjY3OTczMTY1NjQ2MjUzNz9yZWZfc3JjPXR3c3JjJTVFdGZ3IiZndDtBdWd1c3QgMTYsIDIwMjUmbHQ7L2EmZ3Q7Jmx0Oy9ibG9ja3F1b3RlJmd0OwombHQ7c2NyaXB0IGFzeW5jIHNyYz0iaHR0cHM6Ly9wbGF0Zm9ybS50d2l0dGVyLmNvbS93aWRnZXRzLmpzIiBjaGFyc2V0PSJ1dGYtOCImZ3Q7Jmx0Oy9zY3JpcHQmZ3Q7CgombHQ7ZGl2IGNsYXNzPSJtZWRpdW0taW5zZXJ0LWVtYmVkcy1tZXRhIiZndDsmbHQ7c2NyaXB0IHR5cGU9InRleHQvanNvbiImZ3Q7eyJ1cmwiOiJodHRwczovL3R3aXR0ZXIuY29tL01vdG9HUC9zdGF0dXMvMTk1NjY3OTczMTY1NjQ2MjUzNyIsInR5cGUiOiJyaWNoIiwidmVyc2lvbiI6IjEuMCIsInRpdGxlIjoiTW90b0dQ4oSi8J+PgSBvbiBUd2l0dGVyIC8gWCIsImF1dGhvciI6Ik1vdG9HUOKEovCfj4EiLCJhdXRob3JfdXJsIjoiaHR0cHM6Ly90d2l0dGVyLmNvbS9Nb3RvR1AiLCJwcm92aWRlcl9uYW1lIjoiVHdpdHRlciIsImRlc2NyaXB0aW9uIjoiR2V0IFZhbGVudGluIGEgd2F0Y2gg4oyaUGVycm9uZSBnZXRzIGhpcyBmaXJzdCBldmVyICNNb3RvMyBQT0xFIFBPU0lUSU9OIPCfpK8jQXVzdHJpYW5HUCDwn4em8J+HuSBwaWMudHdpdHRlci5jb20vMjR3MVRmM2NMVeKAlCBNb3RvR1DihKLwn4+BIChATW90b0dQKSBBdWd1c3QgMTYsIDIwMjVcblxuXG4iLCJ0aHVtYm5haWxfdXJsIjoiaHR0cHM6Ly9wYnMudHdpbWcuY29tL2FtcGxpZnlfdmlkZW9fdGh1bWIvMTk1NjY3OTcwODEyNjQ0NTU2OC9pbWcva3RaY3Rlb05oWjhKQngyMi5qcGc6bGFyZ2UiLCJ0aHVtYm5haWxfd2lkdGgiOjEyODAsInRodW1ibmFpbF9oZWlnaHQiOjcyMCwiY2FjaGVfYWdlIjo4NjQwMCwib3B0aW9ucyI6eyJfaGlkZV9tZWRpYSI6eyJsYWJlbCI6IkhpZGUgcGhvdG9zLCB2aWRlb3MsIGFuZCBjYXJkcyIsInZhbHVlIjpmYWxzZX0sIl90aGVtZSI6eyJ2YWx1ZSI6IiIsInZhbHVlcyI6eyJkYXJrIjoiVXNlIGRhcmsgdGhlbWUifX0sIl9tYXh3aWR0aCI6eyJ2YWx1ZSI6IiIsImxhYmVsIjoiQWRqdXN0IHdpZHRoIiwicGxhY2Vob2xkZXIiOiIyMjAtNTUwLCBpbiBweCJ9fX0mbHQ7L3NjcmlwdCZndDsmbHQ7L2RpdiZndDs=\">\n                <a data-iframely-url=\"\" href=\"https:\/\/twitter.com\/MotoGP\/status\/1956679731656462537\">https:\/\/twitter.com\/MotoGP\/status\/1956679731656462537<\/a>\n              <\/div>\n<p><b>Perrone naci\u00f3 en Barcelona pero eligi\u00f3 representar a nuestro pa\u00eds en las citas internacionales en honor a su padre argentino<\/b>, raz\u00f3n por la que corre bajo bandera nacional. Tras marcar este hito hist\u00f3rico, el piloto que es orgullo albiceleste declar\u00f3: \u201cEs asombroso estar en la pole por primera vez. Con el equipo estuvimos trabajando muy duro. Estaba pensando: <b>&#8216;Hoy tiene que ser el d\u00eda, hoy tiene que ser P1\u2019<\/b>\u201d.<\/p>\n<p>La pole del argentino vale m\u00e1s todav\u00eda porque <b>tuvo una salvada notable<\/b> en la segunda pr\u00e1ctica libre, durante la ma\u00f1ana austr\u00edaca de este s\u00e1bado, antes de la clasificaci\u00f3n. Cuando faltaban\u00a025 minutos para finalizar la tanda, <b>Perrone tomaba una curva y entonces\u00a0perdi\u00f3 el equilibrio,\u00a0pero logr\u00f3\u00a0apoyar su mano derecha sobre el asfalto y evit\u00f3 caerse de la moto<\/b>, imponi\u00e9ndose contra la l\u00f3gica, la gravedad y la f\u00edsica que preanunciaban que no zafar\u00eda de la ca\u00edda.<\/p>\n<div class=\"iframely-embed medium-embedded-content\" data-html=\"Jmx0O2Jsb2NrcXVvdGUgY2xhc3M9InR3aXR0ZXItdHdlZXQiIGRhdGEtZG50PSJ0cnVlIiBhbGlnbj0iY2VudGVyIiZndDsmbHQ7cCBsYW5nPSJlbiIgZGlyPSJsdHIiJmd0O1RoZSBQZXJyb25lIFNob3cg8J+RjyZsdDticiZndDsmbHQ7YnImZ3Q7V0hBVC4gQS4gU0FWRSDwn6SvJmx0O2EgaHJlZj0iaHR0cHM6Ly90d2l0dGVyLmNvbS9oYXNodGFnL0F1c3RyaWFuR1A\/c3JjPWhhc2gmYW1wO2FtcDtyZWZfc3JjPXR3c3JjJTVFdGZ3IiZndDsjQXVzdHJpYW5HUCZsdDsvYSZndDsg8J+HpvCfh7kgJmx0O2EgaHJlZj0iaHR0cHM6Ly90LmNvL2xKcms2VDJwUzgiJmd0O3BpYy50d2l0dGVyLmNvbS9sSnJrNlQycFM4Jmx0Oy9hJmd0OyZsdDsvcCZndDsmYW1wO21kYXNoOyBNb3RvR1DihKLwn4+BIChATW90b0dQKSAmbHQ7YSBocmVmPSJodHRwczovL3R3aXR0ZXIuY29tL01vdG9HUC9zdGF0dXMvMTk1NjYwODc2OTQ4OTYyMTExMT9yZWZfc3JjPXR3c3JjJTVFdGZ3IiZndDtBdWd1c3QgMTYsIDIwMjUmbHQ7L2EmZ3Q7Jmx0Oy9ibG9ja3F1b3RlJmd0OwombHQ7c2NyaXB0IGFzeW5jIHNyYz0iaHR0cHM6Ly9wbGF0Zm9ybS50d2l0dGVyLmNvbS93aWRnZXRzLmpzIiBjaGFyc2V0PSJ1dGYtOCImZ3Q7Jmx0Oy9zY3JpcHQmZ3Q7CgombHQ7ZGl2IGNsYXNzPSJtZWRpdW0taW5zZXJ0LWVtYmVkcy1tZXRhIiZndDsmbHQ7c2NyaXB0IHR5cGU9InRleHQvanNvbiImZ3Q7eyJ1cmwiOiJodHRwczovL3R3aXR0ZXIuY29tL01vdG9HUC9zdGF0dXMvMTk1NjYwODc2OTQ4OTYyMTExMSIsInR5cGUiOiJyaWNoIiwidmVyc2lvbiI6IjEuMCIsInRpdGxlIjoiTW90b0dQ4oSi8J+PgSBvbiBUd2l0dGVyIC8gWCIsImF1dGhvciI6Ik1vdG9HUOKEovCfj4EiLCJhdXRob3JfdXJsIjoiaHR0cHM6Ly90d2l0dGVyLmNvbS9Nb3RvR1AiLCJwcm92aWRlcl9uYW1lIjoiVHdpdHRlciIsImRlc2NyaXB0aW9uIjoiVGhlIFBlcnJvbmUgU2hvdyDwn5GPV0hBVC4gQS4gU0FWRSDwn6SvI0F1c3RyaWFuR1Ag8J+HpvCfh7kgcGljLnR3aXR0ZXIuY29tL2xKcms2VDJwUzjigJQgTW90b0dQ4oSi8J+PgSAoQE1vdG9HUCkgQXVndXN0IDE2LCAyMDI1XG5cblxuIiwidGh1bWJuYWlsX3VybCI6Imh0dHBzOi8vcGJzLnR3aW1nLmNvbS9hbXBsaWZ5X3ZpZGVvX3RodW1iLzE5NTY2MDg3NDM5MDg0Nzg5NzcvaW1nL0F0Tl9KN0Rta1dGREZjdVAuanBnOmxhcmdlIiwidGh1bWJuYWlsX3dpZHRoIjoxMjgwLCJ0aHVtYm5haWxfaGVpZ2h0Ijo3MjAsImNhY2hlX2FnZSI6ODY0MDAsIm9wdGlvbnMiOnsiX2hpZGVfbWVkaWEiOnsibGFiZWwiOiJIaWRlIHBob3RvcywgdmlkZW9zLCBhbmQgY2FyZHMiLCJ2YWx1ZSI6ZmFsc2V9LCJfdGhlbWUiOnsidmFsdWUiOiIiLCJ2YWx1ZXMiOnsiZGFyayI6IlVzZSBkYXJrIHRoZW1lIn19LCJfbWF4d2lkdGgiOnsidmFsdWUiOiIiLCJsYWJlbCI6IkFkanVzdCB3aWR0aCIsInBsYWNlaG9sZGVyIjoiMjIwLTU1MCwgaW4gcHgifX19Jmx0Oy9zY3JpcHQmZ3Q7Jmx0Oy9kaXYmZ3Q7\">\n                <a data-iframely-url=\"\" href=\"https:\/\/twitter.com\/MotoGP\/status\/1956608769489621111\">https:\/\/twitter.com\/MotoGP\/status\/1956608769489621111<\/a>\n              <\/div>\n<p>Perrone tambi\u00e9n se expres\u00f3 sobre la oportunidad que esta estupenda clasificaci\u00f3n le abre en relaci\u00f3n con la carrera de este domingo. <b>\u00abVamos a tratar de repetir y de ganar. Lo primero es disfrutar la carrera, pensar y tratar de estar adelante todo el tiempo.<\/b> Sabemos que tenemos un buen ritmo. Pienso que tal vez podemos romper el grupo, seis o siete pilotos, y despu\u00e9s voy a tratar de dar mi m\u00e1ximo en las \u00faltimas vueltas\u201d explic\u00f3.<\/p>\n<p>El piloto nacional volvi\u00f3 a demostrar su calidad en esta temporada de Moto3, esa que hace algo m\u00e1s de un mes tambi\u00e9n le permiti\u00f3 registrar una actuaci\u00f3n hist\u00f3rica. Fue <b>el 29 de junio, en\u00a0Assen, cuando finaliz\u00f3 tercero el Gran Premio de Pa\u00edses Bajos y alcanz\u00f3 el primer podio de su carrera<\/b>, convirti\u00e9ndose adem\u00e1s en el primer argentino en subir a un podio del circuito del motociclismo mundial desde 2021.<\/p>\n<div class=\"iframely-embed medium-embedded-content\" data-html=\"Jmx0O2Jsb2NrcXVvdGUgY2xhc3M9InR3aXR0ZXItdHdlZXQiIGRhdGEtZG50PSJ0cnVlIiBhbGlnbj0iY2VudGVyIiZndDsmbHQ7cCBsYW5nPSJlbiIgZGlyPSJsdHIiJmd0O0ZpcnN0IHBvZGl1bSBldmVyIGZvciBWYWxlbnRpbiBQZXJyb25lIGFuZCBmaXJzdCBmb3IgQXJnZW50aW5hIHNpbmNlIDIwMjEg8J+HpvCfh7cmbHQ7YSBocmVmPSJodHRwczovL3R3aXR0ZXIuY29tL2hhc2h0YWcvRHV0Y2hHUD9zcmM9aGFzaCZhbXA7YW1wO3JlZl9zcmM9dHdzcmMlNUV0ZnciJmd0OyNEdXRjaEdQJmx0Oy9hJmd0OyDwn4ez8J+HsSAmbHQ7YSBocmVmPSJodHRwczovL3QuY28vdGZldUZXNEVFbiImZ3Q7cGljLnR3aXR0ZXIuY29tL3RmZXVGVzRFRW4mbHQ7L2EmZ3Q7Jmx0Oy9wJmd0OyZhbXA7bWRhc2g7IE1vdG9HUOKEovCfj4EgKEBNb3RvR1ApICZsdDthIGhyZWY9Imh0dHBzOi8vdHdpdHRlci5jb20vTW90b0dQL3N0YXR1cy8xOTM5MjU5MDk0NDkxMTQwMTcxP3JlZl9zcmM9dHdzcmMlNUV0ZnciJmd0O0p1bmUgMjksIDIwMjUmbHQ7L2EmZ3Q7Jmx0Oy9ibG9ja3F1b3RlJmd0OwombHQ7c2NyaXB0IGFzeW5jIHNyYz0iaHR0cHM6Ly9wbGF0Zm9ybS50d2l0dGVyLmNvbS93aWRnZXRzLmpzIiBjaGFyc2V0PSJ1dGYtOCImZ3Q7Jmx0Oy9zY3JpcHQmZ3Q7CgombHQ7ZGl2IGNsYXNzPSJtZWRpdW0taW5zZXJ0LWVtYmVkcy1tZXRhIiZndDsmbHQ7c2NyaXB0IHR5cGU9InRleHQvanNvbiImZ3Q7eyJ1cmwiOiJodHRwczovL3R3aXR0ZXIuY29tL01vdG9HUC9zdGF0dXMvMTkzOTI1OTA5NDQ5MTE0MDE3MSIsInR5cGUiOiJyaWNoIiwidmVyc2lvbiI6IjEuMCIsInRpdGxlIjoiTW90b0dQ4oSi8J+PgSBvbiBUd2l0dGVyIC8gWCIsImF1dGhvciI6Ik1vdG9HUOKEovCfj4EiLCJhdXRob3JfdXJsIjoiaHR0cHM6Ly90d2l0dGVyLmNvbS9Nb3RvR1AiLCJwcm92aWRlcl9uYW1lIjoiVHdpdHRlciIsImRlc2NyaXB0aW9uIjoiRmlyc3QgcG9kaXVtIGV2ZXIgZm9yIFZhbGVudGluIFBlcnJvbmUgYW5kIGZpcnN0IGZvciBBcmdlbnRpbmEgc2luY2UgMjAyMSDwn4em8J+HtyNEdXRjaEdQIPCfh7Pwn4exIHBpYy50d2l0dGVyLmNvbS90ZmV1Rlc0RUVu4oCUIE1vdG9HUOKEovCfj4EgKEBNb3RvR1ApIEp1bmUgMjksIDIwMjVcblxuXG4iLCJ0aHVtYm5haWxfdXJsIjoiaHR0cHM6Ly9wYnMudHdpbWcuY29tL2FtcGxpZnlfdmlkZW9fdGh1bWIvMTkzOTI1OTA2MzQ5NTI3MDQwMC9pbWcvWlBtSVpmazN1a1REVTVyVy5qcGc6bGFyZ2UiLCJ0aHVtYm5haWxfd2lkdGgiOjEyODAsInRodW1ibmFpbF9oZWlnaHQiOjcyMCwiY2FjaGVfYWdlIjo4NjQwMCwib3B0aW9ucyI6eyJfaGlkZV9tZWRpYSI6eyJsYWJlbCI6IkhpZGUgcGhvdG9zLCB2aWRlb3MsIGFuZCBjYXJkcyIsInZhbHVlIjpmYWxzZX0sIl90aGVtZSI6eyJ2YWx1ZSI6IiIsInZhbHVlcyI6eyJkYXJrIjoiVXNlIGRhcmsgdGhlbWUifX0sIl9tYXh3aWR0aCI6eyJ2YWx1ZSI6IiIsImxhYmVsIjoiQWRqdXN0IHdpZHRoIiwicGxhY2Vob2xkZXIiOiIyMjAtNTUwLCBpbiBweCJ9fX0mbHQ7L3NjcmlwdCZndDsmbHQ7L2RpdiZndDs=\">\n                <a data-iframely-url=\"\" href=\"https:\/\/twitter.com\/MotoGP\/status\/1939259094491140171\">https:\/\/twitter.com\/MotoGP\/status\/1939259094491140171<\/a>\n              <\/div>\n<p><b>Perrone,\u00a0el m\u00e1s joven de la clase ligera con 17 a\u00f1os, volvi\u00f3 a brillar este s\u00e1bado y se postula como candidato a la lucha por el triunfo de este fin de semana en Spielberg.<\/b> La carrera, pautada a 20 vueltas, comenzar\u00e1 bien temprano: habr\u00e1 que madrugar, porque a las 6 arranca el Gran Premio de Austria de Moto3 (con transmisi\u00f3n de ESPN 2 y Disney+).<b> La ilusi\u00f3n argentina, que crece de su mano carrera a carrera, lo acompa\u00f1ar\u00e1 con alegr\u00eda y entusiasmo.<\/b><\/p>\n<p><!-- Live Blog Post --><\/div>\n<p><script async src=\"\/\/platform.twitter.com\/widgets.js\" charset=\"utf-8\"><\/script><br \/><a href=\"https:\/\/www.pagina12.com.ar\/850165-perrone-brillo-en-austria-y-logro-su-primera-pole-en-moto-3\">source<\/a><\/p>\n","protected":false},"excerpt":{"rendered":"<p>El argentino Valent\u00edn Perrone sigue brillando y este s\u00e1bado tuvo una actuaci\u00f3n espectacular: hizo una&#8230;<\/p>\n","protected":false},"author":3,"featured_media":23295,"comment_status":"closed","ping_status":"closed","sticky":false,"template":"","format":"standard","meta":{"footnotes":""},"categories":[21],"tags":[],"class_list":["post-23294","post","type-post","status-publish","format-standard","has-post-thumbnail","hentry","category-deportes"],"featured_image_urls":{"full":["https:\/\/fmamiga909.com.ar\/wp-content\/uploads\/2025\/08\/wp-header-logo-190.png",960,540,false],"thumbnail":["https:\/\/fmamiga909.com.ar\/wp-content\/uploads\/2025\/08\/wp-header-logo-190-150x150.png",150,150,true],"medium":["https:\/\/fmamiga909.com.ar\/wp-content\/uploads\/2025\/08\/wp-header-logo-190-300x169.png",300,169,true],"medium_large":["https:\/\/fmamiga909.com.ar\/wp-content\/uploads\/2025\/08\/wp-header-logo-190.png",960,540,false],"large":["https:\/\/fmamiga909.com.ar\/wp-content\/uploads\/2025\/08\/wp-header-logo-190.png",640,360,false],"1536x1536":["https:\/\/fmamiga909.com.ar\/wp-content\/uploads\/2025\/08\/wp-header-logo-190.png",960,540,false],"2048x2048":["https:\/\/fmamiga909.com.ar\/wp-content\/uploads\/2025\/08\/wp-header-logo-190.png",960,540,false],"newsium-slider-full":["https:\/\/fmamiga909.com.ar\/wp-content\/uploads\/2025\/08\/wp-header-logo-190.png",960,540,false],"newsium-featured":["https:\/\/fmamiga909.com.ar\/wp-content\/uploads\/2025\/08\/wp-header-logo-190.png",960,540,false],"newsium-medium":["https:\/\/fmamiga909.com.ar\/wp-content\/uploads\/2025\/08\/wp-header-logo-190-720x475.png",720,475,true]},"author_info":{"display_name":"Fredy Giuliano","author_link":"https:\/\/fmamiga909.com.ar\/?author=3"},"category_info":"<a href=\"https:\/\/fmamiga909.com.ar\/?cat=21\" rel=\"category\">Deportes<\/a>","tag_info":"Deportes","comment_count":"0","_links":{"self":[{"href":"https:\/\/fmamiga909.com.ar\/index.php?rest_route=\/wp\/v2\/posts\/23294","targetHints":{"allow":["GET"]}}],"collection":[{"href":"https:\/\/fmamiga909.com.ar\/index.php?rest_route=\/wp\/v2\/posts"}],"about":[{"href":"https:\/\/fmamiga909.com.ar\/index.php?rest_route=\/wp\/v2\/types\/post"}],"author":[{"embeddable":true,"href":"https:\/\/fmamiga909.com.ar\/index.php?rest_route=\/wp\/v2\/users\/3"}],"replies":[{"embeddable":true,"href":"https:\/\/fmamiga909.com.ar\/index.php?rest_route=%2Fwp%2Fv2%2Fcomments&post=23294"}],"version-history":[{"count":0,"href":"https:\/\/fmamiga909.com.ar\/index.php?rest_route=\/wp\/v2\/posts\/23294\/revisions"}],"wp:featuredmedia":[{"embeddable":true,"href":"https:\/\/fmamiga909.com.ar\/index.php?rest_route=\/wp\/v2\/media\/23295"}],"wp:attachment":[{"href":"https:\/\/fmamiga909.com.ar\/index.php?rest_route=%2Fwp%2Fv2%2Fmedia&parent=23294"}],"wp:term":[{"taxonomy":"category","embeddable":true,"href":"https:\/\/fmamiga909.com.ar\/index.php?rest_route=%2Fwp%2Fv2%2Fcategories&post=23294"},{"taxonomy":"post_tag","embeddable":true,"href":"https:\/\/fmamiga909.com.ar\/index.php?rest_route=%2Fwp%2Fv2%2Ftags&post=23294"}],"curies":[{"name":"wp","href":"https:\/\/api.w.org\/{rel}","templated":true}]}}