{"id":23429,"date":"2025-08-21T21:20:14","date_gmt":"2025-08-21T21:20:14","guid":{"rendered":"https:\/\/fmamiga909.com.ar\/?p=23429"},"modified":"2025-08-21T21:20:14","modified_gmt":"2025-08-21T21:20:14","slug":"el-gobierno-se-lava-las-manos-y-culpa-a-kicillof-por-los-incidentes-en-avellaneda","status":"publish","type":"post","link":"https:\/\/fmamiga909.com.ar\/?p=23429","title":{"rendered":"El Gobierno se lava las manos y culpa a Kicillof por los incidentes en Avellaneda"},"content":{"rendered":"<div><!-- Body --><\/p>\n<p>Este jueves, el vicejefe de Gabinete de la Naci\u00f3n, <b>Lisandro Catal\u00e1n, <\/b>recibi\u00f3 al ministro del Interior de Chile, <b>\u00c1lvaro Elizalde<\/b>, acompa\u00f1ado del embajador Jos\u00e9 Antonio Viera-Gallo, para abordar los graves incidentes ocurridos en el <b>partido entre Independiente y Universidad de Chile <\/b>en Avellaneda. Tras la reuni\u00f3n, desde Naci\u00f3n <u>se deslindaron de toda responsabilidad en materia de seguridad.<\/u><\/p>\n<h3\/><span\/><\/p>\n<p><span><b>\u201cEl Ministerio de Seguridad no tiene injerencia en los dispositivos que organizan las provincias<\/b>. La responsabilidad recae en las fuerzas de seguridad provinciales y en Aprevide\u201d, enfatizaron desde el gobierno, tras la reuni\u00f3n con los funcionarios chilenos.<\/span><\/p>\n<div class=\"iframely-embed medium-embedded-content\" data-html=\"Jmx0O2RpdiZndDsmbHQ7ZGl2IHN0eWxlPSJsZWZ0OiAwOyB3aWR0aDogMTAwJTsgaGVpZ2h0OiAwOyBwb3NpdGlvbjogcmVsYXRpdmU7IHBhZGRpbmctYm90dG9tOiA1Ni4wNDE3JTsiJmd0OyZsdDtpZnJhbWUgc3JjPSJodHRwczovL2lmcmFtZWx5LnBhZ2luYTEyLmNvbS5hci9hcGkvaWZyYW1lP2NsaWNrX3RvX3BsYXk9MSZhbXA7dXJsPWh0dHBzJTNBJTJGJTJGZ2VvLmRhaWx5bW90aW9uLmNvbSUyRnBsYXllciUyRnh0NWVlLmh0bWwlM0Z2aWRlbyUzRHg5cDd3emMmYW1wO2tleT00Njc2YjVmZGMwODMyNTdlYTg3ZjcxNjA4Yzc0ZTlmZSIgc3R5bGU9InRvcDogMDsgbGVmdDogMDsgd2lkdGg6IDEwMCU7IGhlaWdodDogMTAwJTsgcG9zaXRpb246IGFic29sdXRlOyBib3JkZXI6IDA7IiBhbGxvd2Z1bGxzY3JlZW4gc2Nyb2xsaW5nPSJubyIgYWxsb3c9ImVuY3J5cHRlZC1tZWRpYSAqOyImZ3Q7Jmx0Oy9pZnJhbWUmZ3Q7Jmx0Oy9kaXYmZ3Q7Jmx0Oy9kaXYmZ3Q7Jmx0O2RpdiBjbGFzcz0ibWVkaXVtLWluc2VydC1lbWJlZHMtbWV0YSImZ3Q7Jmx0O3NjcmlwdCB0eXBlPSJ0ZXh0L2pzb24iJmd0O3sidXJsIjoiaHR0cHM6Ly9nZW8uZGFpbHltb3Rpb24uY29tL3BsYXllci94dDVlZS5odG1sP3ZpZGVvPXg5cDd3emMiLCJ0eXBlIjoidmlkZW8iLCJ2ZXJzaW9uIjoiMS4wIiwidGl0bGUiOiJFbCBtaW5pc3RybyBkZWwgSW50ZXJpb3IgZGUgQ2hpbGUsIMOBbHZhcm8gRWxpemFsZGUsIHNlIHJldW5pw7MgY29uIExpc2FuZHJvIENhdGFsw6FuIHBvciBsb3MgaW5jaWRlbnRlcyBlbiBJbmRlcGVuZGllbnRlIiwiYXV0aG9yIjoiUMOhZ2luYTEyIiwiYXV0aG9yX3VybCI6Imh0dHBzOi8vd3d3LmRhaWx5bW90aW9uLmNvbS9QYWdpbmExMiIsInByb3ZpZGVyX25hbWUiOiJEYWlseW1vdGlvbiIsImRlc2NyaXB0aW9uIjoiVmVyIEVsIG1pbmlzdHJvIGRlbCBJbnRlcmlvciBkZSBDaGlsZSwgw4FsdmFybyBFbGl6YWxkZSwgc2UgcmV1bmnDsyBjb24gTGlzYW5kcm8gQ2F0YWzDoW4gcG9yIGxvcyBpbmNpZGVudGVzIGVuIEluZGVwZW5kaWVudGUgLSBQw6FnaW5hMTIgZW4gRGFpbHltb3Rpb24iLCJ0aHVtYm5haWxfdXJsIjoiaHR0cHM6Ly9zMS5kbWNkbi5uZXQvdi9ZelgtdTFlZnRiQkllb1JVOS94NzIwIiwidGh1bWJuYWlsX3dpZHRoIjoxMjgwLCJ0aHVtYm5haWxfaGVpZ2h0Ijo3MjAsImNhY2hlX2FnZSI6ODY0MDB9Jmx0Oy9zY3JpcHQmZ3Q7Jmx0Oy9kaXYmZ3Q7\">\n                <a data-iframely-url=\"\" href=\"https:\/\/geo.dailymotion.com\/player\/xt5ee.html?video=x9p7wzc\">https:\/\/geo.dailymotion.com\/player\/xt5ee.html?video=x9p7wzc<\/a>\n              <\/div>\n<h2>Incidentes en Independiente: Naci\u00f3n se deslinda y apunta a Provincia y club anfitri\u00f3n<\/h2>\n<p>El mi\u00e9rcoles por la noche,<a href=\"https:\/\/www.pagina12.com.ar\/851405-cronica-de-una-noche-de-terror-en-avellaneda\"> la cancha de Independiente en Avellaneda se convirti\u00f3 en escenario de violencia. <\/a>El partido entre Independiente y la Universidad de Chile por la Copa Sudamericana fue suspendido tras incidentes entre hinchas.<\/p>\n<p><b>La violencia comenz\u00f3 cuando barras del equipo visitante<\/b>, ubicados en una bandeja superior, empezaron a arrojar objetos hacia los hinchas locales, situados en una tribuna inferior. <u>Los proyectiles pusieron en riesgo a familias y espectadores.<\/u><\/p>\n<p>Dentro del estadio, la zona qued\u00f3 pr\u00e1cticamente liberada, lo que deriv\u00f3 en enfrentamientos entre las barras, con tres personas gravemente lesionadas y al menos 19 heridas de distinta consideraci\u00f3n. Periodistas presentes denunciaron graves fallas en los controles de acceso, que incluso permitieron que algunos ingresaran con facas.<\/p>\n<p>En este contexto, el vicejefe de Gabinete, recibi\u00f3 al ministro del Interior de Chile y deslind\u00f3 responsabilidades sobre la seguridad:<b> \u201cSon las autoridades bonaerenses quienes deben dar explicaciones y llevar adelante las actuaciones correspondientes para esclarecer los hechos y asumir sus responsabilidades\u201d.<\/b><\/p>\n<p>En un comunicado, Catal\u00e1n agreg\u00f3 que, desde Naci\u00f3n, se hab\u00edan dispuesto medidas para identificar a los responsables, solicitar su expulsi\u00f3n y aplicar el derecho de admisi\u00f3n de por vida en los estadios argentinos.<\/p>\n<p>La ministra de Seguridad nacional, Patricia Bullrich, coincidi\u00f3 en la cr\u00edtica y sostuvo: <b>\u201cLo de ayer en Independiente fue una tragedia. <\/b>El Gobierno de la Provincia de Buenos Aires dej\u00f3 que la violencia se adue\u00f1e de la cancha porque les da miedo intervenir con la Polic\u00eda bonaerense para recuperar el orden<\/p>\n<p>Y a\u00f1adi\u00f3: \u00ab<b>El gobernador Kicillof se saca fotos con Tapia<\/b> para la vuelta de las dos hinchadas por puro show electoral, pero es evidente que no puede garantizar la seguridad ni cuidar a la gente\u201d.<\/p>\n<h3>Segu\u00ed leyendo:<\/h3>\n<h3\/><!-- Live Blog Post --><\/div>\n<p><a href=\"https:\/\/www.pagina12.com.ar\/851438-el-gobierno-se-lava-las-manos-y-culpa-a-kicillof-por-los-inc\">source<\/a><\/p>\n","protected":false},"excerpt":{"rendered":"<p>Este jueves, el vicejefe de Gabinete de la Naci\u00f3n, Lisandro Catal\u00e1n, recibi\u00f3 al ministro del&#8230;<\/p>\n","protected":false},"author":3,"featured_media":23430,"comment_status":"closed","ping_status":"closed","sticky":false,"template":"","format":"standard","meta":{"footnotes":""},"categories":[21],"tags":[],"class_list":["post-23429","post","type-post","status-publish","format-standard","has-post-thumbnail","hentry","category-deportes"],"featured_image_urls":{"full":["https:\/\/fmamiga909.com.ar\/wp-content\/uploads\/2025\/08\/wp-header-logo-255.png",960,540,false],"thumbnail":["https:\/\/fmamiga909.com.ar\/wp-content\/uploads\/2025\/08\/wp-header-logo-255-150x150.png",150,150,true],"medium":["https:\/\/fmamiga909.com.ar\/wp-content\/uploads\/2025\/08\/wp-header-logo-255-300x169.png",300,169,true],"medium_large":["https:\/\/fmamiga909.com.ar\/wp-content\/uploads\/2025\/08\/wp-header-logo-255.png",960,540,false],"large":["https:\/\/fmamiga909.com.ar\/wp-content\/uploads\/2025\/08\/wp-header-logo-255.png",640,360,false],"1536x1536":["https:\/\/fmamiga909.com.ar\/wp-content\/uploads\/2025\/08\/wp-header-logo-255.png",960,540,false],"2048x2048":["https:\/\/fmamiga909.com.ar\/wp-content\/uploads\/2025\/08\/wp-header-logo-255.png",960,540,false],"newsium-slider-full":["https:\/\/fmamiga909.com.ar\/wp-content\/uploads\/2025\/08\/wp-header-logo-255.png",960,540,false],"newsium-featured":["https:\/\/fmamiga909.com.ar\/wp-content\/uploads\/2025\/08\/wp-header-logo-255.png",960,540,false],"newsium-medium":["https:\/\/fmamiga909.com.ar\/wp-content\/uploads\/2025\/08\/wp-header-logo-255-720x475.png",720,475,true]},"author_info":{"display_name":"Fredy Giuliano","author_link":"https:\/\/fmamiga909.com.ar\/?author=3"},"category_info":"<a href=\"https:\/\/fmamiga909.com.ar\/?cat=21\" rel=\"category\">Deportes<\/a>","tag_info":"Deportes","comment_count":"0","_links":{"self":[{"href":"https:\/\/fmamiga909.com.ar\/index.php?rest_route=\/wp\/v2\/posts\/23429","targetHints":{"allow":["GET"]}}],"collection":[{"href":"https:\/\/fmamiga909.com.ar\/index.php?rest_route=\/wp\/v2\/posts"}],"about":[{"href":"https:\/\/fmamiga909.com.ar\/index.php?rest_route=\/wp\/v2\/types\/post"}],"author":[{"embeddable":true,"href":"https:\/\/fmamiga909.com.ar\/index.php?rest_route=\/wp\/v2\/users\/3"}],"replies":[{"embeddable":true,"href":"https:\/\/fmamiga909.com.ar\/index.php?rest_route=%2Fwp%2Fv2%2Fcomments&post=23429"}],"version-history":[{"count":0,"href":"https:\/\/fmamiga909.com.ar\/index.php?rest_route=\/wp\/v2\/posts\/23429\/revisions"}],"wp:featuredmedia":[{"embeddable":true,"href":"https:\/\/fmamiga909.com.ar\/index.php?rest_route=\/wp\/v2\/media\/23430"}],"wp:attachment":[{"href":"https:\/\/fmamiga909.com.ar\/index.php?rest_route=%2Fwp%2Fv2%2Fmedia&parent=23429"}],"wp:term":[{"taxonomy":"category","embeddable":true,"href":"https:\/\/fmamiga909.com.ar\/index.php?rest_route=%2Fwp%2Fv2%2Fcategories&post=23429"},{"taxonomy":"post_tag","embeddable":true,"href":"https:\/\/fmamiga909.com.ar\/index.php?rest_route=%2Fwp%2Fv2%2Ftags&post=23429"}],"curies":[{"name":"wp","href":"https:\/\/api.w.org\/{rel}","templated":true}]}}