{"id":23574,"date":"2025-08-26T22:09:12","date_gmt":"2025-08-26T22:09:12","guid":{"rendered":"https:\/\/fmamiga909.com.ar\/?p=23574"},"modified":"2025-08-26T22:09:12","modified_gmt":"2025-08-26T22:09:12","slug":"inter-miami-espera-a-messi-para-las-semifinales-de-la-leagues-cup","status":"publish","type":"post","link":"https:\/\/fmamiga909.com.ar\/?p=23574","title":{"rendered":"Inter Miami espera a Messi para las semifinales de la Leagues Cup\u00a0"},"content":{"rendered":"<div><!-- Body --><\/p>\n<p>En la previa del duelo ante Orlando City por las semifinales de la Leagues Cup, el ayudante de campo de Javier Mascherano en Inter Miami, Javier Morales, dej\u00f3 la puerta abierta para el regreso de Lionel Messi, despu\u00e9s de haberse resentido de su lesi\u00f3n muscular.<\/p>\n<p>\u00abJordi (Alba) y Leo entrenaron con nosotros, lo hicieron bien. Completaron el entrenamiento y es algo s\u00faper positivo. Tenemos que esperar, vamos a ver c\u00f3mo se sienten en el transcurso del d\u00eda y tomaremos una decisi\u00f3n para el partido\u00bb, se\u00f1al\u00f3 Morales, quien fue cauteloso: \u00abDeseamos que est\u00e9 en la convocatoria. Este tipo de lesiones musculares son un proceso durante el d\u00eda, hay que ver c\u00f3mo se levanta al d\u00eda siguiente. Imagino que va a estar, pero todav\u00eda no mandamos la lista\u00bb.<\/p>\n<p>De los \u00faltimos cinco partidos de Inter Miami, Messi solamente dijo presente en uno de ellos, ante LA Galaxy. Antes, se hab\u00eda pedido los duelos contra Pumas y Orlando City por una molestia muscular, una de la que se resinti\u00f3 ante el combinado de Los \u00c1ngeles y que le hizo perderse tambi\u00e9n los siguientes cruces ante Tigres y DC United.\u00a0<\/p>\n<p>Si acaso Messi regresa a la actividad este mi\u00e9rcoles por la Leagues Cup, la noticia tambi\u00e9n ser\u00e1 recibida con alegr\u00eda en la Selecci\u00f3n, ya que\u00a0el capit\u00e1n fue incluido en la prelista de convocados de Lionel Scaloni de cara a los partidos por Eliminatorias ante Venezuela (4 de septiembre) y Ecuador (9 de septiembre), con la chance\u00a0del posible \u00faltimo partido del astro rosarino por los puntos con Albiceleste en territorio argentino.<\/p>\n<h2>Un franc\u00e9s rendido ante la \u00abPulga\u00bb<\/h2>\n<p>Ousmane Demb\u00e9l\u00e9, quien atraviesa el mejor momento de su carrera y se convirti\u00f3 en el gran candidato a ganar el Bal\u00f3n de Oro, explic\u00f3 que gran parte de su presente se debe a los consejos de Messi.<\/p>\n<p>El delantero franc\u00e9s y el actual jugador del Inter Miami compartieron equipo en el Barcelona desde 2017 hasta 2021, cuando el argentino dej\u00f3 el club espa\u00f1ol para sumarse al Paris Saint-Germain.<\/p>\n<p>En di\u00e1logo con la revista <i>Four Four Two<\/i>, Demb\u00e9l\u00e9 confes\u00f3 que el capit\u00e1n de la Selecci\u00f3n Argentina le marc\u00f3 un antes y un despu\u00e9s en su carrera: \u00abMessi me dijo que fuera serio si quer\u00eda alcanzar mis sue\u00f1os. Despu\u00e9s de eso, empec\u00e9 a observar y aprender de lo que hac\u00eda en el campo\u00bb.<\/p>\n<p>El franc\u00e9s record\u00f3 que su casillero estaba junto al del rosarino en el Camp Nou y que desde el primer d\u00eda le brind\u00f3 apoyo: \u00abEra alguien que sab\u00eda instintivamente lo que necesitabas. Tuve una muy buena relaci\u00f3n con \u00e9l\u00bb.<\/p>\n<p>El ex jugador del Bar\u00e7a no ocult\u00f3 la admiraci\u00f3n que siente por Messi, a quien considera su m\u00e1xima inspiraci\u00f3n: \u00abPara m\u00ed, es el m\u00e1s grande. Es un jugador que me inspira. Es \u00fanico. Estoy muy feliz y orgulloso de haber jugado con \u00e9l\u00bb.<\/p>\n<p>Ya consolidado como l\u00edder del PSG, el franc\u00e9s reconoci\u00f3 que la expectativa de la gente antes de la final de la Champions League lo hizo so\u00f1ar: \u00ab\u00a1Bal\u00f3n de Oro! Es el Santo Grial del f\u00fatbol. Para un trofeo individual, no hay nada mejor para un futbolista\u00bb.<\/p>\n<p><!-- Live Blog Post --><\/div>\n<p><a href=\"https:\/\/www.pagina12.com.ar\/852597-inter-miami-espera-a-messi-para-las-semifinales-de-la-league\">source<\/a><\/p>\n","protected":false},"excerpt":{"rendered":"<p>En la previa del duelo ante Orlando City por las semifinales de la Leagues Cup,&#8230;<\/p>\n","protected":false},"author":3,"featured_media":23575,"comment_status":"closed","ping_status":"closed","sticky":false,"template":"","format":"standard","meta":{"footnotes":""},"categories":[21],"tags":[],"class_list":["post-23574","post","type-post","status-publish","format-standard","has-post-thumbnail","hentry","category-deportes"],"featured_image_urls":{"full":["https:\/\/fmamiga909.com.ar\/wp-content\/uploads\/2025\/08\/wp-header-logo-320.png",960,540,false],"thumbnail":["https:\/\/fmamiga909.com.ar\/wp-content\/uploads\/2025\/08\/wp-header-logo-320-150x150.png",150,150,true],"medium":["https:\/\/fmamiga909.com.ar\/wp-content\/uploads\/2025\/08\/wp-header-logo-320-300x169.png",300,169,true],"medium_large":["https:\/\/fmamiga909.com.ar\/wp-content\/uploads\/2025\/08\/wp-header-logo-320.png",960,540,false],"large":["https:\/\/fmamiga909.com.ar\/wp-content\/uploads\/2025\/08\/wp-header-logo-320.png",640,360,false],"1536x1536":["https:\/\/fmamiga909.com.ar\/wp-content\/uploads\/2025\/08\/wp-header-logo-320.png",960,540,false],"2048x2048":["https:\/\/fmamiga909.com.ar\/wp-content\/uploads\/2025\/08\/wp-header-logo-320.png",960,540,false],"newsium-slider-full":["https:\/\/fmamiga909.com.ar\/wp-content\/uploads\/2025\/08\/wp-header-logo-320.png",960,540,false],"newsium-featured":["https:\/\/fmamiga909.com.ar\/wp-content\/uploads\/2025\/08\/wp-header-logo-320.png",960,540,false],"newsium-medium":["https:\/\/fmamiga909.com.ar\/wp-content\/uploads\/2025\/08\/wp-header-logo-320-720x475.png",720,475,true]},"author_info":{"display_name":"Fredy Giuliano","author_link":"https:\/\/fmamiga909.com.ar\/?author=3"},"category_info":"<a href=\"https:\/\/fmamiga909.com.ar\/?cat=21\" rel=\"category\">Deportes<\/a>","tag_info":"Deportes","comment_count":"0","_links":{"self":[{"href":"https:\/\/fmamiga909.com.ar\/index.php?rest_route=\/wp\/v2\/posts\/23574","targetHints":{"allow":["GET"]}}],"collection":[{"href":"https:\/\/fmamiga909.com.ar\/index.php?rest_route=\/wp\/v2\/posts"}],"about":[{"href":"https:\/\/fmamiga909.com.ar\/index.php?rest_route=\/wp\/v2\/types\/post"}],"author":[{"embeddable":true,"href":"https:\/\/fmamiga909.com.ar\/index.php?rest_route=\/wp\/v2\/users\/3"}],"replies":[{"embeddable":true,"href":"https:\/\/fmamiga909.com.ar\/index.php?rest_route=%2Fwp%2Fv2%2Fcomments&post=23574"}],"version-history":[{"count":0,"href":"https:\/\/fmamiga909.com.ar\/index.php?rest_route=\/wp\/v2\/posts\/23574\/revisions"}],"wp:featuredmedia":[{"embeddable":true,"href":"https:\/\/fmamiga909.com.ar\/index.php?rest_route=\/wp\/v2\/media\/23575"}],"wp:attachment":[{"href":"https:\/\/fmamiga909.com.ar\/index.php?rest_route=%2Fwp%2Fv2%2Fmedia&parent=23574"}],"wp:term":[{"taxonomy":"category","embeddable":true,"href":"https:\/\/fmamiga909.com.ar\/index.php?rest_route=%2Fwp%2Fv2%2Fcategories&post=23574"},{"taxonomy":"post_tag","embeddable":true,"href":"https:\/\/fmamiga909.com.ar\/index.php?rest_route=%2Fwp%2Fv2%2Ftags&post=23574"}],"curies":[{"name":"wp","href":"https:\/\/api.w.org\/{rel}","templated":true}]}}