{"id":23580,"date":"2025-08-26T23:29:35","date_gmt":"2025-08-26T23:29:35","guid":{"rendered":"https:\/\/fmamiga909.com.ar\/?p=23580"},"modified":"2025-08-26T23:29:35","modified_gmt":"2025-08-26T23:29:35","slug":"boca-pierde-a-un-marcador-central-por-entre-tres-y-seis-semanas","status":"publish","type":"post","link":"https:\/\/fmamiga909.com.ar\/?p=23580","title":{"rendered":"Boca pierde a un marcador central por entre tres y seis semanas"},"content":{"rendered":"<div><!-- Body --><\/p>\n<p>El defensor de Boca, Marco Pellegrino, sufri\u00f3 una lesi\u00f3n muscular grado II del obturador externo izquierdo por lo que estar\u00e1 fuera de las canchas, revel\u00f3 un parte m\u00e9dico de la instituci\u00f3n.<\/p>\n<p>Pellegrino se lesion\u00f3 el domingo pasado en el partido que Boca le gan\u00f3 2 a 0 a Banfield, en La Bombonera, en el marco de la sexta fecha del torneo Clausura de primera divisi\u00f3n.<\/p>\n<p>Ahora ser\u00e1 reemplazado por Ayrton Costa, que tambi\u00e9n viene de una serie lesi\u00f3n, que le ocurri\u00f3 durante el mundial de Clubes en los Estados Unidos, en julio pasado.<\/p>\n<p>Boca jugar\u00e1 el domingo, a las 14.30, en el estadio Jos\u00e9 Mar\u00eda Minella, de Mar del Plata, frente a Aldosivi, y por decisi\u00f3n de la Agencia de Prevenci\u00f3n de la Violencia en el Deporte (Aprevide) no podr\u00e1n concurrir simpatizantes del equipo visitante, seg\u00fan la comisi\u00f3n oficial de la Asociaci\u00f3n del F\u00fatbol Argentino.<\/p>\n<p>Ocurre que el equipo marplatense tiene tres fechas de suspensi\u00f3n por una pelea entre facciones del club, cuando protagonizaron una gresca en el partido contra  Newell&#8217;s, por lo que tiene prohibido vender entradas a hinchas visitantes y s\u00f3lo pueden concurrir los que son socios del club y no sean objetos del derecho de admisi\u00f3n.<\/p>\n<p><!-- Live Blog Post --><\/div>\n<p><a href=\"https:\/\/www.pagina12.com.ar\/852637-boca-pierde-a-un-marcador-central-por-entre-tres-y-seis-sema\">source<\/a><\/p>\n","protected":false},"excerpt":{"rendered":"<p>El defensor de Boca, Marco Pellegrino, sufri\u00f3 una lesi\u00f3n muscular grado II del obturador externo&#8230;<\/p>\n","protected":false},"author":3,"featured_media":23581,"comment_status":"closed","ping_status":"closed","sticky":false,"template":"","format":"standard","meta":{"footnotes":""},"categories":[21],"tags":[],"class_list":["post-23580","post","type-post","status-publish","format-standard","has-post-thumbnail","hentry","category-deportes"],"featured_image_urls":{"full":["https:\/\/fmamiga909.com.ar\/wp-content\/uploads\/2025\/08\/wp-header-logo-323.png",960,540,false],"thumbnail":["https:\/\/fmamiga909.com.ar\/wp-content\/uploads\/2025\/08\/wp-header-logo-323-150x150.png",150,150,true],"medium":["https:\/\/fmamiga909.com.ar\/wp-content\/uploads\/2025\/08\/wp-header-logo-323-300x169.png",300,169,true],"medium_large":["https:\/\/fmamiga909.com.ar\/wp-content\/uploads\/2025\/08\/wp-header-logo-323.png",960,540,false],"large":["https:\/\/fmamiga909.com.ar\/wp-content\/uploads\/2025\/08\/wp-header-logo-323.png",640,360,false],"1536x1536":["https:\/\/fmamiga909.com.ar\/wp-content\/uploads\/2025\/08\/wp-header-logo-323.png",960,540,false],"2048x2048":["https:\/\/fmamiga909.com.ar\/wp-content\/uploads\/2025\/08\/wp-header-logo-323.png",960,540,false],"newsium-slider-full":["https:\/\/fmamiga909.com.ar\/wp-content\/uploads\/2025\/08\/wp-header-logo-323.png",960,540,false],"newsium-featured":["https:\/\/fmamiga909.com.ar\/wp-content\/uploads\/2025\/08\/wp-header-logo-323.png",960,540,false],"newsium-medium":["https:\/\/fmamiga909.com.ar\/wp-content\/uploads\/2025\/08\/wp-header-logo-323-720x475.png",720,475,true]},"author_info":{"display_name":"Fredy Giuliano","author_link":"https:\/\/fmamiga909.com.ar\/?author=3"},"category_info":"<a href=\"https:\/\/fmamiga909.com.ar\/?cat=21\" rel=\"category\">Deportes<\/a>","tag_info":"Deportes","comment_count":"0","_links":{"self":[{"href":"https:\/\/fmamiga909.com.ar\/index.php?rest_route=\/wp\/v2\/posts\/23580","targetHints":{"allow":["GET"]}}],"collection":[{"href":"https:\/\/fmamiga909.com.ar\/index.php?rest_route=\/wp\/v2\/posts"}],"about":[{"href":"https:\/\/fmamiga909.com.ar\/index.php?rest_route=\/wp\/v2\/types\/post"}],"author":[{"embeddable":true,"href":"https:\/\/fmamiga909.com.ar\/index.php?rest_route=\/wp\/v2\/users\/3"}],"replies":[{"embeddable":true,"href":"https:\/\/fmamiga909.com.ar\/index.php?rest_route=%2Fwp%2Fv2%2Fcomments&post=23580"}],"version-history":[{"count":0,"href":"https:\/\/fmamiga909.com.ar\/index.php?rest_route=\/wp\/v2\/posts\/23580\/revisions"}],"wp:featuredmedia":[{"embeddable":true,"href":"https:\/\/fmamiga909.com.ar\/index.php?rest_route=\/wp\/v2\/media\/23581"}],"wp:attachment":[{"href":"https:\/\/fmamiga909.com.ar\/index.php?rest_route=%2Fwp%2Fv2%2Fmedia&parent=23580"}],"wp:term":[{"taxonomy":"category","embeddable":true,"href":"https:\/\/fmamiga909.com.ar\/index.php?rest_route=%2Fwp%2Fv2%2Fcategories&post=23580"},{"taxonomy":"post_tag","embeddable":true,"href":"https:\/\/fmamiga909.com.ar\/index.php?rest_route=%2Fwp%2Fv2%2Ftags&post=23580"}],"curies":[{"name":"wp","href":"https:\/\/api.w.org\/{rel}","templated":true}]}}