{"id":23588,"date":"2025-08-27T20:08:39","date_gmt":"2025-08-27T20:08:39","guid":{"rendered":"https:\/\/fmamiga909.com.ar\/?p=23588"},"modified":"2025-08-27T20:08:39","modified_gmt":"2025-08-27T20:08:39","slug":"us-open-etcheverry-no-pudo-con-lehecka","status":"publish","type":"post","link":"https:\/\/fmamiga909.com.ar\/?p=23588","title":{"rendered":"US Open:\u00a0Etcheverry no pudo con Lehecka"},"content":{"rendered":"<div><!-- Body --><\/p>\n<p>El argentino <b>Tom\u00e1s Etcheverry (N\u00b0 59 del Ranking ATP) perdi\u00f3 este mi\u00e9rcoles en la segunda ronda del US Open al ser superado por el checo Jiri Lehecka<\/b> en cuatro sets por 3-6, 6-0, 6-2 y 6-4 ante el actual 21 del mundo y qued\u00f3 eliminado del \u00faltimo Grand Slam de la temporada.<\/p>\n<p><b>Etcheverry hab\u00eda comenzado el encuentro con solidez y se llev\u00f3 el primer parcial por 6-3, pero r\u00e1pidamente perdi\u00f3 el control del partido<\/b>. Lehecka reaccion\u00f3 con un contundente 6-0 en el segundo set y mantuvo el dominio en los dos siguientes parciales para cerrar el duelo en poco m\u00e1s de dos horas de juego.<\/p>\n<p><b>Con este resultado, el historial entre ambos qued\u00f3 igualado en dos triunfos por lado en el circuito profesional. <\/b>El checo, que lleg\u00f3 al torneo como cabeza de serie, avanz\u00f3 a la tercera ronda, mientras que Etcheverry finaliz\u00f3 su participaci\u00f3n sin poder superar la misma instancia que alcanz\u00f3 en la edici\u00f3n anterior.<\/p>\n<p><b>Por su parte, Francisco Comesa\u00f1a, ubicado en el puesto 54 del ranking mundial, quien se enfrentar\u00e1 al brit\u00e1nico Cameron Norrie, actualmente 35\u00b0, est\u00e1\u00a0<\/b>perdiendo su primer duelo entre ambos en el circuito por 7-5 y 6-3.<\/p>\n<p>Con estos resultados, <b>el \u00fanico argentino que sigue con vida en el torneo es Francisco Cer\u00fandolo (19\u00aa)<\/b>, quien este jueves se medir\u00e1 ante el suizo Leandro Riedi (117\u00ba).<\/p>\n<p><!-- Live Blog Post --><\/div>\n<p><a href=\"https:\/\/www.pagina12.com.ar\/852844-us-open-etcheverry-no-pudo-con-lehecka\">source<\/a><\/p>\n","protected":false},"excerpt":{"rendered":"<p>El argentino Tom\u00e1s Etcheverry (N\u00b0 59 del Ranking ATP) perdi\u00f3 este mi\u00e9rcoles en la segunda&#8230;<\/p>\n","protected":false},"author":3,"featured_media":23589,"comment_status":"closed","ping_status":"closed","sticky":false,"template":"","format":"standard","meta":{"footnotes":""},"categories":[21],"tags":[],"class_list":["post-23588","post","type-post","status-publish","format-standard","has-post-thumbnail","hentry","category-deportes"],"featured_image_urls":{"full":["https:\/\/fmamiga909.com.ar\/wp-content\/uploads\/2025\/08\/wp-header-logo-327.png",960,540,false],"thumbnail":["https:\/\/fmamiga909.com.ar\/wp-content\/uploads\/2025\/08\/wp-header-logo-327-150x150.png",150,150,true],"medium":["https:\/\/fmamiga909.com.ar\/wp-content\/uploads\/2025\/08\/wp-header-logo-327-300x169.png",300,169,true],"medium_large":["https:\/\/fmamiga909.com.ar\/wp-content\/uploads\/2025\/08\/wp-header-logo-327.png",960,540,false],"large":["https:\/\/fmamiga909.com.ar\/wp-content\/uploads\/2025\/08\/wp-header-logo-327.png",640,360,false],"1536x1536":["https:\/\/fmamiga909.com.ar\/wp-content\/uploads\/2025\/08\/wp-header-logo-327.png",960,540,false],"2048x2048":["https:\/\/fmamiga909.com.ar\/wp-content\/uploads\/2025\/08\/wp-header-logo-327.png",960,540,false],"newsium-slider-full":["https:\/\/fmamiga909.com.ar\/wp-content\/uploads\/2025\/08\/wp-header-logo-327.png",960,540,false],"newsium-featured":["https:\/\/fmamiga909.com.ar\/wp-content\/uploads\/2025\/08\/wp-header-logo-327.png",960,540,false],"newsium-medium":["https:\/\/fmamiga909.com.ar\/wp-content\/uploads\/2025\/08\/wp-header-logo-327-720x475.png",720,475,true]},"author_info":{"display_name":"Fredy Giuliano","author_link":"https:\/\/fmamiga909.com.ar\/?author=3"},"category_info":"<a href=\"https:\/\/fmamiga909.com.ar\/?cat=21\" rel=\"category\">Deportes<\/a>","tag_info":"Deportes","comment_count":"0","_links":{"self":[{"href":"https:\/\/fmamiga909.com.ar\/index.php?rest_route=\/wp\/v2\/posts\/23588","targetHints":{"allow":["GET"]}}],"collection":[{"href":"https:\/\/fmamiga909.com.ar\/index.php?rest_route=\/wp\/v2\/posts"}],"about":[{"href":"https:\/\/fmamiga909.com.ar\/index.php?rest_route=\/wp\/v2\/types\/post"}],"author":[{"embeddable":true,"href":"https:\/\/fmamiga909.com.ar\/index.php?rest_route=\/wp\/v2\/users\/3"}],"replies":[{"embeddable":true,"href":"https:\/\/fmamiga909.com.ar\/index.php?rest_route=%2Fwp%2Fv2%2Fcomments&post=23588"}],"version-history":[{"count":0,"href":"https:\/\/fmamiga909.com.ar\/index.php?rest_route=\/wp\/v2\/posts\/23588\/revisions"}],"wp:featuredmedia":[{"embeddable":true,"href":"https:\/\/fmamiga909.com.ar\/index.php?rest_route=\/wp\/v2\/media\/23589"}],"wp:attachment":[{"href":"https:\/\/fmamiga909.com.ar\/index.php?rest_route=%2Fwp%2Fv2%2Fmedia&parent=23588"}],"wp:term":[{"taxonomy":"category","embeddable":true,"href":"https:\/\/fmamiga909.com.ar\/index.php?rest_route=%2Fwp%2Fv2%2Fcategories&post=23588"},{"taxonomy":"post_tag","embeddable":true,"href":"https:\/\/fmamiga909.com.ar\/index.php?rest_route=%2Fwp%2Fv2%2Ftags&post=23588"}],"curies":[{"name":"wp","href":"https:\/\/api.w.org\/{rel}","templated":true}]}}