{"id":23590,"date":"2025-08-27T21:38:23","date_gmt":"2025-08-27T21:38:23","guid":{"rendered":"https:\/\/fmamiga909.com.ar\/?p=23590"},"modified":"2025-08-27T21:38:23","modified_gmt":"2025-08-27T21:38:23","slug":"el-presidente-de-independiente-apunto-contra-la-universidad-de-chile","status":"publish","type":"post","link":"https:\/\/fmamiga909.com.ar\/?p=23590","title":{"rendered":"El presidente de Independiente apunt\u00f3 contra la Universidad de Chile"},"content":{"rendered":"<div><!-- Body --><\/p>\n<p>El presidente de Independiente, N\u00e9stor Grindetti, brind\u00f3 una conferencia de prensa para detallar el descargo que el club present\u00f3 ante la Conmebol tras los incidentes ocurridos en el estadio Libertadores de Am\u00e9rica \u2013 Ricardo Enrique Bochini durante el duelo entre ese club y Universidad de Chile por la Copa Sudamericana<\/p>\n<p>El comunicado fue un intento de defender a la instituci\u00f3n, y deslindarla de toda responsabilidad en la suspensi\u00f3n y posterior cancelaci\u00f3n del partido de ida por los octavos de final.<\/p>\n<p>Grindetti fue categ\u00f3rico en su exposici\u00f3n. En primer lugar, conden\u00f3 en\u00e9rgicamente los hechos de violencia registrados en el estadio, pero aclar\u00f3 que Independiente no fue el generador ni el culpable de los disturbios.<\/p>\n<p>\u201cIndependiente de ninguna manera fue responsable de la suspensi\u00f3n ni de la cancelaci\u00f3n del encuentro. La cancelaci\u00f3n del partido es exclusivamente por las agresiones de la hinchada visitante\u201d, enfatiz\u00f3 Grindetti.<\/p>\n<p>Adem\u00e1s, el presidente agreg\u00f3: \u201cRemitimos un informe a la Conmebol demostrando que el club no fue responsable sino v\u00edctima de un grupo de delincuentes\u201d.<\/p>\n<p>El dirigente explic\u00f3 que el choque hab\u00eda sido catalogado por las autoridades de seguridad como un partido de alto riesgo debido a antecedentes previos, motivo por el cual Independiente implement\u00f3 todos los protocolos exigidos por Conmebol y reforz\u00f3 el operativo policial y privado. <\/p>\n<p>Seg\u00fan detall\u00f3, participaron decenas de efectivos y personal de control, en coordinaci\u00f3n con el Ministerio de Seguridad, pero los incidentes se desencadenaron de manera inesperada y violenta por parte de la parcialidad visitante.<\/p>\n<p>En este punto, Grindetti fue preciso al remarcar que la violencia no se inici\u00f3 dentro del campo de juego ni durante el partido, sino antes de que comenzara el mismo: \u201cLa violencia comenz\u00f3 antes del inicio del partido y se termin\u00f3 suspendiendo por el equipo visitante\u201d.<\/p>\n<div class=\"iframely-embed medium-embedded-content\" data-html=\"Jmx0O2Jsb2NrcXVvdGUgY2xhc3M9InR3aXR0ZXItdHdlZXQiIGRhdGEtZG50PSJ0cnVlIiBhbGlnbj0iY2VudGVyIiZndDsmbHQ7cCBsYW5nPSJlcyIgZGlyPSJsdHIiJmd0O0hhY2UgaW5zdGFudGVzLCBlbCBDbHViIEF0bMOpdGljbyBJbmRlcGVuZGllbnRlIGhhIHByZXNlbnRhZG8gZWwgZGVzY2FyZ28gY29ycmVzcG9uZGllbnRlIGFudGUgbGEgQ09OTUVCT0wsIGRldGFsbGFuZG8gbG9zIGhlY2hvcyBvY3Vycmlkb3MgZWwgcGFzYWRvIDIwIGRlIGFnb3N0byBkdXJhbnRlIGVsIHBhcnRpZG8gZnJlbnRlIGEgVW5pdmVyc2lkYWQgZGUgQ2hpbGUgcG9yIGxvcyBvY3Rhdm9zIGRlIGZpbmFsIGRlIGxhIENvcGEgU3VkYW1lcmljYW5hLCBkaXNwdXRhZG8gZW7igKYgJmx0O2EgaHJlZj0iaHR0cHM6Ly90LmNvL1dXdDlwYjVhWjQiJmd0O3BpYy50d2l0dGVyLmNvbS9XV3Q5cGI1YVo0Jmx0Oy9hJmd0OyZsdDsvcCZndDsmYW1wO21kYXNoOyBDLiBBLiBJbmRlcGVuZGllbnRlIChASW5kZXBlbmRpZW50ZSkgJmx0O2EgaHJlZj0iaHR0cHM6Ly90d2l0dGVyLmNvbS9JbmRlcGVuZGllbnRlL3N0YXR1cy8xOTYwNjg5NDk5MzU4MjgxOTc1P3JlZl9zcmM9dHdzcmMlNUV0ZnciJmd0O0F1Z3VzdCAyNywgMjAyNSZsdDsvYSZndDsmbHQ7L2Jsb2NrcXVvdGUmZ3Q7CiZsdDtzY3JpcHQgYXN5bmMgc3JjPSJodHRwczovL3BsYXRmb3JtLnR3aXR0ZXIuY29tL3dpZGdldHMuanMiIGNoYXJzZXQ9InV0Zi04IiZndDsmbHQ7L3NjcmlwdCZndDsKCiZsdDtkaXYgY2xhc3M9Im1lZGl1bS1pbnNlcnQtZW1iZWRzLW1ldGEiJmd0OyZsdDtzY3JpcHQgdHlwZT0idGV4dC9qc29uIiZndDt7InVybCI6Imh0dHBzOi8vdHdpdHRlci5jb20vSW5kZXBlbmRpZW50ZS9zdGF0dXMvMTk2MDY4OTQ5OTM1ODI4MTk3NSIsInR5cGUiOiJyaWNoIiwidmVyc2lvbiI6IjEuMCIsInRpdGxlIjoiQy4gQS4gSW5kZXBlbmRpZW50ZSBvbiBUd2l0dGVyIC8gWCIsImF1dGhvciI6IkMuIEEuIEluZGVwZW5kaWVudGUiLCJhdXRob3JfdXJsIjoiaHR0cHM6Ly90d2l0dGVyLmNvbS9JbmRlcGVuZGllbnRlIiwicHJvdmlkZXJfbmFtZSI6IlR3aXR0ZXIiLCJkZXNjcmlwdGlvbiI6IkhhY2UgaW5zdGFudGVzLCBlbCBDbHViIEF0bMOpdGljbyBJbmRlcGVuZGllbnRlIGhhIHByZXNlbnRhZG8gZWwgZGVzY2FyZ28gY29ycmVzcG9uZGllbnRlIGFudGUgbGEgQ09OTUVCT0wsIGRldGFsbGFuZG8gbG9zIGhlY2hvcyBvY3Vycmlkb3MgZWwgcGFzYWRvIDIwIGRlIGFnb3N0byBkdXJhbnRlIGVsIHBhcnRpZG8gZnJlbnRlIGEgVW5pdmVyc2lkYWQgZGUgQ2hpbGUgcG9yIGxvcyBvY3Rhdm9zIGRlIGZpbmFsIGRlIGxhIENvcGEgU3VkYW1lcmljYW5hLCBkaXNwdXRhZG8gZW7igKYgcGljLnR3aXR0ZXIuY29tL1dXdDlwYjVhWjTigJQgQy4gQS4gSW5kZXBlbmRpZW50ZSAoQEluZGVwZW5kaWVudGUpIEF1Z3VzdCAyNywgMjAyNVxuXG5cbiIsInRodW1ibmFpbF91cmwiOiJodHRwczovL3Bicy50d2ltZy5jb20vbWVkaWEvR3pYRXRYaVhvQUFkeGhsLmpwZzpsYXJnZSIsInRodW1ibmFpbF93aWR0aCI6MTM2NiwidGh1bWJuYWlsX2hlaWdodCI6MjA0OCwiY2FjaGVfYWdlIjo4NjQwMCwib3B0aW9ucyI6eyJfaGlkZV9tZWRpYSI6eyJsYWJlbCI6IkhpZGUgcGhvdG9zLCB2aWRlb3MsIGFuZCBjYXJkcyIsInZhbHVlIjpmYWxzZX0sIl90aGVtZSI6eyJ2YWx1ZSI6IiIsInZhbHVlcyI6eyJkYXJrIjoiVXNlIGRhcmsgdGhlbWUifX0sIl9tYXh3aWR0aCI6eyJ2YWx1ZSI6IiIsImxhYmVsIjoiQWRqdXN0IHdpZHRoIiwicGxhY2Vob2xkZXIiOiIyMjAtNTUwLCBpbiBweCJ9fX0mbHQ7L3NjcmlwdCZndDsmbHQ7L2RpdiZndDs=\">\n                <a data-iframely-url=\"\" href=\"https:\/\/twitter.com\/Independiente\/status\/1960689499358281975\">https:\/\/twitter.com\/Independiente\/status\/1960689499358281975<\/a>\n              <\/div>\n<p>Seg\u00fan la versi\u00f3n oficial de Independiente, los hinchas de Universidad de Chile fueron quienes provocaron los disturbios al destruir las c\u00e1maras de seguridad del estadio y generar enfrentamientos desde el primer minuto de su llegada a Avellaneda: \u201cDesde el comienzo buscaron distorsionar la realidad. Todos saben que la agresi\u00f3n comenz\u00f3 con su parcialidad\u201d.<\/p>\n<p>Para reforzar esta acusaci\u00f3n, la dirigencia difundi\u00f3 un video institucional que reconstruye lo ocurrido desde la mirada del \u201cRojo\u201d, con im\u00e1genes que muestran c\u00f3mo los hinchas chilenos agredieron a efectivos policiales y causaron destrozos en las instalaciones del estadio. <\/p>\n<p>Grindetti insisti\u00f3 en que esas pruebas forman parte del descargo entregado a la Conmebol y que conf\u00eda en que el organismo act\u00fae con \u201cequilibrio y justicia\u201d al momento de resolver.<\/p>\n<p>Sin embargo, el presidente de Independiente no eludi\u00f3 referirse a los hechos protagonizados por un grupo de hinchas locales que intent\u00f3 ingresar al sector visitante. <\/p>\n<p>Los calific\u00f3 de \u201cdelincuentes\u201d y adelant\u00f3 que el club los expulsar\u00e1 como socios, adem\u00e1s de colaborar con la justicia para que reciban las sanciones correspondientes y se les proh\u00edba el ingreso a cualquier estadio: \u201cEstas acciones violentas exceden a Independiente como instituci\u00f3n. Vamos a trabajar para que los responsables no vuelvan a manchar el nombre del club\u201d.<\/p>\n<p>Al mismo tiempo, Grindetti destac\u00f3 la actitud de la mayor\u00eda de los socios y simpatizantes que, en medio del caos, se comportaron con respeto y solidaridad, ayudando a otros hinchas a salir de las tribunas de manera ordenada: \u201cHubo una gran parte de nuestra gente que se comport\u00f3 con dignidad y con valores. Eso tambi\u00e9n hay que reconocerlo\u201d.<\/p>\n<p>En cuanto a lo que viene, Independiente qued\u00f3 a la espera de la resoluci\u00f3n de la Conmebol, que deber\u00e1 definir en los pr\u00f3ximos d\u00edas c\u00f3mo contin\u00faa la serie de octavos de final. <\/p>\n<p>El organismo sudamericano recibi\u00f3 los descargos de ambas instituciones y ahora tendr\u00e1 la dif\u00edcil tarea de determinar si se le da por perdido a alguno de los equipos o si ambos quedan eliminados de la competencia. El fallo tambi\u00e9n podr\u00eda incluir sanciones econ\u00f3micas o deportivas para el club de Avellaneda.<\/p>\n<p>El ganador de la llave, deber\u00e1 enfrentar a Alianza Lima en los cuartos de final el pr\u00f3ximo 16 de septiembre, por lo que el tiempo apremia. Mientras tanto, la dirigencia del \u201cRojo\u201d busca blindar a la instituci\u00f3n frente a cualquier sanci\u00f3n severa que pudiera aplicarse y se aferra al argumento de que Independiente cumpli\u00f3 rigurosamente con todas las exigencias impuestas por Conmebol para la organizaci\u00f3n de este tipo de partidos.<\/p>\n<p>En un momento clave de su gesti\u00f3n, Grindetti no dud\u00f3 en enviar un mensaje pol\u00edtico y social: \u201cCondenamos la violencia en todas sus formas. Queremos que quede en claro que Independiente no es responsable de lo ocurrido. La violencia se origin\u00f3 exclusivamente en la parcialidad visitante, incluso antes de que inicie el partido. Nosotros confiamos en que la justicia act\u00fae con equilibrio\u201d.<\/p>\n<p>La crisis a\u00fan est\u00e1 abierta y el futuro de Independiente en la Copa Sudamericana depender\u00e1 de lo que resuelva Conmebol en los pr\u00f3ximos d\u00edas. <\/p>\n<p>Lo que qued\u00f3 claro tras la conferencia de Grindetti es que la dirigencia buscar\u00e1 sostener a toda costa que el club fue v\u00edctima de hechos ajenos a su control y que el verdadero responsable de la suspensi\u00f3n fue Universidad de Chile y su hinchada.<\/p>\n<p><!-- Live Blog Post --><\/div>\n<p><script async src=\"\/\/platform.twitter.com\/widgets.js\" charset=\"utf-8\"><\/script><br \/><a href=\"https:\/\/www.pagina12.com.ar\/852857-el-presidente-de-independiente-apunto-contra-la-universidad-\">source<\/a><\/p>\n","protected":false},"excerpt":{"rendered":"<p>El presidente de Independiente, N\u00e9stor Grindetti, brind\u00f3 una conferencia de prensa para detallar el descargo&#8230;<\/p>\n","protected":false},"author":3,"featured_media":23591,"comment_status":"closed","ping_status":"closed","sticky":false,"template":"","format":"standard","meta":{"footnotes":""},"categories":[21],"tags":[],"class_list":["post-23590","post","type-post","status-publish","format-standard","has-post-thumbnail","hentry","category-deportes"],"featured_image_urls":{"full":["https:\/\/fmamiga909.com.ar\/wp-content\/uploads\/2025\/08\/wp-header-logo-328.png",960,540,false],"thumbnail":["https:\/\/fmamiga909.com.ar\/wp-content\/uploads\/2025\/08\/wp-header-logo-328-150x150.png",150,150,true],"medium":["https:\/\/fmamiga909.com.ar\/wp-content\/uploads\/2025\/08\/wp-header-logo-328-300x169.png",300,169,true],"medium_large":["https:\/\/fmamiga909.com.ar\/wp-content\/uploads\/2025\/08\/wp-header-logo-328.png",960,540,false],"large":["https:\/\/fmamiga909.com.ar\/wp-content\/uploads\/2025\/08\/wp-header-logo-328.png",640,360,false],"1536x1536":["https:\/\/fmamiga909.com.ar\/wp-content\/uploads\/2025\/08\/wp-header-logo-328.png",960,540,false],"2048x2048":["https:\/\/fmamiga909.com.ar\/wp-content\/uploads\/2025\/08\/wp-header-logo-328.png",960,540,false],"newsium-slider-full":["https:\/\/fmamiga909.com.ar\/wp-content\/uploads\/2025\/08\/wp-header-logo-328.png",960,540,false],"newsium-featured":["https:\/\/fmamiga909.com.ar\/wp-content\/uploads\/2025\/08\/wp-header-logo-328.png",960,540,false],"newsium-medium":["https:\/\/fmamiga909.com.ar\/wp-content\/uploads\/2025\/08\/wp-header-logo-328-720x475.png",720,475,true]},"author_info":{"display_name":"Fredy Giuliano","author_link":"https:\/\/fmamiga909.com.ar\/?author=3"},"category_info":"<a href=\"https:\/\/fmamiga909.com.ar\/?cat=21\" rel=\"category\">Deportes<\/a>","tag_info":"Deportes","comment_count":"0","_links":{"self":[{"href":"https:\/\/fmamiga909.com.ar\/index.php?rest_route=\/wp\/v2\/posts\/23590","targetHints":{"allow":["GET"]}}],"collection":[{"href":"https:\/\/fmamiga909.com.ar\/index.php?rest_route=\/wp\/v2\/posts"}],"about":[{"href":"https:\/\/fmamiga909.com.ar\/index.php?rest_route=\/wp\/v2\/types\/post"}],"author":[{"embeddable":true,"href":"https:\/\/fmamiga909.com.ar\/index.php?rest_route=\/wp\/v2\/users\/3"}],"replies":[{"embeddable":true,"href":"https:\/\/fmamiga909.com.ar\/index.php?rest_route=%2Fwp%2Fv2%2Fcomments&post=23590"}],"version-history":[{"count":0,"href":"https:\/\/fmamiga909.com.ar\/index.php?rest_route=\/wp\/v2\/posts\/23590\/revisions"}],"wp:featuredmedia":[{"embeddable":true,"href":"https:\/\/fmamiga909.com.ar\/index.php?rest_route=\/wp\/v2\/media\/23591"}],"wp:attachment":[{"href":"https:\/\/fmamiga909.com.ar\/index.php?rest_route=%2Fwp%2Fv2%2Fmedia&parent=23590"}],"wp:term":[{"taxonomy":"category","embeddable":true,"href":"https:\/\/fmamiga909.com.ar\/index.php?rest_route=%2Fwp%2Fv2%2Fcategories&post=23590"},{"taxonomy":"post_tag","embeddable":true,"href":"https:\/\/fmamiga909.com.ar\/index.php?rest_route=%2Fwp%2Fv2%2Ftags&post=23590"}],"curies":[{"name":"wp","href":"https:\/\/api.w.org\/{rel}","templated":true}]}}