{"id":23598,"date":"2025-08-28T00:13:39","date_gmt":"2025-08-28T00:13:39","guid":{"rendered":"https:\/\/fmamiga909.com.ar\/?p=23598"},"modified":"2025-08-28T00:13:39","modified_gmt":"2025-08-28T00:13:39","slug":"carlos-tevez-en-ningun-momento-se-me-paso-por-la-cabeza-renunciar","status":"publish","type":"post","link":"https:\/\/fmamiga909.com.ar\/?p=23598","title":{"rendered":"Carlos Tevez: &quot;En ning\u00fan momento se me pas\u00f3 por la cabeza renunciar&quot;"},"content":{"rendered":"<div><!-- Body --><\/p>\n<p>En abril de este a\u00f1o, <b>Talleres <\/b>debutaba en la Copa Libertadores con la ilusi\u00f3n a flor de piel. Unos meses despu\u00e9s,<b> lucha por no descender<\/b>. Tan complicada es la situaci\u00f3n del conjunto cordob\u00e9s que este mi\u00e9rcoles apareci\u00f3 en la pr\u00e1ctica el <b>presidente del club, Andr\u00e9s Fassi, como para calmar los rumores de conflicto con el DT, Carlos Tevez<\/b>.<\/p>\n<p>Y la cosa no fue nada privada: se dio en medio de una <b>pr\u00e1ctica abierta a 300 socios, como para que no faltaran testigos del encuentro<\/b>. M\u00e1s tarde, tanto el dirigente como el entrenador hablaron con los medios, aunque por separado.<\/p>\n<p><b>Fassi<\/b>, muy cuestionado por los hinchas por su manejo empresarial del club y el presente del equipo, declar\u00f3: <b>\u00abCarlos est\u00e1 contento en Talleres y jam\u00e1s present\u00f3 su renuncia. Se quiere quedar en el club mucho tiempo<\/b>, a largo plazo. Tiene el respaldo suficiente del presidente de Talleres, ni hablar\u00bb.<\/p>\n<p>Por su parte,<b> Tevez explic\u00f3 en conferencia de prensa:\u00a0<\/b>\u00abSiempre despu\u00e9s de los partidos hablo con los futbolistas de las situaciones que tuvimos. Obvio que no fue buena, fue el peor partido desde que estoy, <b>pero en ning\u00fan momento se me pas\u00f3 por la cabeza renunciar\u00bb.<\/b><\/p>\n<p><b>Y agreg\u00f3 sobre su relaci\u00f3n con el dirigente: \u00abNo es as\u00ed que no dej\u00e9 pasar a Andr\u00e9s Fassi al vestuario (el s\u00e1bado durante el 0-3 ante Atl\u00e9tico en Tucum\u00e1n). <\/b>Pas\u00f3 que justo cuando el presidente baja, nosotros tenemos la charla. \u00c9l se ten\u00eda que ir a tomar el vuelo y es por eso que no entr\u00f3. Con Andr\u00e9s tenemos una relaci\u00f3n muy muy buena, pero no se mete en ning\u00fan momento en mi trabajo, est\u00e1 siempre apoyando a los jugadores, al grupo, y fue eso lo que pas\u00f3\u00bb.<\/p>\n<p><!-- Live Blog Post --><\/div>\n<p><a href=\"https:\/\/www.pagina12.com.ar\/852910-carlos-tevez-en-ningun-momento-se-me-paso-por-la-cabeza-renu\">source<\/a><\/p>\n","protected":false},"excerpt":{"rendered":"<p>En abril de este a\u00f1o, Talleres debutaba en la Copa Libertadores con la ilusi\u00f3n a&#8230;<\/p>\n","protected":false},"author":3,"featured_media":23599,"comment_status":"closed","ping_status":"closed","sticky":false,"template":"","format":"standard","meta":{"footnotes":""},"categories":[21],"tags":[],"class_list":["post-23598","post","type-post","status-publish","format-standard","has-post-thumbnail","hentry","category-deportes"],"featured_image_urls":{"full":["https:\/\/fmamiga909.com.ar\/wp-content\/uploads\/2025\/08\/wp-header-logo-332.png",960,540,false],"thumbnail":["https:\/\/fmamiga909.com.ar\/wp-content\/uploads\/2025\/08\/wp-header-logo-332-150x150.png",150,150,true],"medium":["https:\/\/fmamiga909.com.ar\/wp-content\/uploads\/2025\/08\/wp-header-logo-332-300x169.png",300,169,true],"medium_large":["https:\/\/fmamiga909.com.ar\/wp-content\/uploads\/2025\/08\/wp-header-logo-332.png",960,540,false],"large":["https:\/\/fmamiga909.com.ar\/wp-content\/uploads\/2025\/08\/wp-header-logo-332.png",640,360,false],"1536x1536":["https:\/\/fmamiga909.com.ar\/wp-content\/uploads\/2025\/08\/wp-header-logo-332.png",960,540,false],"2048x2048":["https:\/\/fmamiga909.com.ar\/wp-content\/uploads\/2025\/08\/wp-header-logo-332.png",960,540,false],"newsium-slider-full":["https:\/\/fmamiga909.com.ar\/wp-content\/uploads\/2025\/08\/wp-header-logo-332.png",960,540,false],"newsium-featured":["https:\/\/fmamiga909.com.ar\/wp-content\/uploads\/2025\/08\/wp-header-logo-332.png",960,540,false],"newsium-medium":["https:\/\/fmamiga909.com.ar\/wp-content\/uploads\/2025\/08\/wp-header-logo-332-720x475.png",720,475,true]},"author_info":{"display_name":"Fredy Giuliano","author_link":"https:\/\/fmamiga909.com.ar\/?author=3"},"category_info":"<a href=\"https:\/\/fmamiga909.com.ar\/?cat=21\" rel=\"category\">Deportes<\/a>","tag_info":"Deportes","comment_count":"0","_links":{"self":[{"href":"https:\/\/fmamiga909.com.ar\/index.php?rest_route=\/wp\/v2\/posts\/23598","targetHints":{"allow":["GET"]}}],"collection":[{"href":"https:\/\/fmamiga909.com.ar\/index.php?rest_route=\/wp\/v2\/posts"}],"about":[{"href":"https:\/\/fmamiga909.com.ar\/index.php?rest_route=\/wp\/v2\/types\/post"}],"author":[{"embeddable":true,"href":"https:\/\/fmamiga909.com.ar\/index.php?rest_route=\/wp\/v2\/users\/3"}],"replies":[{"embeddable":true,"href":"https:\/\/fmamiga909.com.ar\/index.php?rest_route=%2Fwp%2Fv2%2Fcomments&post=23598"}],"version-history":[{"count":0,"href":"https:\/\/fmamiga909.com.ar\/index.php?rest_route=\/wp\/v2\/posts\/23598\/revisions"}],"wp:featuredmedia":[{"embeddable":true,"href":"https:\/\/fmamiga909.com.ar\/index.php?rest_route=\/wp\/v2\/media\/23599"}],"wp:attachment":[{"href":"https:\/\/fmamiga909.com.ar\/index.php?rest_route=%2Fwp%2Fv2%2Fmedia&parent=23598"}],"wp:term":[{"taxonomy":"category","embeddable":true,"href":"https:\/\/fmamiga909.com.ar\/index.php?rest_route=%2Fwp%2Fv2%2Fcategories&post=23598"},{"taxonomy":"post_tag","embeddable":true,"href":"https:\/\/fmamiga909.com.ar\/index.php?rest_route=%2Fwp%2Fv2%2Ftags&post=23598"}],"curies":[{"name":"wp","href":"https:\/\/api.w.org\/{rel}","templated":true}]}}