{"id":23624,"date":"2025-08-28T22:17:52","date_gmt":"2025-08-28T22:17:52","guid":{"rendered":"https:\/\/fmamiga909.com.ar\/?p=23624"},"modified":"2025-08-28T22:17:52","modified_gmt":"2025-08-28T22:17:52","slug":"se-dio-a-conocer-la-lista-definitiva-para-la-doble-fecha-de-eliminatorias","status":"publish","type":"post","link":"https:\/\/fmamiga909.com.ar\/?p=23624","title":{"rendered":"Se dio a conocer la lista definitiva para la doble fecha de eliminatorias"},"content":{"rendered":"<div><!-- Body --><\/p>\n<p>La Asociaci\u00f3n del F\u00fatbol Argentino (AFA) confirm\u00f3 la lista definitiva de convocados de la Selecci\u00f3n Argentina, para la \u00faltima doble fecha de Eliminatorias Sudamericanas. La principal novedad, adem\u00e1s de la presencia de Lionel Messi ya recuperado de una lesi\u00f3n muscular, es la inclusi\u00f3n de varios jugadores j\u00f3venes.<\/p>\n<p>Los tres arqueros seleccionados por Lionel Scaloni fueron Emiliano Mart\u00ednez, quien ya tiene m\u00e1s que asegurada la titularidad, Walter Ben\u00edtez y Ger\u00f3nimo Rulli.<\/p>\n<p>Por otra parte, los defensores elegidos por el entrenador fueron Cristian Romero, Nicol\u00e1s Otamendi, Nahuel Molina, Gonzalo Montiel, Leonardo Balerdi, Juan Foyth, Nicol\u00e1s Tagliafico, Marcos Acu\u00f1a y Julio Soler, una de las grandes sorpresas de esta convocatoria.<\/p>\n<p>En lo que respecta a la mitad de la cancha, se pudo ver una interesante mezcla entre varios experimentados y j\u00f3venes promesas que se est\u00e1n consolidando en Europa, ya que los jugadores que recibieron el llamado fueron Alexis Mac Allister, Exequiel Palacios, Alan Varela, Leandro Paredes, Thiago Almada, Nicol\u00e1s Paz, Rodrigo De Paul y Giovani Lo Celso.<\/p>\n<p>Por \u00faltimo, los mediocampistas ofensivos y delanteros que completan la lista son Claudio Echeverri, Franco Mastantuono, Valent\u00edn Carboni, Giuliano Simeone, Juli\u00e1n Alvarez, Nicol\u00e1s Gonz\u00e1lez, Messi, Lautaro Mart\u00ednez y Jos\u00e9 Manuel L\u00f3pez, este \u00faltimo de gran presente en el Palmeiras de Brasil y que quiere consolidarse como el tercer \u201c9\u201d de la Selecci\u00f3n.<\/p>\n<div class=\"medium-insert-embeds\">\n<figure>\n<div class=\"medium-insert-embed\">\n<div align=\"center\">\n<figure role=\"group\" class=\"caption caption-drupal-entity\"><figcaption>La lista que emiti\u00f3 la Asociaci\u00f3n del F\u00fatbol Argentino. Imagen: Prensa AFA<\/figcaption><\/figure>\n<\/div><\/div>\n<\/figure>\n<\/div>\n<p>Como novedad con respecto a la lista previa, Scaloni desafect\u00f3 al defensor Facundo Medina (Olympique de Marsella) y al delantero Angel Correa (Pumas de M\u00e9xico), inicialmente incluidos entre los 31 convocados. En la n\u00f3mina final, se mantuvieron los dos futbolistas que fueron llamados por primera vez: L\u00f3pez, del Palmeiras, y el jugador del Porto Varela.<\/p>\n<p>La n\u00f3mina cuenta con el regreso de Lionel Messi, quien dej\u00f3 atr\u00e1s su lesi\u00f3n en Inter Miami y fue figura en la clasificaci\u00f3n a la final de la Leagues Cup con su equipo, frente al Orlando City. El rosarino tambi\u00e9n anunci\u00f3 que jugar\u00e1 su \u00faltimo partido por eliminatorias en el Monumental, el pr\u00f3ximo jueves 4 de septiembre frente a Venezuela.<\/p>\n<p>Se destaca tambi\u00e9n el regreso de Marcos Acu\u00f1a, quien no fue llamado en las \u00faltimas citaciones por el entrenador. El lateral izquierdo de River Plate, junto a su compa\u00f1ero en ese club Gonzalo Montiel y Leandro Paredes, quien volvi\u00f3 a Boca Juniors tras m\u00e1s de una d\u00e9cada luego de su paso por la Roma, son los \u00fanicos tres futbolistas del f\u00fatbol argentino que estar\u00e1n en la doble fecha.<\/p>\n<p>Por su parte, Enzo Fern\u00e1ndez, quien fue expulsado en el empate ante Colombia, no est\u00e1 entre los nombres. El mediocampista del Chelsea todav\u00eda no recibi\u00f3 una sanci\u00f3n tras ver la tarjeta roja.<\/p>\n<p>La acci\u00f3n para la Selecci\u00f3n Argentina en esta doble fecha de Eliminatorias Sudamericanas comenzar\u00e1 el jueves 4 de septiembre, cuando reciban a Venezuela, mientras que cinco d\u00edas despu\u00e9s visitar\u00e1 a Ecuador en Guayaquil.<\/p>\n<p>El seleccionado est\u00e1 teniendo una gran participaci\u00f3n en las Eliminatorias Sudamericanas, donde ya se asegur\u00f3 la clasificaci\u00f3n al Mundial de Estados Unidos, Canad\u00e1 y M\u00e9xico 2026 y la primera posici\u00f3n en la tabla de posiciones debido a que acumulan 35 puntos y le saca diez de ventaja a su escolta, Ecuador, con solo seis unidades en juego.<\/p>\n<p><!-- Live Blog Post --><\/div>\n<p><a href=\"https:\/\/www.pagina12.com.ar\/853213-se-dio-a-conocer-la-lista-definitiva-para-la-doble-fecha-de-\">source<\/a><\/p>\n","protected":false},"excerpt":{"rendered":"<p>La Asociaci\u00f3n del F\u00fatbol Argentino (AFA) confirm\u00f3 la lista definitiva de convocados de la Selecci\u00f3n&#8230;<\/p>\n","protected":false},"author":3,"featured_media":23625,"comment_status":"closed","ping_status":"closed","sticky":false,"template":"","format":"standard","meta":{"footnotes":""},"categories":[21],"tags":[],"class_list":["post-23624","post","type-post","status-publish","format-standard","has-post-thumbnail","hentry","category-deportes"],"featured_image_urls":{"full":["https:\/\/fmamiga909.com.ar\/wp-content\/uploads\/2025\/08\/wp-header-logo-345.png",960,540,false],"thumbnail":["https:\/\/fmamiga909.com.ar\/wp-content\/uploads\/2025\/08\/wp-header-logo-345-150x150.png",150,150,true],"medium":["https:\/\/fmamiga909.com.ar\/wp-content\/uploads\/2025\/08\/wp-header-logo-345-300x169.png",300,169,true],"medium_large":["https:\/\/fmamiga909.com.ar\/wp-content\/uploads\/2025\/08\/wp-header-logo-345.png",960,540,false],"large":["https:\/\/fmamiga909.com.ar\/wp-content\/uploads\/2025\/08\/wp-header-logo-345.png",640,360,false],"1536x1536":["https:\/\/fmamiga909.com.ar\/wp-content\/uploads\/2025\/08\/wp-header-logo-345.png",960,540,false],"2048x2048":["https:\/\/fmamiga909.com.ar\/wp-content\/uploads\/2025\/08\/wp-header-logo-345.png",960,540,false],"newsium-slider-full":["https:\/\/fmamiga909.com.ar\/wp-content\/uploads\/2025\/08\/wp-header-logo-345.png",960,540,false],"newsium-featured":["https:\/\/fmamiga909.com.ar\/wp-content\/uploads\/2025\/08\/wp-header-logo-345.png",960,540,false],"newsium-medium":["https:\/\/fmamiga909.com.ar\/wp-content\/uploads\/2025\/08\/wp-header-logo-345-720x475.png",720,475,true]},"author_info":{"display_name":"Fredy Giuliano","author_link":"https:\/\/fmamiga909.com.ar\/?author=3"},"category_info":"<a href=\"https:\/\/fmamiga909.com.ar\/?cat=21\" rel=\"category\">Deportes<\/a>","tag_info":"Deportes","comment_count":"0","_links":{"self":[{"href":"https:\/\/fmamiga909.com.ar\/index.php?rest_route=\/wp\/v2\/posts\/23624","targetHints":{"allow":["GET"]}}],"collection":[{"href":"https:\/\/fmamiga909.com.ar\/index.php?rest_route=\/wp\/v2\/posts"}],"about":[{"href":"https:\/\/fmamiga909.com.ar\/index.php?rest_route=\/wp\/v2\/types\/post"}],"author":[{"embeddable":true,"href":"https:\/\/fmamiga909.com.ar\/index.php?rest_route=\/wp\/v2\/users\/3"}],"replies":[{"embeddable":true,"href":"https:\/\/fmamiga909.com.ar\/index.php?rest_route=%2Fwp%2Fv2%2Fcomments&post=23624"}],"version-history":[{"count":0,"href":"https:\/\/fmamiga909.com.ar\/index.php?rest_route=\/wp\/v2\/posts\/23624\/revisions"}],"wp:featuredmedia":[{"embeddable":true,"href":"https:\/\/fmamiga909.com.ar\/index.php?rest_route=\/wp\/v2\/media\/23625"}],"wp:attachment":[{"href":"https:\/\/fmamiga909.com.ar\/index.php?rest_route=%2Fwp%2Fv2%2Fmedia&parent=23624"}],"wp:term":[{"taxonomy":"category","embeddable":true,"href":"https:\/\/fmamiga909.com.ar\/index.php?rest_route=%2Fwp%2Fv2%2Fcategories&post=23624"},{"taxonomy":"post_tag","embeddable":true,"href":"https:\/\/fmamiga909.com.ar\/index.php?rest_route=%2Fwp%2Fv2%2Ftags&post=23624"}],"curies":[{"name":"wp","href":"https:\/\/api.w.org\/{rel}","templated":true}]}}