{"id":23712,"date":"2025-08-31T16:30:03","date_gmt":"2025-08-31T16:30:03","guid":{"rendered":"https:\/\/fmamiga909.com.ar\/?p=23712"},"modified":"2025-08-31T16:30:03","modified_gmt":"2025-08-31T16:30:03","slug":"franco-colapinto-no-oculto-su-enojo-con-su-companero-de-escuderia-pierre-gasly","status":"publish","type":"post","link":"https:\/\/fmamiga909.com.ar\/?p=23712","title":{"rendered":"Franco Colapinto no ocult\u00f3 su enojo con su compa\u00f1ero de escuder\u00eda\u00a0Pierre Gasly"},"content":{"rendered":"<div><!-- Body --><\/p>\n<p>El argentino Franco Colapinto termin\u00f3 el fin de semana en el Gran Premio de Pa\u00edses Bajos con sensaciones encontradas, ya que aunque mostr\u00f3 buen ritmo en pista, no logr\u00f3 sumar puntos al finalizar und\u00e9cimo, muy cerca, y apunt\u00f3 a fallas internas en el equipo Alpine.<\/p>\n<p>\u201cEra bastante f\u00e1cil hacerme sumar un punto hoy por lo menos, y siento que estuvimos mal en no haberlo sumado. No hab\u00eda que esforzarse mucho\u201d, dijo el piloto argentino, que ya hab\u00eda expresado su incomodidad en otras fechas.<\/p>\n<p>\u201cEstoy m\u00e1s consistente y c\u00f3modo con el auto, con eso s\u00ed estoy contento. Un poco triste porque podr\u00eda haber sumado alg\u00fan punto\u201d, agreg\u00f3 el argentino sobre su comodidad con el auto. El pilarense qued\u00f3 muy cerca de Esteban Oc\u00f3n, de Haas, pero no pudo pasarlo en el cierre de la carrera.<\/p>\n<p>\u201cUna carrera larga y complicada, aprovechamos bien las oportunidades. Nos falt\u00f3 hacer un mejor trabajo de equipo\u201d, explic\u00f3 el argentino, a quien se lo vio bastante enojado por como termin\u00f3 el Gran Premio. Y apunt\u00f3 contra su equipo y su compa\u00f1ero Pierre Gasly: \u201cNo nos ayudamos para nada en el equipo, pudimos haber hecho las cosas un poquito mejor\u201d.<\/p>\n<p>Colapinto sigue sumando experiencia en la antesala de la F\u00f3rmula 1, pero advierte que necesita m\u00e1s respaldo estrat\u00e9gico para convertir buenas actuaciones en resultados concretos.<\/p>\n<p>Finaliz\u00f3 en el und\u00e9cimo puesto en el Gran Premio de Pa\u00edses Bajos de la F\u00f3rmula 1, muy cerca de sumar su primer punto en el campeonato.<\/p>\n<p>El pilarense larg\u00f3 en el puesto n\u00famero 16 y, tras algunos altibajos, se repuso e hizo una buena carrera aunque no le alcanz\u00f3 para sumar su primer punto con Alpine.<\/p>\n<p><!-- Live Blog Post --><\/div>\n<p><a href=\"https:\/\/www.pagina12.com.ar\/853858-franco-colapinto-no-oculto-su-enojo-con-su-companero-de-escu\">source<\/a><\/p>\n","protected":false},"excerpt":{"rendered":"<p>El argentino Franco Colapinto termin\u00f3 el fin de semana en el Gran Premio de Pa\u00edses&#8230;<\/p>\n","protected":false},"author":3,"featured_media":23713,"comment_status":"closed","ping_status":"closed","sticky":false,"template":"","format":"standard","meta":{"footnotes":""},"categories":[21],"tags":[],"class_list":["post-23712","post","type-post","status-publish","format-standard","has-post-thumbnail","hentry","category-deportes"],"featured_image_urls":{"full":["https:\/\/fmamiga909.com.ar\/wp-content\/uploads\/2025\/08\/wp-header-logo-389.png",960,540,false],"thumbnail":["https:\/\/fmamiga909.com.ar\/wp-content\/uploads\/2025\/08\/wp-header-logo-389-150x150.png",150,150,true],"medium":["https:\/\/fmamiga909.com.ar\/wp-content\/uploads\/2025\/08\/wp-header-logo-389-300x169.png",300,169,true],"medium_large":["https:\/\/fmamiga909.com.ar\/wp-content\/uploads\/2025\/08\/wp-header-logo-389.png",960,540,false],"large":["https:\/\/fmamiga909.com.ar\/wp-content\/uploads\/2025\/08\/wp-header-logo-389.png",640,360,false],"1536x1536":["https:\/\/fmamiga909.com.ar\/wp-content\/uploads\/2025\/08\/wp-header-logo-389.png",960,540,false],"2048x2048":["https:\/\/fmamiga909.com.ar\/wp-content\/uploads\/2025\/08\/wp-header-logo-389.png",960,540,false],"newsium-slider-full":["https:\/\/fmamiga909.com.ar\/wp-content\/uploads\/2025\/08\/wp-header-logo-389.png",960,540,false],"newsium-featured":["https:\/\/fmamiga909.com.ar\/wp-content\/uploads\/2025\/08\/wp-header-logo-389.png",960,540,false],"newsium-medium":["https:\/\/fmamiga909.com.ar\/wp-content\/uploads\/2025\/08\/wp-header-logo-389-720x475.png",720,475,true]},"author_info":{"display_name":"Fredy Giuliano","author_link":"https:\/\/fmamiga909.com.ar\/?author=3"},"category_info":"<a href=\"https:\/\/fmamiga909.com.ar\/?cat=21\" rel=\"category\">Deportes<\/a>","tag_info":"Deportes","comment_count":"0","_links":{"self":[{"href":"https:\/\/fmamiga909.com.ar\/index.php?rest_route=\/wp\/v2\/posts\/23712","targetHints":{"allow":["GET"]}}],"collection":[{"href":"https:\/\/fmamiga909.com.ar\/index.php?rest_route=\/wp\/v2\/posts"}],"about":[{"href":"https:\/\/fmamiga909.com.ar\/index.php?rest_route=\/wp\/v2\/types\/post"}],"author":[{"embeddable":true,"href":"https:\/\/fmamiga909.com.ar\/index.php?rest_route=\/wp\/v2\/users\/3"}],"replies":[{"embeddable":true,"href":"https:\/\/fmamiga909.com.ar\/index.php?rest_route=%2Fwp%2Fv2%2Fcomments&post=23712"}],"version-history":[{"count":0,"href":"https:\/\/fmamiga909.com.ar\/index.php?rest_route=\/wp\/v2\/posts\/23712\/revisions"}],"wp:featuredmedia":[{"embeddable":true,"href":"https:\/\/fmamiga909.com.ar\/index.php?rest_route=\/wp\/v2\/media\/23713"}],"wp:attachment":[{"href":"https:\/\/fmamiga909.com.ar\/index.php?rest_route=%2Fwp%2Fv2%2Fmedia&parent=23712"}],"wp:term":[{"taxonomy":"category","embeddable":true,"href":"https:\/\/fmamiga909.com.ar\/index.php?rest_route=%2Fwp%2Fv2%2Fcategories&post=23712"},{"taxonomy":"post_tag","embeddable":true,"href":"https:\/\/fmamiga909.com.ar\/index.php?rest_route=%2Fwp%2Fv2%2Ftags&post=23712"}],"curies":[{"name":"wp","href":"https:\/\/api.w.org\/{rel}","templated":true}]}}