{"id":23784,"date":"2025-09-02T23:34:15","date_gmt":"2025-09-02T23:34:15","guid":{"rendered":"https:\/\/fmamiga909.com.ar\/?p=23784"},"modified":"2025-09-02T23:34:15","modified_gmt":"2025-09-02T23:34:15","slug":"el-mal-tiempo-no-paro-los-entrenamientos-de-la-seleccion-argentina","status":"publish","type":"post","link":"https:\/\/fmamiga909.com.ar\/?p=23784","title":{"rendered":"El mal tiempo no par\u00f3 los entrenamientos de la Selecci\u00f3n Argentina"},"content":{"rendered":"<div><!-- Body --><\/p>\n<p>La Selecci\u00f3n Argentina que conduce Lionel Scaloni se entren\u00f3 este martes en el predio de Ezeiza, con vistas al primer partido de Eliminatorias ante Venezuela, el pr\u00f3ximo jueves a las 20.30 en el estadio Monumental.<\/p>\n<p>Las inclemencias del tiempo trastrocaron parte de la actividad, que se puso en marcha a las 16.30 en el campo, con la presencia de medios acreditados durante los primeros quince minutos.<\/p>\n<p>Pensando en la Vinotinto, se destac\u00f3 la ausencia de Alexis Mac Allister que no pudo arribar al pa\u00eds. El volante de Liverpool\u00a0ven\u00eda de sufrir una molestia muscular y el hecho de que llegar\u00e1 con s\u00f3lo un entrenamiento hace que sea una duda en el once titular, aunque se espera que est\u00e9 a disposici\u00f3n para ir desde el arranque.<\/p>\n<p>Tras el bloque inicial, el plantel -a excepci\u00f3n de Nicol\u00e1s Otamendi, que hizo labores regenerativas en el gimnasio- se traslad\u00f3 a la cancha 3 para llevar a cabo un ensayo futbol\u00edstico durante 20 minutos.\u00a0<\/p>\n<p>Luego, el grupo fue dividido en dos y trabajaron por separado defensores y centrocampistas, y por otro lado, los atacantes. En el final, hubo pr\u00e1cticas de remates de media distancia, exigiendo a los arqueros del equipo.<\/p>\n<p>Este mi\u00e9rcoles al mediod\u00eda est\u00e1 prevista la habitual conferencia de prensa de Scaloni, en tanto desde las 17 se realizar\u00e1 otro entrenamiento, en este caso cerrado al p\u00fablico.<\/p>\n<p><!-- Live Blog Post --><\/div>\n<p><a href=\"https:\/\/www.pagina12.com.ar\/854490-el-mal-tiempo-no-paro-los-entrenamientos-de-la-seleccion-arg\">source<\/a><\/p>\n","protected":false},"excerpt":{"rendered":"<p>La Selecci\u00f3n Argentina que conduce Lionel Scaloni se entren\u00f3 este martes en el predio de&#8230;<\/p>\n","protected":false},"author":3,"featured_media":23785,"comment_status":"closed","ping_status":"closed","sticky":false,"template":"","format":"standard","meta":{"footnotes":""},"categories":[21],"tags":[],"class_list":["post-23784","post","type-post","status-publish","format-standard","has-post-thumbnail","hentry","category-deportes"],"featured_image_urls":{"full":["https:\/\/fmamiga909.com.ar\/wp-content\/uploads\/2025\/09\/wp-header-logo-23.png",960,540,false],"thumbnail":["https:\/\/fmamiga909.com.ar\/wp-content\/uploads\/2025\/09\/wp-header-logo-23-150x150.png",150,150,true],"medium":["https:\/\/fmamiga909.com.ar\/wp-content\/uploads\/2025\/09\/wp-header-logo-23-300x169.png",300,169,true],"medium_large":["https:\/\/fmamiga909.com.ar\/wp-content\/uploads\/2025\/09\/wp-header-logo-23.png",960,540,false],"large":["https:\/\/fmamiga909.com.ar\/wp-content\/uploads\/2025\/09\/wp-header-logo-23.png",640,360,false],"1536x1536":["https:\/\/fmamiga909.com.ar\/wp-content\/uploads\/2025\/09\/wp-header-logo-23.png",960,540,false],"2048x2048":["https:\/\/fmamiga909.com.ar\/wp-content\/uploads\/2025\/09\/wp-header-logo-23.png",960,540,false],"newsium-slider-full":["https:\/\/fmamiga909.com.ar\/wp-content\/uploads\/2025\/09\/wp-header-logo-23.png",960,540,false],"newsium-featured":["https:\/\/fmamiga909.com.ar\/wp-content\/uploads\/2025\/09\/wp-header-logo-23.png",960,540,false],"newsium-medium":["https:\/\/fmamiga909.com.ar\/wp-content\/uploads\/2025\/09\/wp-header-logo-23-720x475.png",720,475,true]},"author_info":{"display_name":"Fredy Giuliano","author_link":"https:\/\/fmamiga909.com.ar\/?author=3"},"category_info":"<a href=\"https:\/\/fmamiga909.com.ar\/?cat=21\" rel=\"category\">Deportes<\/a>","tag_info":"Deportes","comment_count":"0","_links":{"self":[{"href":"https:\/\/fmamiga909.com.ar\/index.php?rest_route=\/wp\/v2\/posts\/23784","targetHints":{"allow":["GET"]}}],"collection":[{"href":"https:\/\/fmamiga909.com.ar\/index.php?rest_route=\/wp\/v2\/posts"}],"about":[{"href":"https:\/\/fmamiga909.com.ar\/index.php?rest_route=\/wp\/v2\/types\/post"}],"author":[{"embeddable":true,"href":"https:\/\/fmamiga909.com.ar\/index.php?rest_route=\/wp\/v2\/users\/3"}],"replies":[{"embeddable":true,"href":"https:\/\/fmamiga909.com.ar\/index.php?rest_route=%2Fwp%2Fv2%2Fcomments&post=23784"}],"version-history":[{"count":0,"href":"https:\/\/fmamiga909.com.ar\/index.php?rest_route=\/wp\/v2\/posts\/23784\/revisions"}],"wp:featuredmedia":[{"embeddable":true,"href":"https:\/\/fmamiga909.com.ar\/index.php?rest_route=\/wp\/v2\/media\/23785"}],"wp:attachment":[{"href":"https:\/\/fmamiga909.com.ar\/index.php?rest_route=%2Fwp%2Fv2%2Fmedia&parent=23784"}],"wp:term":[{"taxonomy":"category","embeddable":true,"href":"https:\/\/fmamiga909.com.ar\/index.php?rest_route=%2Fwp%2Fv2%2Fcategories&post=23784"},{"taxonomy":"post_tag","embeddable":true,"href":"https:\/\/fmamiga909.com.ar\/index.php?rest_route=%2Fwp%2Fv2%2Ftags&post=23784"}],"curies":[{"name":"wp","href":"https:\/\/api.w.org\/{rel}","templated":true}]}}