{"id":23805,"date":"2025-09-03T17:32:55","date_gmt":"2025-09-03T17:32:55","guid":{"rendered":"https:\/\/fmamiga909.com.ar\/?p=23805"},"modified":"2025-09-03T17:32:55","modified_gmt":"2025-09-03T17:32:55","slug":"entre-lagrimas-scaloni-hablo-de-la-despedida-de-messi-manana-va-a-ser-un-partido-emotivo","status":"publish","type":"post","link":"https:\/\/fmamiga909.com.ar\/?p=23805","title":{"rendered":"Entre l\u00e1grimas, Scaloni habl\u00f3 de la despedida de Messi: &quot;Ma\u00f1ana va a ser un partido emotivo&quot;"},"content":{"rendered":"<div><!-- Body --><\/p>\n<p>El DT de la<a href=\"https:\/\/www.pagina12.com.ar\/854641-a-que-hora-juega-la-seleccion-argentina-vs-venezuela-donde-v\"> selecci\u00f3n argentina<\/a>, <b>Lionel Scaloni, augur\u00f3<\/b><b>\u00a0que el partido de este jueves contra Venezuela ser\u00e1 \u00abemotivo\u00bb,\u00a0<\/b>porque <b>Lionel Messi adelant\u00f3 que ser\u00e1 el \u00faltimo partido de Eliminatorias que disputar\u00e1 en el pa\u00eds<\/b>.\u00a0\u00abMa\u00f1ana va a ser un partido emotivo. Si es verdad que es el \u00faltimo partido de Eliminatorias, entonces <b>va a ser especial<\/b>\u00ab, asegur\u00f3 este mi\u00e9rcoles el entrenador en conferencia de prensa.<\/p>\n<h3\/>\n<h2>Scaloni sobre Messi<\/h2>\n<p>\u00ab<b>Soy el primero en disfrutar de poder entrenarlo, es un placer<\/b>. Esperemos que la gente que vaya a la cancha y \u00e9l mismo lo disfrute. Yo lo vivo normal\u00bb, agreg\u00f3 el DT.\u00a0<b>Tambi\u00e9n confirm\u00f3 que Messi ser\u00e1 titular ma\u00f1ana ante Venezuela: \u00abLeo juega ma\u00f1ana\u00bb<\/b>, sostuvo. Pero finalmente el DT\u00a0<\/p>\n<p>Las declaraciones del entrenador tuvieron lugar a partir de las afirmaciones que \u00abla pulga\u00bb hizo la semana pasada: \u00ab<b>No s\u00e9 si despu\u00e9s habr\u00e1 amistosos o m\u00e1s partidos <\/b>(&#8230;) por eso me van a acompa\u00f1ar mi familia: mi mujer, mis hijos, mis padres, mis hermanos y todos los que puedan, toda la familia\u00bb. De esta manera, lo m\u00e1s probable es que una vez finalizada su actuaci\u00f3n en el Mundial 2026, Messi le ponga fin a su carrera en la selecci\u00f3n argentina.<\/p>\n<div class=\"iframely-embed medium-embedded-content\" data-html=\"Jmx0O2RpdiZndDsmbHQ7ZGl2IHN0eWxlPSJsZWZ0OiAwOyB3aWR0aDogMTAwJTsgaGVpZ2h0OiAwOyBwb3NpdGlvbjogcmVsYXRpdmU7IHBhZGRpbmctYm90dG9tOiA1Ni4wNDE3JTsiJmd0OyZsdDtpZnJhbWUgc3JjPSJodHRwczovL2lmcmFtZWx5LnBhZ2luYTEyLmNvbS5hci9hcGkvaWZyYW1lP2NsaWNrX3RvX3BsYXk9MSZhbXA7dXJsPWh0dHBzJTNBJTJGJTJGZ2VvLmRhaWx5bW90aW9uLmNvbSUyRnBsYXllciUyRnh0NWVlLmh0bWwlM0Z2aWRlbyUzRHg5cHhjenUmYW1wO2tleT00Njc2YjVmZGMwODMyNTdlYTg3ZjcxNjA4Yzc0ZTlmZSIgc3R5bGU9InRvcDogMDsgbGVmdDogMDsgd2lkdGg6IDEwMCU7IGhlaWdodDogMTAwJTsgcG9zaXRpb246IGFic29sdXRlOyBib3JkZXI6IDA7IiBhbGxvd2Z1bGxzY3JlZW4gc2Nyb2xsaW5nPSJubyIgYWxsb3c9ImVuY3J5cHRlZC1tZWRpYSAqOyImZ3Q7Jmx0Oy9pZnJhbWUmZ3Q7Jmx0Oy9kaXYmZ3Q7Jmx0Oy9kaXYmZ3Q7Jmx0O2RpdiBjbGFzcz0ibWVkaXVtLWluc2VydC1lbWJlZHMtbWV0YSImZ3Q7Jmx0O3NjcmlwdCB0eXBlPSJ0ZXh0L2pzb24iJmd0O3sidXJsIjoiaHR0cHM6Ly9nZW8uZGFpbHltb3Rpb24uY29tL3BsYXllci94dDVlZS5odG1sP3ZpZGVvPXg5cHhjenUiLCJ0eXBlIjoidmlkZW8iLCJ2ZXJzaW9uIjoiMS4wIiwidGl0bGUiOiJTY2Fsb25pIGNhc2kgcm9tcGUgZW4gbGxhbnRvIGFsIGhhYmxhciBkZSBNZXNzaSIsImF1dGhvciI6IlDDoWdpbmExMiIsImF1dGhvcl91cmwiOiJodHRwczovL3d3dy5kYWlseW1vdGlvbi5jb20vUGFnaW5hMTIiLCJwcm92aWRlcl9uYW1lIjoiRGFpbHltb3Rpb24iLCJkZXNjcmlwdGlvbiI6IlZlciBTY2Fsb25pIGNhc2kgcm9tcGUgZW4gbGxhbnRvIGFsIGhhYmxhciBkZSBNZXNzaSAtIFDDoWdpbmExMiBlbiBEYWlseW1vdGlvbiIsInRodW1ibmFpbF91cmwiOiJodHRwczovL3MyLmRtY2RuLm5ldC92L1oyM3FBMWVrNzg0NHFzcTVRL3g3MjAiLCJ0aHVtYm5haWxfd2lkdGgiOjEyODAsInRodW1ibmFpbF9oZWlnaHQiOjcyMCwiY2FjaGVfYWdlIjo4NjQwMH0mbHQ7L3NjcmlwdCZndDsmbHQ7L2RpdiZndDs=\">\n                <a data-iframely-url=\"\" href=\"https:\/\/geo.dailymotion.com\/player\/xt5ee.html?video=x9pxczu\">https:\/\/geo.dailymotion.com\/player\/xt5ee.html?video=x9pxczu<\/a>\n              <\/div>\n<h2>El equipo contra Venezuela<\/h2>\n<p>\u00ab<i>Ota <\/i><b>(Otamendi)\u00a0<\/b>ayer no entren\u00f3 por unos peque\u00f1os problemas, pero hoy va a estar disponible. Alexis (<b>Mac Allister<\/b>) lleg\u00f3 tarde y no pudo entrenarse, en principio no creo que forme parte del equipo porque casi no entren\u00f3. La idea es poner lo mejor, pero s\u00ed a lo mejor dar la oportunidad a un chico\u00bb, anticip\u00f3 Scaloni.<\/p>\n<p>Tambi\u00e9n se refiri\u00f3 al ca\u00eddo pase del Dibu Mart\u00ednez al Manchester United: <b>\u00abEmiliano est\u00e1 bien, ayer fue su cumplea\u00f1os, estaba alegre<\/b>. L\u00f3gicamente, habr\u00e1 tenido ilusi\u00f3n de jugar en el Manchester, pero es positivo y ya est\u00e1 pensando en nosotros y a la vuelta en su club.<b> Lo vi bien en l\u00edneas generales\u00bb<\/b>, cont\u00f3.\u00a0<\/p>\n<p>Al ser consultado acerca de los convocados del f\u00fatbol local y su comparaci\u00f3n con Europa, Scaloni asegur\u00f3 que <b>\u00abel\u00a0f\u00fatbol argentino es muy competitivo<\/b>. Los que est\u00e1n con nosotros est\u00e1n en condiciones f\u00edsicas y nos pueden aportar, m\u00e1s los que juegan en clubes grandes\u00bb.<\/p>\n<p>Por \u00faltimo, ya entre l\u00e1grimas por el tema Messi, lament\u00f3 la ausencia de <b>Enzo Fern\u00e1ndez<\/b>, a quien destac\u00f3 como una pieza importante del equipo. El volante del Chelsea fue expulsado en la \u00faltima fecha ante Colombia por un brutal planchazo en el rostro de Kevin Casta\u00f1o y <b>recibi\u00f3 dos fechas de suspensi\u00f3n<\/b>.<\/p>\n<h2>La Finalissima y los amistosos previos al Mundial<\/h2>\n<p>\u00abNo es seguro que se juegue. Si Espa\u00f1a no es primera de grupo, no se podr\u00eda jugar en marzo. Hay un interrogante\u00bb, plante\u00f3 en cuanto a la Finalissima. Ya en otras oportunidades,<b> Scaloni se mostr\u00f3 en contra de que se jugara el partido entre los campeones de la Copa Am\u00e9rica y la Eurocopa<\/b>, por la cercan\u00eda con el Mundial.<\/p>\n<p><b><a href=\"https:\/\/www.pagina12.com.ar\/832468-el-motivo-por-el-que-no-se-confirma-cuando-se-va-a-jugar-la-\">La dificultad para establecer una fecha radica en los calendarios<\/a><\/b>. Espa\u00f1a lleg\u00f3 a la final de la \u00faltima Nations League y termin\u00f3 su participaci\u00f3n reci\u00e9n en junio de este a\u00f1o. En el medio se jug\u00f3 el Mundial de Clubes, ahora comenz\u00f3 otra temporada en las ligas locales e internacionales, sin contar que <b>a\u00fan se tienen que jugar las Eliminatorias de la UEFA para clasificar al pr\u00f3ximo Mundial<\/b>.<\/p>\n<p>Ambas selecciones prefer\u00edan que el partido se jugara lo m\u00e1s alejado posible de la fecha de inicio del Mundial. Y es que un encuentro de esa magnitud puede causar un impacto muy fuerte a tan pocos d\u00edas del arranque de la Copa del Mundo. <b>No fue gratis ese 1-6 ante Espa\u00f1a a pocos meses del Mundial 2018<\/b>, cuando Sampaoli era el DT. Los amistosos previos a una Copa del Mundo suelen ser ante selecciones menores, para ajustar detalles y llegar con ritmo, sin hacer esfuerzos f\u00edsicos innecesarios que provoquen lesiones.<\/p>\n<p>Espa\u00f1a competir\u00e1 en el grupo E de las Eliminatorias de la UEFA para clasificar al Mundial 2026. Sus rivales ser\u00e1n Turqu\u00eda, Georgia y Bulgaria. La <i>Furia<\/i> jugar\u00e1 sus seis partidos de la fase de grupos entre septiembre y noviembre. Si bien lo m\u00e1s probable es que termine como l\u00edder, <b>en el caso de que sea escolta, <u>deber\u00e1 jugar el Repechaje y\u00a0<\/u><\/b><u><b>las repescas se jugar\u00e1n del 26 al 31 de marzo de 2026<\/b>.<\/u><\/p>\n<p>De esta manera, ser\u00eda absolutamente imposible que se realizara la Finalissima en las fechas estipuladas, pero tampoco quedar\u00edan otras disponibles.<b> En ese escenario, lo m\u00e1s probable es que el partido nunca se juegue<\/b>.<\/p>\n<p>Scaloni tambi\u00e9n se mostr\u00f3 preocupado por los amistosos previos al Mundial. <b>\u00abTenemos que buscar rivales que quieran venir ac\u00e1<\/b>, que no es f\u00e1cil. Con la Nations League se complic\u00f3 todo. <b>Nos gustar\u00eda jugar un partido ac\u00e1<\/b> (en Argentina)\u00bb, reconoci\u00f3.<\/p>\n<h3>Segu\u00ed leyendo<\/h3>\n<h3\/><!-- Live Blog Post --><\/div>\n<p><a href=\"https:\/\/www.pagina12.com.ar\/854652-lionel-scaloni-manana-va-a-ser-un-partido-emotivo\">source<\/a><\/p>\n","protected":false},"excerpt":{"rendered":"<p>El DT de la selecci\u00f3n argentina, Lionel Scaloni, augur\u00f3\u00a0que el partido de este jueves contra&#8230;<\/p>\n","protected":false},"author":3,"featured_media":23806,"comment_status":"closed","ping_status":"closed","sticky":false,"template":"","format":"standard","meta":{"footnotes":""},"categories":[21],"tags":[],"class_list":["post-23805","post","type-post","status-publish","format-standard","has-post-thumbnail","hentry","category-deportes"],"featured_image_urls":{"full":["https:\/\/fmamiga909.com.ar\/wp-content\/uploads\/2025\/09\/wp-header-logo-32.png",960,540,false],"thumbnail":["https:\/\/fmamiga909.com.ar\/wp-content\/uploads\/2025\/09\/wp-header-logo-32-150x150.png",150,150,true],"medium":["https:\/\/fmamiga909.com.ar\/wp-content\/uploads\/2025\/09\/wp-header-logo-32-300x169.png",300,169,true],"medium_large":["https:\/\/fmamiga909.com.ar\/wp-content\/uploads\/2025\/09\/wp-header-logo-32.png",960,540,false],"large":["https:\/\/fmamiga909.com.ar\/wp-content\/uploads\/2025\/09\/wp-header-logo-32.png",640,360,false],"1536x1536":["https:\/\/fmamiga909.com.ar\/wp-content\/uploads\/2025\/09\/wp-header-logo-32.png",960,540,false],"2048x2048":["https:\/\/fmamiga909.com.ar\/wp-content\/uploads\/2025\/09\/wp-header-logo-32.png",960,540,false],"newsium-slider-full":["https:\/\/fmamiga909.com.ar\/wp-content\/uploads\/2025\/09\/wp-header-logo-32.png",960,540,false],"newsium-featured":["https:\/\/fmamiga909.com.ar\/wp-content\/uploads\/2025\/09\/wp-header-logo-32.png",960,540,false],"newsium-medium":["https:\/\/fmamiga909.com.ar\/wp-content\/uploads\/2025\/09\/wp-header-logo-32-720x475.png",720,475,true]},"author_info":{"display_name":"Fredy Giuliano","author_link":"https:\/\/fmamiga909.com.ar\/?author=3"},"category_info":"<a href=\"https:\/\/fmamiga909.com.ar\/?cat=21\" rel=\"category\">Deportes<\/a>","tag_info":"Deportes","comment_count":"0","_links":{"self":[{"href":"https:\/\/fmamiga909.com.ar\/index.php?rest_route=\/wp\/v2\/posts\/23805","targetHints":{"allow":["GET"]}}],"collection":[{"href":"https:\/\/fmamiga909.com.ar\/index.php?rest_route=\/wp\/v2\/posts"}],"about":[{"href":"https:\/\/fmamiga909.com.ar\/index.php?rest_route=\/wp\/v2\/types\/post"}],"author":[{"embeddable":true,"href":"https:\/\/fmamiga909.com.ar\/index.php?rest_route=\/wp\/v2\/users\/3"}],"replies":[{"embeddable":true,"href":"https:\/\/fmamiga909.com.ar\/index.php?rest_route=%2Fwp%2Fv2%2Fcomments&post=23805"}],"version-history":[{"count":0,"href":"https:\/\/fmamiga909.com.ar\/index.php?rest_route=\/wp\/v2\/posts\/23805\/revisions"}],"wp:featuredmedia":[{"embeddable":true,"href":"https:\/\/fmamiga909.com.ar\/index.php?rest_route=\/wp\/v2\/media\/23806"}],"wp:attachment":[{"href":"https:\/\/fmamiga909.com.ar\/index.php?rest_route=%2Fwp%2Fv2%2Fmedia&parent=23805"}],"wp:term":[{"taxonomy":"category","embeddable":true,"href":"https:\/\/fmamiga909.com.ar\/index.php?rest_route=%2Fwp%2Fv2%2Fcategories&post=23805"},{"taxonomy":"post_tag","embeddable":true,"href":"https:\/\/fmamiga909.com.ar\/index.php?rest_route=%2Fwp%2Fv2%2Ftags&post=23805"}],"curies":[{"name":"wp","href":"https:\/\/api.w.org\/{rel}","templated":true}]}}