{"id":23807,"date":"2025-09-03T18:00:01","date_gmt":"2025-09-03T18:00:01","guid":{"rendered":"https:\/\/fmamiga909.com.ar\/?p=23807"},"modified":"2025-09-03T18:00:01","modified_gmt":"2025-09-03T18:00:01","slug":"colapinto-no-participara-de-la-primera-practica-libre-en-monza","status":"publish","type":"post","link":"https:\/\/fmamiga909.com.ar\/?p=23807","title":{"rendered":"Colapinto no participar\u00e1 de la primera pr\u00e1ctica libre en Monza"},"content":{"rendered":"<div><!-- Body --><\/p>\n<p>Franco Colapinto no tomar\u00e1 parte de la primera pr\u00e1ctica libre del Gran Premio de Italia, ya que Alpine resolvi\u00f3 que su lugar en ese ensayo sea ocupado por el estonio Paul Aron, piloto de reserva de la escuder\u00eda. La medida tiene que ver con el reglamento de la F\u00f3rmula 1, que obliga a las equipos a ceder dos veces el auto a lo largo del a\u00f1o a j\u00f3venes promesas para que tengan contacto con un coche de la m\u00e1xima categor\u00eda.\u00a0\u00a0<\/p>\n<p>Tras conseguir en los Pa\u00edses Bajos su mejor puesto desde que lleg\u00f3 a Alpine, el argentino no formar\u00e1 parte de la primera tanda libre en Monza, circuito en el que debut\u00f3 el a\u00f1o pasado en la F\u00f3rmula 1 a bordo de un Williams. En la teor\u00eda, el italiano no es un circuito que favorezca a los autos franceses ya que la falta de potencia del motor Renault ser\u00e1 un lastre para las largas rectas del m\u00edtico trazado.<\/p>\n<div class=\"iframely-embed medium-embedded-content\" data-html=\"Jmx0O2Jsb2NrcXVvdGUgY2xhc3M9InR3aXR0ZXItdHdlZXQiIGRhdGEtZG50PSJ0cnVlIiBhbGlnbj0iY2VudGVyIiZndDsmbHQ7cCBsYW5nPSJlbiIgZGlyPSJsdHIiJmd0O1N0ZXBwaW5nIGluIGZvciBGUDEgYXQgdGhlICZsdDthIGhyZWY9Imh0dHBzOi8vdHdpdHRlci5jb20vaGFzaHRhZy9JdGFsaWFuR1A\/c3JjPWhhc2gmYW1wO2FtcDtyZWZfc3JjPXR3c3JjJTVFdGZ3IiZndDsjSXRhbGlhbkdQJmx0Oy9hJmd0OyDwn4eu8J+HuSZsdDthIGhyZWY9Imh0dHBzOi8vdHdpdHRlci5jb20vUGF1bEFyb24xNj9yZWZfc3JjPXR3c3JjJTVFdGZ3IiZndDtAUGF1bEFyb24xNiZsdDsvYSZndDsgd2lsbCBtYWtlIGhpcyBmaXJzdCBhcHBlYXJhbmNlIGluIHRoZSBBNTI1IHRoaXMgd2Vla2VuZCwgYXMgcGFydCBvZiBoaXMgUmVzZXJ2ZSBEcml2ZXIgZHV0aWVzIPCfpJ0gJmx0O2EgaHJlZj0iaHR0cHM6Ly90LmNvL2xuN080S0pPMkYiJmd0O3BpYy50d2l0dGVyLmNvbS9sbjdPNEtKTzJGJmx0Oy9hJmd0OyZsdDsvcCZndDsmYW1wO21kYXNoOyBCV1QgQWxwaW5lIEZvcm11bGEgT25lIFRlYW0gKEBBbHBpbmVGMVRlYW0pICZsdDthIGhyZWY9Imh0dHBzOi8vdHdpdHRlci5jb20vQWxwaW5lRjFUZWFtL3N0YXR1cy8xOTYzMjE0MTMxNjcyMDIzMTAxP3JlZl9zcmM9dHdzcmMlNUV0ZnciJmd0O1NlcHRlbWJlciAzLCAyMDI1Jmx0Oy9hJmd0OyZsdDsvYmxvY2txdW90ZSZndDsKJmx0O3NjcmlwdCBhc3luYyBzcmM9Imh0dHBzOi8vcGxhdGZvcm0udHdpdHRlci5jb20vd2lkZ2V0cy5qcyIgY2hhcnNldD0idXRmLTgiJmd0OyZsdDsvc2NyaXB0Jmd0OwoKJmx0O2RpdiBjbGFzcz0ibWVkaXVtLWluc2VydC1lbWJlZHMtbWV0YSImZ3Q7Jmx0O3NjcmlwdCB0eXBlPSJ0ZXh0L2pzb24iJmd0O3sidXJsIjoiaHR0cHM6Ly90d2l0dGVyLmNvbS9BbHBpbmVGMVRlYW0vc3RhdHVzLzE5NjMyMTQxMzE2NzIwMjMxMDEiLCJ0eXBlIjoicmljaCIsInZlcnNpb24iOiIxLjAiLCJ0aXRsZSI6IkJXVCBBbHBpbmUgRm9ybXVsYSBPbmUgVGVhbSBvbiBUd2l0dGVyIC8gWCIsImF1dGhvciI6IkJXVCBBbHBpbmUgRm9ybXVsYSBPbmUgVGVhbSIsImF1dGhvcl91cmwiOiJodHRwczovL3R3aXR0ZXIuY29tL0FscGluZUYxVGVhbSIsInByb3ZpZGVyX25hbWUiOiJUd2l0dGVyIiwiZGVzY3JpcHRpb24iOiJTdGVwcGluZyBpbiBmb3IgRlAxIGF0IHRoZSAjSXRhbGlhbkdQIPCfh67wn4e5QFBhdWxBcm9uMTYgd2lsbCBtYWtlIGhpcyBmaXJzdCBhcHBlYXJhbmNlIGluIHRoZSBBNTI1IHRoaXMgd2Vla2VuZCwgYXMgcGFydCBvZiBoaXMgUmVzZXJ2ZSBEcml2ZXIgZHV0aWVzIPCfpJ0gcGljLnR3aXR0ZXIuY29tL2xuN080S0pPMkbigJQgQldUIEFscGluZSBGb3JtdWxhIE9uZSBUZWFtIChAQWxwaW5lRjFUZWFtKSBTZXB0ZW1iZXIgMywgMjAyNVxuXG5cbiIsInRodW1ibmFpbF91cmwiOiJodHRwczovL3Bicy50d2ltZy5jb20vYW1wbGlmeV92aWRlb190aHVtYi8xOTYzMjExODk1NTI5MjA5ODU2L2ltZy9jOHhJZF9ueGdGRDR6SjB1LmpwZzpsYXJnZSIsInRodW1ibmFpbF93aWR0aCI6MTE1MiwidGh1bWJuYWlsX2hlaWdodCI6MjA0OCwiY2FjaGVfYWdlIjo4NjQwMCwib3B0aW9ucyI6eyJfaGlkZV9tZWRpYSI6eyJsYWJlbCI6IkhpZGUgcGhvdG9zLCB2aWRlb3MsIGFuZCBjYXJkcyIsInZhbHVlIjpmYWxzZX0sIl90aGVtZSI6eyJ2YWx1ZSI6IiIsInZhbHVlcyI6eyJkYXJrIjoiVXNlIGRhcmsgdGhlbWUifX0sIl9tYXh3aWR0aCI6eyJ2YWx1ZSI6IiIsImxhYmVsIjoiQWRqdXN0IHdpZHRoIiwicGxhY2Vob2xkZXIiOiIyMjAtNTUwLCBpbiBweCJ9fX0mbHQ7L3NjcmlwdCZndDsmbHQ7L2RpdiZndDs=\">\n                <a data-iframely-url=\"\" href=\"https:\/\/twitter.com\/AlpineF1Team\/status\/1963214131672023101\">https:\/\/twitter.com\/AlpineF1Team\/status\/1963214131672023101<\/a>\n              <\/div>\n<p>A trav\u00e9s de sus redes sociales, Alpine confirm\u00f3 que Colapinto no participar\u00e1 de la FP1 en Monza, ya que su auto ser\u00e1 ocupado por Paul Aron, piloto reserva de la escuder\u00eda. Ser\u00e1 la primera vez que el estonio maneje el A525 en un Gran Premio oficial, luego de haber sumado experiencia en sesiones previas con un Sauber, como parte de un acuerdo entre ambas escuder\u00edas.<\/p>\n<p>Esta resoluci\u00f3n se debe a la normativa de la F\u00f3rmula 1, que obliga a todos los equipos a otorgar al menos dos pr\u00e1cticas libres por temporada y por cada uno de sus autos a pilotos rookies.\u00a0En el caso del segundo auto de Alpine, ya hab\u00eda cumplido con una sesi\u00f3n con el japon\u00e9s Ryo Hirakawa en lugar del australiano Jack Doohan en Suzuka. Por lo tanto,\u00a0con la decisi\u00f3n de liberar el asiento de Colapinto en Monza, ese auto ya habr\u00e1 cumplido con la reglamentaci\u00f3n, aunque a\u00fan restan dos oportunidades para que lo hagan con el coche de Pierre Gasly hasta que termine la temporada.<\/p>\n<p>De esta manera, para Colapinto la actividad comenzar\u00e1 reci\u00e9n en la FP2 del viernes, con lo cual tendr\u00e1 menos tiempo de preparaci\u00f3n en un circuito tan exigente como el italiano. Sin embargo, la ventaja es que se trata un trazado que ya conoce a la perfecci\u00f3n, en el que complet\u00f3 el Gran Premio del a\u00f1o pasado y en el que logr\u00f3 una de sus victorias m\u00e1s resonantes, cuando en F\u00f3rmula 2 super\u00f3 en la \u00faltima vuelta precisamente a Aron para quedarse con el triunfo.\u00a0<\/p>\n<p>A partir del s\u00e1bado, la actividad para Colapinto ya ser\u00e1 normal, con el desarrollo de la tercera pr\u00e1ctica libre y la clasificaci\u00f3n para la carrera, que ser\u00e1 el domingo a las 10.<\/p>\n<p><!-- Live Blog Post --><\/div>\n<p><script async src=\"\/\/platform.twitter.com\/widgets.js\" charset=\"utf-8\"><\/script><br \/><a href=\"https:\/\/www.pagina12.com.ar\/854669-colapinto-no-participara-de-la-primera-practica-libre-en-mon\">source<\/a><\/p>\n","protected":false},"excerpt":{"rendered":"<p>Franco Colapinto no tomar\u00e1 parte de la primera pr\u00e1ctica libre del Gran Premio de Italia,&#8230;<\/p>\n","protected":false},"author":3,"featured_media":23808,"comment_status":"closed","ping_status":"closed","sticky":false,"template":"","format":"standard","meta":{"footnotes":""},"categories":[21],"tags":[],"class_list":["post-23807","post","type-post","status-publish","format-standard","has-post-thumbnail","hentry","category-deportes"],"featured_image_urls":{"full":["https:\/\/fmamiga909.com.ar\/wp-content\/uploads\/2025\/09\/wp-header-logo-33.png",960,540,false],"thumbnail":["https:\/\/fmamiga909.com.ar\/wp-content\/uploads\/2025\/09\/wp-header-logo-33-150x150.png",150,150,true],"medium":["https:\/\/fmamiga909.com.ar\/wp-content\/uploads\/2025\/09\/wp-header-logo-33-300x169.png",300,169,true],"medium_large":["https:\/\/fmamiga909.com.ar\/wp-content\/uploads\/2025\/09\/wp-header-logo-33.png",960,540,false],"large":["https:\/\/fmamiga909.com.ar\/wp-content\/uploads\/2025\/09\/wp-header-logo-33.png",640,360,false],"1536x1536":["https:\/\/fmamiga909.com.ar\/wp-content\/uploads\/2025\/09\/wp-header-logo-33.png",960,540,false],"2048x2048":["https:\/\/fmamiga909.com.ar\/wp-content\/uploads\/2025\/09\/wp-header-logo-33.png",960,540,false],"newsium-slider-full":["https:\/\/fmamiga909.com.ar\/wp-content\/uploads\/2025\/09\/wp-header-logo-33.png",960,540,false],"newsium-featured":["https:\/\/fmamiga909.com.ar\/wp-content\/uploads\/2025\/09\/wp-header-logo-33.png",960,540,false],"newsium-medium":["https:\/\/fmamiga909.com.ar\/wp-content\/uploads\/2025\/09\/wp-header-logo-33-720x475.png",720,475,true]},"author_info":{"display_name":"Fredy Giuliano","author_link":"https:\/\/fmamiga909.com.ar\/?author=3"},"category_info":"<a href=\"https:\/\/fmamiga909.com.ar\/?cat=21\" rel=\"category\">Deportes<\/a>","tag_info":"Deportes","comment_count":"0","_links":{"self":[{"href":"https:\/\/fmamiga909.com.ar\/index.php?rest_route=\/wp\/v2\/posts\/23807","targetHints":{"allow":["GET"]}}],"collection":[{"href":"https:\/\/fmamiga909.com.ar\/index.php?rest_route=\/wp\/v2\/posts"}],"about":[{"href":"https:\/\/fmamiga909.com.ar\/index.php?rest_route=\/wp\/v2\/types\/post"}],"author":[{"embeddable":true,"href":"https:\/\/fmamiga909.com.ar\/index.php?rest_route=\/wp\/v2\/users\/3"}],"replies":[{"embeddable":true,"href":"https:\/\/fmamiga909.com.ar\/index.php?rest_route=%2Fwp%2Fv2%2Fcomments&post=23807"}],"version-history":[{"count":0,"href":"https:\/\/fmamiga909.com.ar\/index.php?rest_route=\/wp\/v2\/posts\/23807\/revisions"}],"wp:featuredmedia":[{"embeddable":true,"href":"https:\/\/fmamiga909.com.ar\/index.php?rest_route=\/wp\/v2\/media\/23808"}],"wp:attachment":[{"href":"https:\/\/fmamiga909.com.ar\/index.php?rest_route=%2Fwp%2Fv2%2Fmedia&parent=23807"}],"wp:term":[{"taxonomy":"category","embeddable":true,"href":"https:\/\/fmamiga909.com.ar\/index.php?rest_route=%2Fwp%2Fv2%2Fcategories&post=23807"},{"taxonomy":"post_tag","embeddable":true,"href":"https:\/\/fmamiga909.com.ar\/index.php?rest_route=%2Fwp%2Fv2%2Ftags&post=23807"}],"curies":[{"name":"wp","href":"https:\/\/api.w.org\/{rel}","templated":true}]}}