{"id":23811,"date":"2025-09-03T21:26:40","date_gmt":"2025-09-03T21:26:40","guid":{"rendered":"https:\/\/fmamiga909.com.ar\/?p=23811"},"modified":"2025-09-03T21:26:40","modified_gmt":"2025-09-03T21:26:40","slug":"las-protestas-por-gaza-llegaron-a-la-vuelta-a-espana","status":"publish","type":"post","link":"https:\/\/fmamiga909.com.ar\/?p=23811","title":{"rendered":"Las protestas por Gaza llegaron a la Vuelta a Espa\u00f1a"},"content":{"rendered":"<div><!-- Body --><\/p>\n<p>Una protesta contra la participaci\u00f3n del equipo israel\u00ed Israel-Premier Tech en la Vuelta Ciclista a Espa\u00f1a <b>oblig\u00f3 este mi\u00e9rcoles a acortar su und\u00e9cima etapa en Bilbao<\/b> (norte de Espa\u00f1a) por motivos de seguridad y a dejarla sin ganador.<\/p>\n<p>Las protestas se registraron poco despu\u00e9s de que arrancase la etapa<b> desde las inmediaciones del estadio de f\u00fatbol de San Mam\u00e9s<\/b>, si bien las manifestaciones contra el equipo israel\u00ed por la situaci\u00f3n que vive la poblaci\u00f3n palestina en Gaza a ra\u00edz del asedio militar se remontan a cuando la Vuelta lleg\u00f3 a Espa\u00f1a tras partir de Italia el pasado 23 de agosto.<\/p>\n<p><iframe style=\"border: 0px; position: absolute; top: 0px; left: 0px; height: 100%;\" allowfullscreen=\"\" frameborder=\"0\" src=\"https:\/\/www.youtube.com\/embed\/4oZpo54EOyI\"><\/iframe><\/p>\n<p><b>La organizaci\u00f3n decidi\u00f3 situar a tres kil\u00f3metros de la meta en Bilbao el punto de medici\u00f3n <\/b>y se\u00f1al\u00f3 a cambio que iba a haber puntos de la monta\u00f1a y los conseguidos en el esprint intermedio, pero no de la clasificaci\u00f3n general \u00abpor motivos de seguridad\u00bb.<\/p>\n<p>Justo antes de la salida, representantes de los equipos participantes ya hab\u00edan mantenido una reuni\u00f3n con miembros del jurado t\u00e9cnico y de la organizaci\u00f3n <b>para abordar la seguridad en la prueba <\/b>ante las protestas contra la continuidad del equipo Israel-Premier Tech.<\/p>\n<p>La meta en Bilbao se hab\u00eda convertido este mi\u00e9rcoles en escenario de una concurrida protesta <span>en favor de la causa palestina\u00a0<\/span>que <b>hac\u00eda imposible el paso de los corredores<\/b>, con decenas de banderas palestinas que flameaban.\u00a0<\/p>\n<p><iframe style=\"border: 0px; position: absolute; top: 0px; left: 0px; height: 100%;\" allowfullscreen=\"\" frameborder=\"0\" src=\"https:\/\/www.youtube.com\/embed\/Cu-4f13_axQ\"><\/iframe><\/p>\n<p>El 28 de agosto pasado, d\u00eda de una contrarreloj por equipos de Figueres (este de Espa\u00f1a), un grupo propalestino <b>ya hab\u00eda irrumpido en la calzada y obligado al conjunto israel\u00ed a detenerse unos segundos<\/b>.<\/p>\n<p>El pasado martes, al paso por la localidad navarra de Lumbier (norte), varias personas trataron de parar el pelot\u00f3n, aunque finalmente no lo lograron. Y <b>durante varias etapas se han visto innumerables banderas palestinas y pintadas en la carretera a lo largo del recorrido<\/b>.<\/p>\n<p>Kiko Garc\u00eda, director t\u00e9cnico de la Vuelta, considera que \u00abla soluci\u00f3n\u00bb al conflicto que ha estallado en la carrera, las numerosas protestas por la participaci\u00f3n del Israel-Premier Tech que acortaron la etapa de este mi\u00e9rcoles en Bilbao, pasa por que ese conjunto advierta que <b>\u00abestando aqu\u00ed no facilita la seguridad de todos los dem\u00e1s\u00bb<\/b>.<\/p>\n<p><iframe style=\"border: 0px; position: absolute; top: 0px; left: 0px; height: 100%;\" allowfullscreen=\"\" frameborder=\"0\" src=\"https:\/\/www.youtube.com\/embed\/dutOfeyyXXI\"><\/iframe><\/p>\n<p>La Vuelta a Espa\u00f1a, liderada actualmente por el dan\u00e9s Jonas Vingegaard (Visma), <b>es una de las grandes pruebas ciclistas del calendario mundial<\/b>, junto al Tour de Francia y el Giro de Italia.\u00a0<\/p>\n<p><!-- Live Blog Post --><\/div>\n<p><a href=\"https:\/\/www.pagina12.com.ar\/854727-las-protestas-por-gaza-llegaron-a-la-vuelta-a-espana\">source<\/a><\/p>\n","protected":false},"excerpt":{"rendered":"<p>Una protesta contra la participaci\u00f3n del equipo israel\u00ed Israel-Premier Tech en la Vuelta Ciclista a&#8230;<\/p>\n","protected":false},"author":3,"featured_media":23812,"comment_status":"closed","ping_status":"closed","sticky":false,"template":"","format":"standard","meta":{"footnotes":""},"categories":[21],"tags":[],"class_list":["post-23811","post","type-post","status-publish","format-standard","has-post-thumbnail","hentry","category-deportes"],"featured_image_urls":{"full":["https:\/\/fmamiga909.com.ar\/wp-content\/uploads\/2025\/09\/wp-header-logo-35.png",960,540,false],"thumbnail":["https:\/\/fmamiga909.com.ar\/wp-content\/uploads\/2025\/09\/wp-header-logo-35-150x150.png",150,150,true],"medium":["https:\/\/fmamiga909.com.ar\/wp-content\/uploads\/2025\/09\/wp-header-logo-35-300x169.png",300,169,true],"medium_large":["https:\/\/fmamiga909.com.ar\/wp-content\/uploads\/2025\/09\/wp-header-logo-35.png",960,540,false],"large":["https:\/\/fmamiga909.com.ar\/wp-content\/uploads\/2025\/09\/wp-header-logo-35.png",640,360,false],"1536x1536":["https:\/\/fmamiga909.com.ar\/wp-content\/uploads\/2025\/09\/wp-header-logo-35.png",960,540,false],"2048x2048":["https:\/\/fmamiga909.com.ar\/wp-content\/uploads\/2025\/09\/wp-header-logo-35.png",960,540,false],"newsium-slider-full":["https:\/\/fmamiga909.com.ar\/wp-content\/uploads\/2025\/09\/wp-header-logo-35.png",960,540,false],"newsium-featured":["https:\/\/fmamiga909.com.ar\/wp-content\/uploads\/2025\/09\/wp-header-logo-35.png",960,540,false],"newsium-medium":["https:\/\/fmamiga909.com.ar\/wp-content\/uploads\/2025\/09\/wp-header-logo-35-720x475.png",720,475,true]},"author_info":{"display_name":"Fredy Giuliano","author_link":"https:\/\/fmamiga909.com.ar\/?author=3"},"category_info":"<a href=\"https:\/\/fmamiga909.com.ar\/?cat=21\" rel=\"category\">Deportes<\/a>","tag_info":"Deportes","comment_count":"0","_links":{"self":[{"href":"https:\/\/fmamiga909.com.ar\/index.php?rest_route=\/wp\/v2\/posts\/23811","targetHints":{"allow":["GET"]}}],"collection":[{"href":"https:\/\/fmamiga909.com.ar\/index.php?rest_route=\/wp\/v2\/posts"}],"about":[{"href":"https:\/\/fmamiga909.com.ar\/index.php?rest_route=\/wp\/v2\/types\/post"}],"author":[{"embeddable":true,"href":"https:\/\/fmamiga909.com.ar\/index.php?rest_route=\/wp\/v2\/users\/3"}],"replies":[{"embeddable":true,"href":"https:\/\/fmamiga909.com.ar\/index.php?rest_route=%2Fwp%2Fv2%2Fcomments&post=23811"}],"version-history":[{"count":0,"href":"https:\/\/fmamiga909.com.ar\/index.php?rest_route=\/wp\/v2\/posts\/23811\/revisions"}],"wp:featuredmedia":[{"embeddable":true,"href":"https:\/\/fmamiga909.com.ar\/index.php?rest_route=\/wp\/v2\/media\/23812"}],"wp:attachment":[{"href":"https:\/\/fmamiga909.com.ar\/index.php?rest_route=%2Fwp%2Fv2%2Fmedia&parent=23811"}],"wp:term":[{"taxonomy":"category","embeddable":true,"href":"https:\/\/fmamiga909.com.ar\/index.php?rest_route=%2Fwp%2Fv2%2Fcategories&post=23811"},{"taxonomy":"post_tag","embeddable":true,"href":"https:\/\/fmamiga909.com.ar\/index.php?rest_route=%2Fwp%2Fv2%2Ftags&post=23811"}],"curies":[{"name":"wp","href":"https:\/\/api.w.org\/{rel}","templated":true}]}}