{"id":23813,"date":"2025-09-03T22:01:39","date_gmt":"2025-09-03T22:01:39","guid":{"rendered":"https:\/\/fmamiga909.com.ar\/?p=23813"},"modified":"2025-09-03T22:01:39","modified_gmt":"2025-09-03T22:01:39","slug":"proyecto-para-declarar-de-interes-general-las-transmisiones-del-mundial-2026","status":"publish","type":"post","link":"https:\/\/fmamiga909.com.ar\/?p=23813","title":{"rendered":"Proyecto para declarar de inter\u00e9s general las transmisiones del Mundial 2026"},"content":{"rendered":"<div><!-- Body --><\/p>\n<p>El bloque de senadores que responde a la conducci\u00f3n de <b>Cristina Fern\u00e1ndez de Kirchner<\/b> present\u00f3 <b>un proyecto de ley que declara de inter\u00e9s general los contenidos audiovisuales de la Copa del Mundo de F\u00fatbol de 2026 y garantiza el acceso libre y gratuito a los mismos en todo el territorio nacional en su calidad de bienes culturales.<\/b><\/p>\n<p>Con el impulso del senador nacional Oscar Parrilli y la firma de otros ocho integrantes de la bancada, el proyecto es una <b>respuesta a la decisi\u00f3n pol\u00edtica del gobierno nacional de no adquirir los derechos de transmisi\u00f3n del pr\u00f3ximo Mundial para los medios estatales<\/b>\u00a0alegando restricciones presupuestarias.\u00a0<\/p>\n<p>De acuerdo al mismo, <b>el evento deber\u00eda transmitirse a trav\u00e9s de las emisoras que forman Radio y Televisi\u00f3n Argentina Sociedad del Estado (Canal 7 y Radio Nacional) y por la Televisi\u00f3n Digital Abierta siempre de modo gratuito e incluyendo todos los partidos de la Selecci\u00f3n Argentina <\/b>y al menos la tercera parte del resto de los encuentros del Mundial a disputarse en Estados Unidos, Canad\u00e1 y M\u00e9xico entre el 11 de junio y el 18 de julio del a\u00f1o venidero.<\/p>\n<p>Cubiertos los costos de producci\u00f3n, los beneficios econ\u00f3micos que arrojen estas emisiones deber\u00e1n volcarse, siempre de acuerdo al proyecto presentado, <b>el cincuenta por ciento a la construcci\u00f3n de infraestructura deportiva infanto juvenil <\/b>en poblaciones vulnerables y el veinte por ciento al financiamiento de Radio y Televisi\u00f3n del Estado.<\/p>\n<p><!-- Live Blog Post --><\/div>\n<p><a href=\"https:\/\/www.pagina12.com.ar\/854758-proyecto-para-declarar-de-interes-general-las-transmisiones-\">source<\/a><\/p>\n","protected":false},"excerpt":{"rendered":"<p>El bloque de senadores que responde a la conducci\u00f3n de Cristina Fern\u00e1ndez de Kirchner present\u00f3&#8230;<\/p>\n","protected":false},"author":3,"featured_media":23814,"comment_status":"closed","ping_status":"closed","sticky":false,"template":"","format":"standard","meta":{"footnotes":""},"categories":[21],"tags":[],"class_list":["post-23813","post","type-post","status-publish","format-standard","has-post-thumbnail","hentry","category-deportes"],"featured_image_urls":{"full":["https:\/\/fmamiga909.com.ar\/wp-content\/uploads\/2025\/09\/wp-header-logo-36.png",960,540,false],"thumbnail":["https:\/\/fmamiga909.com.ar\/wp-content\/uploads\/2025\/09\/wp-header-logo-36-150x150.png",150,150,true],"medium":["https:\/\/fmamiga909.com.ar\/wp-content\/uploads\/2025\/09\/wp-header-logo-36-300x169.png",300,169,true],"medium_large":["https:\/\/fmamiga909.com.ar\/wp-content\/uploads\/2025\/09\/wp-header-logo-36.png",960,540,false],"large":["https:\/\/fmamiga909.com.ar\/wp-content\/uploads\/2025\/09\/wp-header-logo-36.png",640,360,false],"1536x1536":["https:\/\/fmamiga909.com.ar\/wp-content\/uploads\/2025\/09\/wp-header-logo-36.png",960,540,false],"2048x2048":["https:\/\/fmamiga909.com.ar\/wp-content\/uploads\/2025\/09\/wp-header-logo-36.png",960,540,false],"newsium-slider-full":["https:\/\/fmamiga909.com.ar\/wp-content\/uploads\/2025\/09\/wp-header-logo-36.png",960,540,false],"newsium-featured":["https:\/\/fmamiga909.com.ar\/wp-content\/uploads\/2025\/09\/wp-header-logo-36.png",960,540,false],"newsium-medium":["https:\/\/fmamiga909.com.ar\/wp-content\/uploads\/2025\/09\/wp-header-logo-36-720x475.png",720,475,true]},"author_info":{"display_name":"Fredy Giuliano","author_link":"https:\/\/fmamiga909.com.ar\/?author=3"},"category_info":"<a href=\"https:\/\/fmamiga909.com.ar\/?cat=21\" rel=\"category\">Deportes<\/a>","tag_info":"Deportes","comment_count":"0","_links":{"self":[{"href":"https:\/\/fmamiga909.com.ar\/index.php?rest_route=\/wp\/v2\/posts\/23813","targetHints":{"allow":["GET"]}}],"collection":[{"href":"https:\/\/fmamiga909.com.ar\/index.php?rest_route=\/wp\/v2\/posts"}],"about":[{"href":"https:\/\/fmamiga909.com.ar\/index.php?rest_route=\/wp\/v2\/types\/post"}],"author":[{"embeddable":true,"href":"https:\/\/fmamiga909.com.ar\/index.php?rest_route=\/wp\/v2\/users\/3"}],"replies":[{"embeddable":true,"href":"https:\/\/fmamiga909.com.ar\/index.php?rest_route=%2Fwp%2Fv2%2Fcomments&post=23813"}],"version-history":[{"count":0,"href":"https:\/\/fmamiga909.com.ar\/index.php?rest_route=\/wp\/v2\/posts\/23813\/revisions"}],"wp:featuredmedia":[{"embeddable":true,"href":"https:\/\/fmamiga909.com.ar\/index.php?rest_route=\/wp\/v2\/media\/23814"}],"wp:attachment":[{"href":"https:\/\/fmamiga909.com.ar\/index.php?rest_route=%2Fwp%2Fv2%2Fmedia&parent=23813"}],"wp:term":[{"taxonomy":"category","embeddable":true,"href":"https:\/\/fmamiga909.com.ar\/index.php?rest_route=%2Fwp%2Fv2%2Fcategories&post=23813"},{"taxonomy":"post_tag","embeddable":true,"href":"https:\/\/fmamiga909.com.ar\/index.php?rest_route=%2Fwp%2Fv2%2Ftags&post=23813"}],"curies":[{"name":"wp","href":"https:\/\/api.w.org\/{rel}","templated":true}]}}