{"id":23825,"date":"2025-09-04T15:50:36","date_gmt":"2025-09-04T15:50:36","guid":{"rendered":"https:\/\/fmamiga909.com.ar\/?p=23825"},"modified":"2025-09-04T15:50:36","modified_gmt":"2025-09-04T15:50:36","slug":"palermo-llego-a-brasil-para-salvar-a-fortaleza","status":"publish","type":"post","link":"https:\/\/fmamiga909.com.ar\/?p=23825","title":{"rendered":"Palermo lleg\u00f3 a Brasil para salvar a Fortaleza"},"content":{"rendered":"<div><!-- Body --><\/p>\n<p>Mart\u00edn Palermo volver\u00e1 al ruedo: el hist\u00f3rico exgoleador de Boca fue oficializado como el nuevo director t\u00e9cnico de Fortaleza, en lo que ser\u00e1 su primera experiencia en el f\u00fatbol brasile\u00f1o. El v\u00ednculo con su nuevo equipo se extender\u00e1 hasta diciembre de 2025, con la posibilidad de una renovaci\u00f3n tras el final de la temporada.<\/p>\n<p>Tras su salida de Olimpia, Palermo estaba esperando alguna buena oferta, y ese ofrecimiento lleg\u00f3 de Brasil, sin mucho margen para conocer al plantel: su debut ser\u00e1 el s\u00e1bado el 13 de septiembre en el Arena Castel\u00e3o, frente a Vit\u00f3ria, por la jornada 23 del Brasileirao.<\/p>\n<div class=\"iframely-embed medium-embedded-content\" data-html=\"Jmx0O2Jsb2NrcXVvdGUgY2xhc3M9InR3aXR0ZXItdHdlZXQiIGRhdGEtZG50PSJ0cnVlIiBhbGlnbj0iY2VudGVyIiZndDsmbHQ7cCBsYW5nPSJwdCIgZGlyPSJsdHIiJmd0O1NlamEgbXVpdG8gYmVtLXZpbmRvLCBNYXJ0w61uIFBhbGVybW8hIPCfkYrwn6aB8J+HpvCfh7cmbHQ7YSBocmVmPSJodHRwczovL3R3aXR0ZXIuY29tL2hhc2h0YWcvRm9ydGFsZXphRUM\/c3JjPWhhc2gmYW1wO2FtcDtyZWZfc3JjPXR3c3JjJTVFdGZ3IiZndDsjRm9ydGFsZXphRUMmbHQ7L2EmZ3Q7ICZsdDthIGhyZWY9Imh0dHBzOi8vdC5jby9wbzV3ZFZYMnNzIiZndDtwaWMudHdpdHRlci5jb20vcG81d2RWWDJzcyZsdDsvYSZndDsmbHQ7L3AmZ3Q7JmFtcDttZGFzaDsgRm9ydGFsZXphIEVzcG9ydGUgQ2x1YmUg8J+mgSAoQEZvcnRhbGV6YUVDKSAmbHQ7YSBocmVmPSJodHRwczovL3R3aXR0ZXIuY29tL0ZvcnRhbGV6YUVDL3N0YXR1cy8xOTYzNDMwMTQwMzQxMzA1NTQyP3JlZl9zcmM9dHdzcmMlNUV0ZnciJmd0O1NlcHRlbWJlciA0LCAyMDI1Jmx0Oy9hJmd0OyZsdDsvYmxvY2txdW90ZSZndDsKJmx0O3NjcmlwdCBhc3luYyBzcmM9Imh0dHBzOi8vcGxhdGZvcm0udHdpdHRlci5jb20vd2lkZ2V0cy5qcyIgY2hhcnNldD0idXRmLTgiJmd0OyZsdDsvc2NyaXB0Jmd0OwoKJmx0O2RpdiBjbGFzcz0ibWVkaXVtLWluc2VydC1lbWJlZHMtbWV0YSImZ3Q7Jmx0O3NjcmlwdCB0eXBlPSJ0ZXh0L2pzb24iJmd0O3sidXJsIjoiaHR0cHM6Ly90d2l0dGVyLmNvbS9Gb3J0YWxlemFFQy9zdGF0dXMvMTk2MzQzMDE0MDM0MTMwNTU0MiIsInR5cGUiOiJyaWNoIiwidmVyc2lvbiI6IjEuMCIsInRpdGxlIjoiRm9ydGFsZXphIEVzcG9ydGUgQ2x1YmUg8J+mgSBvbiBUd2l0dGVyIC8gWCIsImF1dGhvciI6IkZvcnRhbGV6YSBFc3BvcnRlIENsdWJlIPCfpoEiLCJhdXRob3JfdXJsIjoiaHR0cHM6Ly90d2l0dGVyLmNvbS9Gb3J0YWxlemFFQyIsInByb3ZpZGVyX25hbWUiOiJUd2l0dGVyIiwiZGVzY3JpcHRpb24iOiJTZWphIG11aXRvIGJlbS12aW5kbywgTWFydMOtbiBQYWxlcm1vISDwn5GK8J+mgfCfh6bwn4e3I0ZvcnRhbGV6YUVDIHBpYy50d2l0dGVyLmNvbS9wbzV3ZFZYMnNz4oCUIEZvcnRhbGV6YSBFc3BvcnRlIENsdWJlIPCfpoEgKEBGb3J0YWxlemFFQykgU2VwdGVtYmVyIDQsIDIwMjVcblxuXG4iLCJ0aHVtYm5haWxfdXJsIjoiaHR0cHM6Ly9wYnMudHdpbWcuY29tL21lZGlhL0d6LUJUVTVYSUFBQW85dC5qcGc6bGFyZ2UiLCJ0aHVtYm5haWxfd2lkdGgiOjEwODAsInRodW1ibmFpbF9oZWlnaHQiOjEzNTAsImNhY2hlX2FnZSI6ODY0MDAsIm9wdGlvbnMiOnsiX2hpZGVfbWVkaWEiOnsibGFiZWwiOiJIaWRlIHBob3RvcywgdmlkZW9zLCBhbmQgY2FyZHMiLCJ2YWx1ZSI6ZmFsc2V9LCJfdGhlbWUiOnsidmFsdWUiOiIiLCJ2YWx1ZXMiOnsiZGFyayI6IlVzZSBkYXJrIHRoZW1lIn19LCJfbWF4d2lkdGgiOnsidmFsdWUiOiIiLCJsYWJlbCI6IkFkanVzdCB3aWR0aCIsInBsYWNlaG9sZGVyIjoiMjIwLTU1MCwgaW4gcHgifX19Jmx0Oy9zY3JpcHQmZ3Q7Jmx0Oy9kaXYmZ3Q7\">\n                <a data-iframely-url=\"\" href=\"https:\/\/twitter.com\/FortalezaEC\/status\/1963430140341305542\">https:\/\/twitter.com\/FortalezaEC\/status\/1963430140341305542<\/a>\n              <\/div>\n<p>Palermo llegar\u00e1 al nordeste braisile\u00f1o acompa\u00f1ado de un cuerpo t\u00e9cnico \u00edntegramente argentino, compuesto por Diego Cagna y Cristian Dami\u00e1n Leyes como asistentes, con Gast\u00f3n Mendoza y Esteban Herreralos como preparadores f\u00edsicos, y el analista Renato Cornejo. La presentaci\u00f3n oficial del entrenador y sus colaboradores se llevar\u00e1 a cabo en el Centro de Excelencia Alcides Santos en los pr\u00f3ximos d\u00edas.<\/p>\n<p>Desde la dirigencia de Fortaleza remarcaron la importancia de contar con un nombre de peso para afrontar el desaf\u00edo de la permanencia, ya que se encuentra en zona de descenso, a siete puntos de los puestos de salvaci\u00f3n. \u201cBusc\u00e1bamos un entrenador que impactara en el vestuario, un profesional respetado y con una trayectoria en constante crecimiento. Palermo comprendi\u00f3 la situaci\u00f3n actual de Fortaleza, el desaf\u00edo que enfrentamos y la necesidad de un equipo que luche cada bal\u00f3n, defienda bien, gane partidos y sume puntos\u201d, expres\u00f3 Marcelo Paz, director ejecutivo del club, en el comunicado oficial.<\/p>\n<p>El arribo del \u201cTit\u00e1n\u201d se produce tras la salida de Renato Paiva, que apenas dirigi\u00f3 diez encuentros, con saldo negativo: eliminaci\u00f3n en octavos de final de la Copa Libertadores ante V\u00e9lez y un flojo rendimiento en el torneo local Palermo asumir\u00e1 la conducci\u00f3n de un plantel que hoy ocupa la ante\u00faltima posici\u00f3n de la tabla con 15 puntos, solo por encima de Sport Recife (10). El choque ante Vit\u00f3ria, que pelea directamente por la permanencia con 22 unidades, ser\u00e1 clave en la lucha por la salvaci\u00f3n.<\/p>\n<p>Con pasos como entrenador por Godoy Cruz, Arsenal, Aldosivi y Platense en la Argentina, adem\u00e1s de experiencias en Uni\u00f3n Espa\u00f1ola y Curic\u00f3 Unido (Chile), Pachuca (M\u00e9xico) y Olimpia (Paraguay), donde consigui\u00f3 su \u00fanico t\u00edtulo hasta el momento, Palermo se enfrenta ahora ante uno de los mayores retos de su carrera, en un equipo que el a\u00f1o pasado hizo una gran campa\u00f1a tanto a nivel local como internacional.<\/p>\n<p><!-- Live Blog Post --><\/div>\n<p><script async src=\"\/\/platform.twitter.com\/widgets.js\" charset=\"utf-8\"><\/script><br \/><a href=\"https:\/\/www.pagina12.com.ar\/854931-palermo-llego-a-brasil-para-salvar-a-fortaleza\">source<\/a><\/p>\n","protected":false},"excerpt":{"rendered":"<p>Mart\u00edn Palermo volver\u00e1 al ruedo: el hist\u00f3rico exgoleador de Boca fue oficializado como el nuevo&#8230;<\/p>\n","protected":false},"author":3,"featured_media":23826,"comment_status":"closed","ping_status":"closed","sticky":false,"template":"","format":"standard","meta":{"footnotes":""},"categories":[21],"tags":[],"class_list":["post-23825","post","type-post","status-publish","format-standard","has-post-thumbnail","hentry","category-deportes"],"featured_image_urls":{"full":["https:\/\/fmamiga909.com.ar\/wp-content\/uploads\/2025\/09\/wp-header-logo-42.png",960,540,false],"thumbnail":["https:\/\/fmamiga909.com.ar\/wp-content\/uploads\/2025\/09\/wp-header-logo-42-150x150.png",150,150,true],"medium":["https:\/\/fmamiga909.com.ar\/wp-content\/uploads\/2025\/09\/wp-header-logo-42-300x169.png",300,169,true],"medium_large":["https:\/\/fmamiga909.com.ar\/wp-content\/uploads\/2025\/09\/wp-header-logo-42.png",960,540,false],"large":["https:\/\/fmamiga909.com.ar\/wp-content\/uploads\/2025\/09\/wp-header-logo-42.png",640,360,false],"1536x1536":["https:\/\/fmamiga909.com.ar\/wp-content\/uploads\/2025\/09\/wp-header-logo-42.png",960,540,false],"2048x2048":["https:\/\/fmamiga909.com.ar\/wp-content\/uploads\/2025\/09\/wp-header-logo-42.png",960,540,false],"newsium-slider-full":["https:\/\/fmamiga909.com.ar\/wp-content\/uploads\/2025\/09\/wp-header-logo-42.png",960,540,false],"newsium-featured":["https:\/\/fmamiga909.com.ar\/wp-content\/uploads\/2025\/09\/wp-header-logo-42.png",960,540,false],"newsium-medium":["https:\/\/fmamiga909.com.ar\/wp-content\/uploads\/2025\/09\/wp-header-logo-42-720x475.png",720,475,true]},"author_info":{"display_name":"Fredy Giuliano","author_link":"https:\/\/fmamiga909.com.ar\/?author=3"},"category_info":"<a href=\"https:\/\/fmamiga909.com.ar\/?cat=21\" rel=\"category\">Deportes<\/a>","tag_info":"Deportes","comment_count":"0","_links":{"self":[{"href":"https:\/\/fmamiga909.com.ar\/index.php?rest_route=\/wp\/v2\/posts\/23825","targetHints":{"allow":["GET"]}}],"collection":[{"href":"https:\/\/fmamiga909.com.ar\/index.php?rest_route=\/wp\/v2\/posts"}],"about":[{"href":"https:\/\/fmamiga909.com.ar\/index.php?rest_route=\/wp\/v2\/types\/post"}],"author":[{"embeddable":true,"href":"https:\/\/fmamiga909.com.ar\/index.php?rest_route=\/wp\/v2\/users\/3"}],"replies":[{"embeddable":true,"href":"https:\/\/fmamiga909.com.ar\/index.php?rest_route=%2Fwp%2Fv2%2Fcomments&post=23825"}],"version-history":[{"count":0,"href":"https:\/\/fmamiga909.com.ar\/index.php?rest_route=\/wp\/v2\/posts\/23825\/revisions"}],"wp:featuredmedia":[{"embeddable":true,"href":"https:\/\/fmamiga909.com.ar\/index.php?rest_route=\/wp\/v2\/media\/23826"}],"wp:attachment":[{"href":"https:\/\/fmamiga909.com.ar\/index.php?rest_route=%2Fwp%2Fv2%2Fmedia&parent=23825"}],"wp:term":[{"taxonomy":"category","embeddable":true,"href":"https:\/\/fmamiga909.com.ar\/index.php?rest_route=%2Fwp%2Fv2%2Fcategories&post=23825"},{"taxonomy":"post_tag","embeddable":true,"href":"https:\/\/fmamiga909.com.ar\/index.php?rest_route=%2Fwp%2Fv2%2Ftags&post=23825"}],"curies":[{"name":"wp","href":"https:\/\/api.w.org\/{rel}","templated":true}]}}