{"id":23827,"date":"2025-09-04T16:45:49","date_gmt":"2025-09-04T16:45:49","guid":{"rendered":"https:\/\/fmamiga909.com.ar\/?p=23827"},"modified":"2025-09-04T16:45:49","modified_gmt":"2025-09-04T16:45:49","slug":"paul-aron-estoy-muy-emocionado-por-esta-oportunidad","status":"publish","type":"post","link":"https:\/\/fmamiga909.com.ar\/?p=23827","title":{"rendered":"Paul Aron: &quot;Estoy muy emocionado por esta oportunidad&quot;"},"content":{"rendered":"<div><!-- Body --><\/p>\n<p>Paul Aron, el piloto estonio que reemplazar\u00e1 a Franco Colapinto en la primera pr\u00e1ctica libre del Gran Premio de Italia de F\u00f3rmula 1, se mostr\u00f3 entusiasmado con la chance de girar por primera vez en un Alpine durante una sesi\u00f3n oficial de la m\u00e1xima categor\u00eda.\u00a0<\/p>\n<p>En el primer ensayo libre de este viernes, el piloto de reserva de la escuder\u00eda francesa reemplazar\u00e1 a Colapinto para cumplir as\u00ed con la normativa que exige a las escuder\u00edas ceder dos veces a cada auto durante la temporada a pilotos novatos.\u00a0<\/p>\n<p>En su llegada a Monza, Aron no ocult\u00f3 su entusiasmo por esta chance, que ser\u00e1 la primera en el equipo franc\u00e9s. \u201cEs una carrera importante para el equipo y, por supuesto, para m\u00ed, tener la oportunidad de correr la FP1 en un fin de semana como este tambi\u00e9n es una gran oportunidad\u201d, expres\u00f3 el estonio de 21 a\u00f1os. \u201cEstoy muy emocionado y feliz de ponerme a trabajar hoy para prepararme para ma\u00f1ana y tener un viernes un poco diferente a lo habitual este a\u00f1o\u201d, complet\u00f3.<\/p>\n<p>Luego de esta participaci\u00f3n de Aron en la FP1, Colapinto recuperar\u00e1 su lugar en el monoplaza para la FP2 y para completar el resto del fin de semana. Para Aron ser\u00e1 la tercera experiencia similar, ya que a partir de un acuerdo entre Alpine y Sauber, pudo girar en las primeras tandas en Silverstone y Hungr\u00eda.<\/p>\n<p><!-- Live Blog Post --><\/div>\n<p><a href=\"https:\/\/www.pagina12.com.ar\/854968-paul-aron-estoy-muy-emocionado-por-esta-oportunidad\">source<\/a><\/p>\n","protected":false},"excerpt":{"rendered":"<p>Paul Aron, el piloto estonio que reemplazar\u00e1 a Franco Colapinto en la primera pr\u00e1ctica libre&#8230;<\/p>\n","protected":false},"author":3,"featured_media":23828,"comment_status":"closed","ping_status":"closed","sticky":false,"template":"","format":"standard","meta":{"footnotes":""},"categories":[21],"tags":[],"class_list":["post-23827","post","type-post","status-publish","format-standard","has-post-thumbnail","hentry","category-deportes"],"featured_image_urls":{"full":["https:\/\/fmamiga909.com.ar\/wp-content\/uploads\/2025\/09\/wp-header-logo-43.png",960,540,false],"thumbnail":["https:\/\/fmamiga909.com.ar\/wp-content\/uploads\/2025\/09\/wp-header-logo-43-150x150.png",150,150,true],"medium":["https:\/\/fmamiga909.com.ar\/wp-content\/uploads\/2025\/09\/wp-header-logo-43-300x169.png",300,169,true],"medium_large":["https:\/\/fmamiga909.com.ar\/wp-content\/uploads\/2025\/09\/wp-header-logo-43.png",960,540,false],"large":["https:\/\/fmamiga909.com.ar\/wp-content\/uploads\/2025\/09\/wp-header-logo-43.png",640,360,false],"1536x1536":["https:\/\/fmamiga909.com.ar\/wp-content\/uploads\/2025\/09\/wp-header-logo-43.png",960,540,false],"2048x2048":["https:\/\/fmamiga909.com.ar\/wp-content\/uploads\/2025\/09\/wp-header-logo-43.png",960,540,false],"newsium-slider-full":["https:\/\/fmamiga909.com.ar\/wp-content\/uploads\/2025\/09\/wp-header-logo-43.png",960,540,false],"newsium-featured":["https:\/\/fmamiga909.com.ar\/wp-content\/uploads\/2025\/09\/wp-header-logo-43.png",960,540,false],"newsium-medium":["https:\/\/fmamiga909.com.ar\/wp-content\/uploads\/2025\/09\/wp-header-logo-43-720x475.png",720,475,true]},"author_info":{"display_name":"Fredy Giuliano","author_link":"https:\/\/fmamiga909.com.ar\/?author=3"},"category_info":"<a href=\"https:\/\/fmamiga909.com.ar\/?cat=21\" rel=\"category\">Deportes<\/a>","tag_info":"Deportes","comment_count":"0","_links":{"self":[{"href":"https:\/\/fmamiga909.com.ar\/index.php?rest_route=\/wp\/v2\/posts\/23827","targetHints":{"allow":["GET"]}}],"collection":[{"href":"https:\/\/fmamiga909.com.ar\/index.php?rest_route=\/wp\/v2\/posts"}],"about":[{"href":"https:\/\/fmamiga909.com.ar\/index.php?rest_route=\/wp\/v2\/types\/post"}],"author":[{"embeddable":true,"href":"https:\/\/fmamiga909.com.ar\/index.php?rest_route=\/wp\/v2\/users\/3"}],"replies":[{"embeddable":true,"href":"https:\/\/fmamiga909.com.ar\/index.php?rest_route=%2Fwp%2Fv2%2Fcomments&post=23827"}],"version-history":[{"count":0,"href":"https:\/\/fmamiga909.com.ar\/index.php?rest_route=\/wp\/v2\/posts\/23827\/revisions"}],"wp:featuredmedia":[{"embeddable":true,"href":"https:\/\/fmamiga909.com.ar\/index.php?rest_route=\/wp\/v2\/media\/23828"}],"wp:attachment":[{"href":"https:\/\/fmamiga909.com.ar\/index.php?rest_route=%2Fwp%2Fv2%2Fmedia&parent=23827"}],"wp:term":[{"taxonomy":"category","embeddable":true,"href":"https:\/\/fmamiga909.com.ar\/index.php?rest_route=%2Fwp%2Fv2%2Fcategories&post=23827"},{"taxonomy":"post_tag","embeddable":true,"href":"https:\/\/fmamiga909.com.ar\/index.php?rest_route=%2Fwp%2Fv2%2Ftags&post=23827"}],"curies":[{"name":"wp","href":"https:\/\/api.w.org\/{rel}","templated":true}]}}