{"id":23831,"date":"2025-09-04T22:30:35","date_gmt":"2025-09-04T22:30:35","guid":{"rendered":"https:\/\/fmamiga909.com.ar\/?p=23831"},"modified":"2025-09-04T22:30:35","modified_gmt":"2025-09-04T22:30:35","slug":"una-historia-intensa-y-veloz-monza-75-veces-presente-en-la-formula-1","status":"publish","type":"post","link":"https:\/\/fmamiga909.com.ar\/?p=23831","title":{"rendered":"Una historia intensa y veloz: Monza, 75 veces presente en la F\u00f3rmula 1"},"content":{"rendered":"<div><!-- Body --><\/p>\n<p>El Templo de la Velocidad celebra su m\u00edtica gloria junto a la F\u00f3rmula 1: <b>cuando se desarrolle el Gran Premio de Italia este fin de semana, el evento cumplir\u00e1 su edici\u00f3n n\u00famero 75 realizada en el \u201cAutodromo Nazionale Monza\u201d<\/b>, la misma cifra que este a\u00f1o le hace honor al cumplea\u00f1os del Gran Circo. Solo en 1980 no se llev\u00f3 a cabo all\u00ed: aquella temporada se hizo en Imola. \u00bfPor qu\u00e9 no evocar, entonces, algo de la grandiosa historia del <b>circuito que m\u00e1s veces ofici\u00f3 de escenario de la m\u00e1xima categor\u00eda del automovilismo mundial<\/b>?<\/p>\n<p>Si un art\u00edculo period\u00edstico puede albergar solo un pu\u00f1ado de la riqu\u00edsima historia que habita en estos tres cuartos de siglo de vida de Monza en la F\u00f3rmula 1, la propuesta arbitraria de esta cronista es rendirle tributo con un viaje en el tiempo a algunos de los momentos m\u00e1s importantes que los pilotos argentinos vivieron all\u00ed durante ese lapso cronol\u00f3gico. Para comenzar ese repaso, bien vale detallar el dato m\u00e1s importante: <b>de los 23 argentinos que han corrido en la M\u00e1xima, s\u00f3lo once lo hicieron en Monza por un Gran Premio de la F\u00f3rmula 1. Fueron Juan Manuel Fangio, Jos\u00e9 Froil\u00e1n Gonz\u00e1lez, Onofre Marim\u00f3n, Roberto Mieres, Carlos Menditeguy, Jorge Daponte, Clemar Bucci, Carlos Reutemann, Esteban Tuero, Gast\u00f3n Mazzacane y, por supuesto, nuestro actual Franco Colapinto.<\/b> Hay que destacar, sin embargo, que dos de ellos no pudieron terminar su carrera all\u00ed: Marim\u00f3n abandon\u00f3 a cinco vueltas del final en la edici\u00f3n del evento italiano de 1953 y Bucci se retir\u00f3 en la vuelta 13, en 1954. Solo uno de aquellos hist\u00f3ricos once nombres consigui\u00f3 ganar: Fangio, quien fue vencedor del Gran Premio de Italia en 1953, 1954 y 1955; adem\u00e1s de sus tres victorias, sali\u00f3 segundo en 1956 y 1957 y tuvo dos abandonos que completan su registro definitivo de siete participaciones en ese circuito con el Gran Circo.<\/p>\n<h2>Perlitas ajenas a la M\u00e1xima<\/h2>\n<p>Pero antes de adentrarnos de lleno en este v\u00ednculo tripartito entre Argentina, Monza y la F\u00f3rmula 1, va una perlita que antecede a la competici\u00f3n de automovilismo m\u00e1s prestigiosa del mundo y se justifica como un hito originario del piloto nacional m\u00e1s importante de la categor\u00eda reina del deporte motor. Hay que retroceder a <b>1949<\/b>, un a\u00f1o antes de la temporada inaugural de la M\u00e1xima y 27 despu\u00e9s de la creaci\u00f3n del circuito italiano, para encontrarnos en esa pista con lo que fue la primera gran victoria europea de Fangio. <b>El oriundo de Balcarce debut\u00f3 en Monza el 26 de junio de aquel a\u00f1o, en un evento correspondiente a la F\u00f3rmula 2, y cosech\u00f3 all\u00ed un triunfo consagratorio<\/b>, anticipo de mucho de lo que vendr\u00eda despu\u00e9s: quien ser\u00eda campe\u00f3n del Gran Circo en cinco oportunidades (1951 y 1954-1957) <b>gan\u00f3 en el escenario lombardo con una Ferrari, escuder\u00eda que al d\u00eda de hoy es la m\u00e1s exitosa en la carrera de su pa\u00eds, con unas notables 20 victorias.<\/b><\/p>\n<div class=\"iframely-embed medium-embedded-content\" data-html=\"Jmx0O2Jsb2NrcXVvdGUgY2xhc3M9InR3aXR0ZXItdHdlZXQiIGRhdGEtZG50PSJ0cnVlIiBhbGlnbj0iY2VudGVyIiZndDsmbHQ7cCBsYW5nPSJlbiIgZGlyPSJsdHIiJmd0O1JhcmUgb25ib2FyZCBmb290YWdlIG9mIEp1YW4gTWFudWVsIEZhbmdpbyBvbiB0aGUgTW9uemEgY2lyY3VpdC4gJmx0O2EgaHJlZj0iaHR0cHM6Ly90LmNvL0JybDJFdHFZeHAiJmd0O3BpYy50d2l0dGVyLmNvbS9CcmwyRXRxWXhwJmx0Oy9hJmd0OyZsdDsvcCZndDsmYW1wO21kYXNoOyBTaW1lb25lIE11c2V1bSAoQFNpbWVvbmVNdXNldW0pICZsdDthIGhyZWY9Imh0dHBzOi8vdHdpdHRlci5jb20vU2ltZW9uZU11c2V1bS9zdGF0dXMvMTk0ODE5MTY2ODQzNzQwMjA4Nz9yZWZfc3JjPXR3c3JjJTVFdGZ3IiZndDtKdWx5IDI0LCAyMDI1Jmx0Oy9hJmd0OyZsdDsvYmxvY2txdW90ZSZndDsKJmx0O3NjcmlwdCBhc3luYyBzcmM9Imh0dHBzOi8vcGxhdGZvcm0udHdpdHRlci5jb20vd2lkZ2V0cy5qcyIgY2hhcnNldD0idXRmLTgiJmd0OyZsdDsvc2NyaXB0Jmd0OwoKJmx0O2RpdiBjbGFzcz0ibWVkaXVtLWluc2VydC1lbWJlZHMtbWV0YSImZ3Q7Jmx0O3NjcmlwdCB0eXBlPSJ0ZXh0L2pzb24iJmd0O3sidXJsIjoiaHR0cHM6Ly90d2l0dGVyLmNvbS9TaW1lb25lTXVzZXVtL3N0YXR1cy8xOTQ4MTkxNjY4NDM3NDAyMDg3IiwidHlwZSI6InJpY2giLCJ2ZXJzaW9uIjoiMS4wIiwidGl0bGUiOiJTaW1lb25lIE11c2V1bSBvbiBUd2l0dGVyIC8gWCIsImF1dGhvciI6IlNpbWVvbmUgTXVzZXVtIiwiYXV0aG9yX3VybCI6Imh0dHBzOi8vdHdpdHRlci5jb20vU2ltZW9uZU11c2V1bSIsInByb3ZpZGVyX25hbWUiOiJUd2l0dGVyIiwiZGVzY3JpcHRpb24iOiJSYXJlIG9uYm9hcmQgZm9vdGFnZSBvZiBKdWFuIE1hbnVlbCBGYW5naW8gb24gdGhlIE1vbnphIGNpcmN1aXQuIHBpYy50d2l0dGVyLmNvbS9CcmwyRXRxWXhw4oCUIFNpbWVvbmUgTXVzZXVtIChAU2ltZW9uZU11c2V1bSkgSnVseSAyNCwgMjAyNVxuXG5cbiIsInRodW1ibmFpbF91cmwiOiJodHRwczovL3Bicy50d2ltZy5jb20vYW1wbGlmeV92aWRlb190aHVtYi8xOTQ4MTkxNjA5OTM5NDc2NDgwL2ltZy9mQVJ5NFhsOTVfVmFlWXdKLmpwZzpsYXJnZSIsInRodW1ibmFpbF93aWR0aCI6OTA2LCJ0aHVtYm5haWxfaGVpZ2h0Ijo3MjAsImNhY2hlX2FnZSI6ODY0MDAsIm9wdGlvbnMiOnsiX2hpZGVfbWVkaWEiOnsibGFiZWwiOiJIaWRlIHBob3RvcywgdmlkZW9zLCBhbmQgY2FyZHMiLCJ2YWx1ZSI6ZmFsc2V9LCJfdGhlbWUiOnsidmFsdWUiOiIiLCJ2YWx1ZXMiOnsiZGFyayI6IlVzZSBkYXJrIHRoZW1lIn19LCJfbWF4d2lkdGgiOnsidmFsdWUiOiIiLCJsYWJlbCI6IkFkanVzdCB3aWR0aCIsInBsYWNlaG9sZGVyIjoiMjIwLTU1MCwgaW4gcHgifX19Jmx0Oy9zY3JpcHQmZ3Q7Jmx0Oy9kaXYmZ3Q7\">\n                <a data-iframely-url=\"\" href=\"https:\/\/twitter.com\/SimeoneMuseum\/status\/1948191668437402087\">https:\/\/twitter.com\/SimeoneMuseum\/status\/1948191668437402087<\/a>\n              <\/div>\n<p>Aquel d\u00eda ser\u00eda un moj\u00f3n en la carrera internacional del \u201cChueco\u201d, quien venci\u00f3 a pilotos que representaban oficialmente al equipo de Maranello en su tierra y utilizando el mismo monoplaza que ellos; uno de esos, Alberto Ascari, le dar\u00eda al hist\u00f3rico equipo rojo sus dos primeros t\u00edtulos de la F\u00f3rmula 1, en 1952 y 1953. La imagen es muy recordada: <b>Fangio corri\u00f3 con una Ferrari que le hab\u00eda comprado el gobierno de Juan Domingo Per\u00f3n; aquella m\u00e1quina, modelo 166, llevaba tonos similares al de la bandera argentina, y todav\u00eda luce su celeste opaco y su amarillo pastel junto al viejo logo de YPF<\/b> como uno de los principales atractivos de su museo en Balcarce. \u00abDel general Per\u00f3n, de su se\u00f1ora esposa, de ellos es la victoria\u00bb, escribi\u00f3 su agradecimiento el argentino, futuro pentacampe\u00f3n de la M\u00e1xima, en una carta que sali\u00f3 publicada unos d\u00edas despu\u00e9s en la revista <i>Mundo Deportivo <\/i>con el t\u00edtulo <b>\u00abEste triunfo no es m\u00edo\u00bb<\/b>, seg\u00fan un rescate de aquella hist\u00f3rica p\u00e1gina realizado por el portal <i>M\u00e1gicas Ruinas<\/i>.<\/p>\n<p>Una d\u00e9cada despu\u00e9s -y aqu\u00ed marcha la perlita n\u00famero dos-, Monza volvi\u00f3 a ser escenario de la victoria de otro argentino, aunque nuevamente como parte de un evento no correspondiente al Gran Circo. <b>En 1959, Juan Manuel Bordeu ten\u00eda 25 a\u00f1os cuando gan\u00f3 la \u201cII Coppa Junior\u201d tras una tr\u00e1gica carrera en la que murieron dos pilotos, Alfredo Tinazzo y Nino Crivellari.<\/b> Bordeu, quien tuvo en Fangio un gran mentor y recibi\u00f3 de \u00e9l una ayuda indispensable cuando quiso ir a correr a Europa, escap\u00f3 en aquella competencia de una colisi\u00f3n m\u00faltiple en la dif\u00edcil curva de Ascari -esa misma en la que hab\u00eda muerto cuatro a\u00f1os antes quien desde entonces le dio su nombre y que luego fue convertida en chicana y finalmente en variante- y logr\u00f3 su triunfo. <b>El piloto marplatense estuvo cerca de participar en la M\u00e1xima: fue registrado para conducir un Lotus en el Gran Premio de Francia de 1961, pero antes del inicio termin\u00f3 siendo reemplazado por el belga Lucien Bianchi.<\/b><\/p>\n<h2>Fangio en Monza, balance dulce<\/h2>\n<p>Ahora s\u00ed: adentr\u00e9monos espec\u00edficamente en lo que la F\u00f3rmula 1 tiene para ofrecernos al pensar en Monza y en los pilotos argentinos. <b>El primer representante nacional que particip\u00f3 de un Gran Premio en ese circuito fue Fangio, en la edici\u00f3n inaugural de 1950<\/b> que cerr\u00f3 aquella temporada estreno de la M\u00e1xima y de la que este mi\u00e9rcoles se cumplieron exactos 75 a\u00f1os. Tras aquella victoria de 1949, la leyenda de Balcarce no volver\u00eda a saborear otro triunfo all\u00ed hasta 1953, raz\u00f3n por la cual el periodista Ricardo Lorenzo \u00abBorocot\u00f3\u00bb record\u00f3, en una nota de la extinta revista <i>El Gr\u00e1fico<\/i>, unas palabras dichas por el piloto en 1951, luego de que se le negara otra vez la victoria sobre esa pista (debi\u00f3 abandonar mientras que Ascari gan\u00f3 y el argentino Jos\u00e9 Froil\u00e1n Gonz\u00e1lez sali\u00f3 segundo). <b>\u00abParece mentira que este Aut\u00f3dromo de Monza me haya dado el dulce la vez que debut\u00e9 en \u00e9l y luego se me neg\u00f3 en todas\u00bb<\/b>, dijo.<\/p>\n<div class=\"iframely-embed medium-embedded-content\" data-html=\"Jmx0O2Jsb2NrcXVvdGUgY2xhc3M9InR3aXR0ZXItdHdlZXQiIGRhdGEtZG50PSJ0cnVlIiBhbGlnbj0iY2VudGVyIiZndDsmbHQ7cCBsYW5nPSJwdCIgZGlyPSJsdHIiJmd0OyZsdDthIGhyZWY9Imh0dHBzOi8vdHdpdHRlci5jb20vaGFzaHRhZy9UQlQ\/c3JjPWhhc2gmYW1wO2FtcDtyZWZfc3JjPXR3c3JjJTVFdGZ3IiZndDsjVEJUJmx0Oy9hJmd0OyDigJMgTW9uemEsIDE5NTYmbHQ7YnImZ3Q7Jmx0O2JyJmd0O08gaW50ZXJ2YWxvIG5vIGNhbGVuZMOhcmlvIGRhIEYxIMOpIG8gbW9tZW50byBwcm9ww61jaW8gcGFyYSBsZW1icmFybW9zIGRlIHVtYSBwcm92YSByZWFsaXphZGEgaMOhIG1haXMgZGUgNjAgYW5vcywgbm9zIHByaW3Ds3JkaW9zIGRhIGNhdGVnb3JpYSEgw4lwb2NhIGRvcyBwaW9uZWlyb3MsIGRvcyBhc2VzIG5vcyB2b2xhbnRlcywgcXVlbSBlbnRyYXZhIG51bSBiw7NsaWRvIG5hIGTDqWNhZGEgZGUgNTAgZXJhIGNhdGVnb3JpemFkbyBjb21vIGxvdWNvLiAmbHQ7YSBocmVmPSJodHRwczovL3QuY28vMFN6d0NHQnVjeiImZ3Q7cGljLnR3aXR0ZXIuY29tLzBTendDR0J1Y3ombHQ7L2EmZ3Q7Jmx0Oy9wJmd0OyZhbXA7bWRhc2g7IE11bmRvIEYxIChAbXVuZG9mMWJyYXNpbCkgJmx0O2EgaHJlZj0iaHR0cHM6Ly90d2l0dGVyLmNvbS9tdW5kb2YxYnJhc2lsL3N0YXR1cy85OTIxNjM2MTA2NDk1OTU5MDQ\/cmVmX3NyYz10d3NyYyU1RXRmdyImZ3Q7TWF5IDMsIDIwMTgmbHQ7L2EmZ3Q7Jmx0Oy9ibG9ja3F1b3RlJmd0OwombHQ7c2NyaXB0IGFzeW5jIHNyYz0iaHR0cHM6Ly9wbGF0Zm9ybS50d2l0dGVyLmNvbS93aWRnZXRzLmpzIiBjaGFyc2V0PSJ1dGYtOCImZ3Q7Jmx0Oy9zY3JpcHQmZ3Q7CgombHQ7ZGl2IGNsYXNzPSJtZWRpdW0taW5zZXJ0LWVtYmVkcy1tZXRhIiZndDsmbHQ7c2NyaXB0IHR5cGU9InRleHQvanNvbiImZ3Q7eyJ1cmwiOiJodHRwczovL3R3aXR0ZXIuY29tL211bmRvZjFicmFzaWwvc3RhdHVzLzk5MjE2MzYxMDY0OTU5NTkwNCIsInR5cGUiOiJyaWNoIiwidmVyc2lvbiI6IjEuMCIsInRpdGxlIjoiTXVuZG8gRjEgb24gVHdpdHRlciAvIFgiLCJhdXRob3IiOiJNdW5kbyBGMSIsImF1dGhvcl91cmwiOiJodHRwczovL3R3aXR0ZXIuY29tL211bmRvZjFicmFzaWwiLCJwcm92aWRlcl9uYW1lIjoiVHdpdHRlciIsImRlc2NyaXB0aW9uIjoiI1RCVCDigJMgTW9uemEsIDE5NTZPIGludGVydmFsbyBubyBjYWxlbmTDoXJpbyBkYSBGMSDDqSBvIG1vbWVudG8gcHJvcMOtY2lvIHBhcmEgbGVtYnJhcm1vcyBkZSB1bWEgcHJvdmEgcmVhbGl6YWRhIGjDoSBtYWlzIGRlIDYwIGFub3MsIG5vcyBwcmltw7NyZGlvcyBkYSBjYXRlZ29yaWEhIMOJcG9jYSBkb3MgcGlvbmVpcm9zLCBkb3MgYXNlcyBub3Mgdm9sYW50ZXMsIHF1ZW0gZW50cmF2YSBudW0gYsOzbGlkbyBuYSBkw6ljYWRhIGRlIDUwIGVyYSBjYXRlZ29yaXphZG8gY29tbyBsb3Vjby4gcGljLnR3aXR0ZXIuY29tLzBTendDR0J1Y3rigJQgTXVuZG8gRjEgKEBtdW5kb2YxYnJhc2lsKSBNYXkgMywgMjAxOFxuXG5cbiIsInRodW1ibmFpbF91cmwiOiJodHRwczovL3Bicy50d2ltZy5jb20vZXh0X3R3X3ZpZGVvX3RodW1iLzk5MjE2MzIwNjc2NzU2Njg1MC9wdS9pbWcvaEFYaVVDWTRqSkRic0YzSi5qcGc6bGFyZ2UiLCJ0aHVtYm5haWxfd2lkdGgiOjQwMCwidGh1bWJuYWlsX2hlaWdodCI6MzAwLCJjYWNoZV9hZ2UiOjg2NDAwLCJvcHRpb25zIjp7Il9oaWRlX21lZGlhIjp7ImxhYmVsIjoiSGlkZSBwaG90b3MsIHZpZGVvcywgYW5kIGNhcmRzIiwidmFsdWUiOmZhbHNlfSwiX3RoZW1lIjp7InZhbHVlIjoiIiwidmFsdWVzIjp7ImRhcmsiOiJVc2UgZGFyayB0aGVtZSJ9fSwiX21heHdpZHRoIjp7InZhbHVlIjoiIiwibGFiZWwiOiJBZGp1c3Qgd2lkdGgiLCJwbGFjZWhvbGRlciI6IjIyMC01NTAsIGluIHB4In19fSZsdDsvc2NyaXB0Jmd0OyZsdDsvZGl2Jmd0Ow==\">\n                <a data-iframely-url=\"\" href=\"https:\/\/twitter.com\/mundof1brasil\/status\/992163610649595904\">https:\/\/twitter.com\/mundof1brasil\/status\/992163610649595904<\/a>\n              <\/div>\n<p>Esa sensaci\u00f3n del \u201cChueco\u201d llegar\u00eda con toda su violencia en 1952, el d\u00eda que <b>Fangio estuvo al borde de la muerte en Monza<\/b>. El 8 de junio ese a\u00f1o, el piloto tuvo varios obst\u00e1culos para llegar en las mejores condiciones al Gran Premio de Monza, no puntuable pero v\u00e1lido por la F\u00f3rmula 2: un d\u00eda antes hab\u00eda competido en Irlanda del Norte y, finalmente, desde all\u00ed <b>tom\u00f3 un vuelo comercial a Londres y otro a Par\u00eds antes de manejar toda la noche los casi 500 kil\u00f3metros que separan la capital francesa y Monza, en una traves\u00eda que le hizo cruzar los Alpes.<\/b> Lleg\u00f3 al evento solo 30 minutos antes del inicio de la carrera. Y las consecuencias no se hicieron esperar: al mando de un auto que no hab\u00eda manejado nunca -un nuevo modelo de Maserati-, perdi\u00f3 el control durante la segunda vuelta en la curva de Lesmo y sufri\u00f3 un gran impacto. <b>\u00abA las dos de la tarde llegu\u00e9 a Monza, a las dos y media largu\u00e9 la carrera, a las tres ya estaba en el hospital\u00bb<\/b>, recordar\u00eda despu\u00e9s. Fangio tuvo la suerte que se le adjudica a los campeones: ese a\u00f1o se hab\u00eda vuelto obligatorio el uso de cascos y el argentino, que al igual que otros pilotos estaba acostumbrado a cubrirse con un in\u00fatil casquete hecho de tela -por algo que el mismo Fangio reconocer\u00eda luego como \u201cmachismo\u201d-, no se olvid\u00f3 jam\u00e1s que el suyo, aquel d\u00eda, le salv\u00f3 la vida. Despu\u00e9s del accidente y tras largos siete meses sin correr para recuperarse, <b>el oriundo de Balcarce se tomar\u00eda revancha sobre esa misma pista, con las victorias en el Gran Premio de Italia de 1953, 1954 y 1955 y la coronaci\u00f3n en 1956<\/b>, cuando termin\u00f3 segundo y alcanz\u00f3 la gloria m\u00e1xima en Monza consagr\u00e1ndose campe\u00f3n por cuarta vez en la F\u00f3rmula 1, en su recordado \u00fanico t\u00edtulo junto a Ferrari.<\/p>\n<h2>\u00abLole\u00bb y Colapinto, las \u00faltimas alegr\u00edas<\/h2>\n<p><b>Otro que nunca olvidar\u00e1 Monza es Reutemann<\/b>, quien compiti\u00f3 nueve veces all\u00ed en el Gran Premio de Italia: sali\u00f3 dos veces tercero (&#8216;en el 78 tras largar 11\u00ba y en el &#8217;81 tras largar 2\u00ba) y tuvo tres abandonos. <b>En 1981, el argentino corr\u00eda para Williams y finaliz\u00f3 tercero en una tremenda edici\u00f3n del evento italiano de la M\u00e1xima. Llegaba igualado con Nelson Piquet en el campeonato <\/b>-ambos ten\u00edan 45 puntos-, a falta de tres fechas del final, y fue uno de los cinco pilotos que acab\u00f3 la accidentada carrera, que gan\u00f3 Alain Prost (con Renault) y tuvo 14 abandonos. Aquel d\u00eda, con distinto desenlace, pudo haber cambiado la historia en favor del argentino: Reutemann <b>hab\u00eda perseguido a Piquet toda la carrera y, en la \u00faltima vuelta, cuando ya no pensaba alcanzarlo, el motor del hombre de Brabham fall\u00f3 y su auto se detuvo, lo que le permiti\u00f3 al santafesino cruzar la bandera a cuadros tercero. <\/b>La cosa termin\u00f3 con el brasile\u00f1o conquistando un punto que ser\u00eda fundamental -otro rival se fue de pista y lo benefici\u00f3- y con Reutemann viendo c\u00f3mo su compa\u00f1ero Alan Jones conclu\u00eda segundo y sumaba dos unidades m\u00e1s que, para \u00e9l, habr\u00edan sido valios\u00edsimas en su pelea mano a mano rumbo al t\u00edtulo con Piquet; el piloto carioca, finalmente, se coron\u00f3 campe\u00f3n con solo un punto m\u00e1s que el representante nacional. Aquel a\u00f1o el \u201cLole\u201d, el segundo piloto argentino con m\u00e1s victorias en la M\u00e1xima (12, detr\u00e1s de Fangio con 24), acarici\u00f3 el t\u00edtulo: <b>fue la vez que m\u00e1s cerca estuvo de consagrarse en la F\u00f3rmula 1.<\/b><\/p>\n<div class=\"iframely-embed medium-embedded-content\" data-html=\"Jmx0O2Jsb2NrcXVvdGUgY2xhc3M9InR3aXR0ZXItdHdlZXQiIGRhdGEtZG50PSJ0cnVlIiBhbGlnbj0iY2VudGVyIiZndDsmbHQ7cCBsYW5nPSJlbiIgZGlyPSJsdHIiJmd0O01vdmVzIG1hZGUgbWF0dXJlbHkg8J+RjyZsdDticiZndDsmbHQ7YnImZ3Q7Tm8gc2lnbiBvZiBkZWJ1dCBuZXJ2ZXMgZm9yIEZyYW5jbyBDb2xhcGludG8gd2l0aCB0aGVzZSBvdmVydGFrZXMgaW4gTW9uemEg4qyG77iPJmx0O2EgaHJlZj0iaHR0cHM6Ly90d2l0dGVyLmNvbS9oYXNodGFnL0YxP3NyYz1oYXNoJmFtcDthbXA7cmVmX3NyYz10d3NyYyU1RXRmdyImZ3Q7I0YxJmx0Oy9hJmd0OyAmbHQ7YSBocmVmPSJodHRwczovL3R3aXR0ZXIuY29tL2hhc2h0YWcvSXRhbGlhbkdQP3NyYz1oYXNoJmFtcDthbXA7cmVmX3NyYz10d3NyYyU1RXRmdyImZ3Q7I0l0YWxpYW5HUCZsdDsvYSZndDsgJmx0O2EgaHJlZj0iaHR0cHM6Ly90LmNvL3RZWjlBdXFZeTIiJmd0O3BpYy50d2l0dGVyLmNvbS90WVo5QXVxWXkyJmx0Oy9hJmd0OyZsdDsvcCZndDsmYW1wO21kYXNoOyBGb3JtdWxhIDEgKEBGMSkgJmx0O2EgaHJlZj0iaHR0cHM6Ly90d2l0dGVyLmNvbS9GMS9zdGF0dXMvMTgzMDcwNDQ5OTcwMDE0MjEyMj9yZWZfc3JjPXR3c3JjJTVFdGZ3IiZndDtTZXB0ZW1iZXIgMiwgMjAyNCZsdDsvYSZndDsmbHQ7L2Jsb2NrcXVvdGUmZ3Q7CiZsdDtzY3JpcHQgYXN5bmMgc3JjPSJodHRwczovL3BsYXRmb3JtLnR3aXR0ZXIuY29tL3dpZGdldHMuanMiIGNoYXJzZXQ9InV0Zi04IiZndDsmbHQ7L3NjcmlwdCZndDsKCiZsdDtkaXYgY2xhc3M9Im1lZGl1bS1pbnNlcnQtZW1iZWRzLW1ldGEiJmd0OyZsdDtzY3JpcHQgdHlwZT0idGV4dC9qc29uIiZndDt7InVybCI6Imh0dHBzOi8vdHdpdHRlci5jb20vRjEvc3RhdHVzLzE4MzA3MDQ0OTk3MDAxNDIxMjIiLCJ0eXBlIjoicmljaCIsInZlcnNpb24iOiIxLjAiLCJ0aXRsZSI6IkZvcm11bGEgMSBvbiBUd2l0dGVyIC8gWCIsImF1dGhvciI6IkZvcm11bGEgMSIsImF1dGhvcl91cmwiOiJodHRwczovL3R3aXR0ZXIuY29tL0YxIiwicHJvdmlkZXJfbmFtZSI6IlR3aXR0ZXIiLCJkZXNjcmlwdGlvbiI6Ik1vdmVzIG1hZGUgbWF0dXJlbHkg8J+Rj05vIHNpZ24gb2YgZGVidXQgbmVydmVzIGZvciBGcmFuY28gQ29sYXBpbnRvIHdpdGggdGhlc2Ugb3ZlcnRha2VzIGluIE1vbnphIOKshu+4jyNGMSAjSXRhbGlhbkdQIHBpYy50d2l0dGVyLmNvbS90WVo5QXVxWXky4oCUIEZvcm11bGEgMSAoQEYxKSBTZXB0ZW1iZXIgMiwgMjAyNFxuXG5cbiIsInRodW1ibmFpbF91cmwiOiJodHRwczovL3Bicy50d2ltZy5jb20vbWVkaWEvR1dla2FWaGJnQUFveDNrLmpwZzpsYXJnZSIsInRodW1ibmFpbF93aWR0aCI6NzIwLCJ0aHVtYm5haWxfaGVpZ2h0Ijo3MjAsImNhY2hlX2FnZSI6ODY0MDAsIm9wdGlvbnMiOnsiX2hpZGVfbWVkaWEiOnsibGFiZWwiOiJIaWRlIHBob3RvcywgdmlkZW9zLCBhbmQgY2FyZHMiLCJ2YWx1ZSI6ZmFsc2V9LCJfdGhlbWUiOnsidmFsdWUiOiIiLCJ2YWx1ZXMiOnsiZGFyayI6IlVzZSBkYXJrIHRoZW1lIn19LCJfbWF4d2lkdGgiOnsidmFsdWUiOiIiLCJsYWJlbCI6IkFkanVzdCB3aWR0aCIsInBsYWNlaG9sZGVyIjoiMjIwLTU1MCwgaW4gcHgifX19Jmx0Oy9zY3JpcHQmZ3Q7Jmx0Oy9kaXYmZ3Q7\">\n                <a data-iframely-url=\"\" href=\"https:\/\/twitter.com\/F1\/status\/1830704499700142122\">https:\/\/twitter.com\/F1\/status\/1830704499700142122<\/a>\n              <\/div>\n<p>El recuerdo m\u00e1s reciente que la historia argentina tiene en su memoria ligada a Monza no es otro que el debut de <b>Colapinto<\/b> en la F\u00f3rmula 1. Tras reemplazar a Logan Sargeant en Williams, se destac\u00f3 con una muy buena actuaci\u00f3n en su estreno en la M\u00e1xima: <b>brill\u00f3 sobre la m\u00edtica pista en el Gran Premio de Italia del a\u00f1o pasado, escalando desde el puesto 18, su posici\u00f3n asignada tras la clasificaci\u00f3n, al 12<\/b>. Con la llegada del oriundo de Pilar al Gran Circo, nuestro pa\u00eds cort\u00f3 una racha de 23 a\u00f1os sin representantes nacionales en la categor\u00eda elite del automovilismo mundial (el \u00faltimo hab\u00eda sido Mazzacane, en 2001). <b>\u201c\u00a1Volvemos adonde empez\u00f3 todo!\u201c<\/b>, escribi\u00f3 el piloto de Alpine en sus redes sociales, entusiasmado, junto con el emoji de una carita y de estrellas doradas. Colapinto -que desde entonces suma 17 carreras, ocho esta temporada y nueve en 2024- tuvo su mejor actuaci\u00f3n desde su regreso a la F\u00f3rmula 1 el pasado fin de semana en Pa\u00edses Bajos, cuando finaliz\u00f3 11\u00ba y solo reaviv\u00f3 las encendidas ilusiones de verlo lucirse otra vez en el Templo de la Velocidad.<\/p>\n<p>En aquella primera edici\u00f3n del Gran Premio de Italia, en 1950, el italiano Nino Farina gan\u00f3 y se convirti\u00f3, con Alfa Romeo, en el primer campe\u00f3n mundial de la F\u00f3rmula 1. Pero la huella argentina estuvo all\u00ed: Fangio, que tambi\u00e9n corr\u00eda para la escuder\u00eda de Mil\u00e1n, no solo fue protagonista de aquel d\u00eda inaugural sino que conquist\u00f3 la pole y sell\u00f3 la vuelta m\u00e1s r\u00e1pida, m\u00e1s all\u00e1 de que finalmente debi\u00f3 abandonar la carrera tras completar la vuelta 23 y se qued\u00f3 con el subcampeonato. <b>Monza celebra este fin de semana su vez n\u00famero 75 como circuito anfitri\u00f3n de un Gran Premio de la M\u00e1xima, un r\u00e9cord que impone respeto, presume grandeza y destila historia de la m\u00e1s dorada del automovilismo mundial\u2026 Y que, otra vez, tendr\u00e1 a un piloto de nuestros pagos siendo protagonista all\u00ed.<\/b><\/p>\n<div class=\"iframely-embed medium-embedded-content\" data-html=\"Jmx0O2Jsb2NrcXVvdGUgY2xhc3M9InR3aXR0ZXItdHdlZXQiIGRhdGEtZG50PSJ0cnVlIiBhbGlnbj0iY2VudGVyIiZndDsmbHQ7cCBsYW5nPSJlbiIgZGlyPSJsdHIiJmd0O1JBQ0Ug8J+kqSBXRUVLICZsdDticiZndDsmbHQ7YnImZ3Q7TW9uemEsIGhlcmUgd2UgY29tZSEg8J+HrvCfh7kmbHQ7YSBocmVmPSJodHRwczovL3R3aXR0ZXIuY29tL2hhc2h0YWcvRjE\/c3JjPWhhc2gmYW1wO2FtcDtyZWZfc3JjPXR3c3JjJTVFdGZ3IiZndDsjRjEmbHQ7L2EmZ3Q7ICZsdDthIGhyZWY9Imh0dHBzOi8vdHdpdHRlci5jb20vaGFzaHRhZy9JdGFsaWFuR1A\/c3JjPWhhc2gmYW1wO2FtcDtyZWZfc3JjPXR3c3JjJTVFdGZ3IiZndDsjSXRhbGlhbkdQJmx0Oy9hJmd0OyAmbHQ7YSBocmVmPSJodHRwczovL3QuY28vUjdiNVBvakh6ayImZ3Q7cGljLnR3aXR0ZXIuY29tL1I3YjVQb2pIemsmbHQ7L2EmZ3Q7Jmx0Oy9wJmd0OyZhbXA7bWRhc2g7IEZvcm11bGEgMSAoQEYxKSAmbHQ7YSBocmVmPSJodHRwczovL3R3aXR0ZXIuY29tL0YxL3N0YXR1cy8xOTYyNDIzOTMyODU1NzA5ODUyP3JlZl9zcmM9dHdzcmMlNUV0ZnciJmd0O1NlcHRlbWJlciAxLCAyMDI1Jmx0Oy9hJmd0OyZsdDsvYmxvY2txdW90ZSZndDsKJmx0O3NjcmlwdCBhc3luYyBzcmM9Imh0dHBzOi8vcGxhdGZvcm0udHdpdHRlci5jb20vd2lkZ2V0cy5qcyIgY2hhcnNldD0idXRmLTgiJmd0OyZsdDsvc2NyaXB0Jmd0OwoKJmx0O2RpdiBjbGFzcz0ibWVkaXVtLWluc2VydC1lbWJlZHMtbWV0YSImZ3Q7Jmx0O3NjcmlwdCB0eXBlPSJ0ZXh0L2pzb24iJmd0O3sidXJsIjoiaHR0cHM6Ly90d2l0dGVyLmNvbS9GMS9zdGF0dXMvMTk2MjQyMzkzMjg1NTcwOTg1MiIsInR5cGUiOiJyaWNoIiwidmVyc2lvbiI6IjEuMCIsInRpdGxlIjoiRm9ybXVsYSAxIG9uIFR3aXR0ZXIgLyBYIiwiYXV0aG9yIjoiRm9ybXVsYSAxIiwiYXV0aG9yX3VybCI6Imh0dHBzOi8vdHdpdHRlci5jb20vRjEiLCJwcm92aWRlcl9uYW1lIjoiVHdpdHRlciIsImRlc2NyaXB0aW9uIjoiUkFDRSDwn6SpIFdFRUsgTW9uemEsIGhlcmUgd2UgY29tZSEg8J+HrvCfh7kjRjEgI0l0YWxpYW5HUCBwaWMudHdpdHRlci5jb20vUjdiNVBvakh6a+KAlCBGb3JtdWxhIDEgKEBGMSkgU2VwdGVtYmVyIDEsIDIwMjVcblxuXG4iLCJ0aHVtYm5haWxfdXJsIjoiaHR0cHM6Ly9wYnMudHdpbWcuY29tL21lZGlhL0d6dEdVTVVXTUFBUTZDcC5qcGc6bGFyZ2UiLCJ0aHVtYm5haWxfd2lkdGgiOjE2MzgsInRodW1ibmFpbF9oZWlnaHQiOjIwNDgsImNhY2hlX2FnZSI6ODY0MDAsIm9wdGlvbnMiOnsiX2hpZGVfbWVkaWEiOnsibGFiZWwiOiJIaWRlIHBob3RvcywgdmlkZW9zLCBhbmQgY2FyZHMiLCJ2YWx1ZSI6ZmFsc2V9LCJfdGhlbWUiOnsidmFsdWUiOiIiLCJ2YWx1ZXMiOnsiZGFyayI6IlVzZSBkYXJrIHRoZW1lIn19LCJfbWF4d2lkdGgiOnsidmFsdWUiOiIiLCJsYWJlbCI6IkFkanVzdCB3aWR0aCIsInBsYWNlaG9sZGVyIjoiMjIwLTU1MCwgaW4gcHgifX19Jmx0Oy9zY3JpcHQmZ3Q7Jmx0Oy9kaXYmZ3Q7\">\n                <a data-iframely-url=\"\" href=\"https:\/\/twitter.com\/F1\/status\/1962423932855709852\">https:\/\/twitter.com\/F1\/status\/1962423932855709852<\/a>\n              <\/div>\n<p>            <!-- Live Blog Post --><\/div>\n<p><script async src=\"\/\/platform.twitter.com\/widgets.js\" charset=\"utf-8\"><\/script><br \/><a href=\"https:\/\/www.pagina12.com.ar\/855023-una-historia-intensa-y-veloz-monza-75-veces-presente-en-la-f\">source<\/a><\/p>\n","protected":false},"excerpt":{"rendered":"<p>El Templo de la Velocidad celebra su m\u00edtica gloria junto a la F\u00f3rmula 1: cuando&#8230;<\/p>\n","protected":false},"author":3,"featured_media":23832,"comment_status":"closed","ping_status":"closed","sticky":false,"template":"","format":"standard","meta":{"footnotes":""},"categories":[21],"tags":[],"class_list":["post-23831","post","type-post","status-publish","format-standard","has-post-thumbnail","hentry","category-deportes"],"featured_image_urls":{"full":["https:\/\/fmamiga909.com.ar\/wp-content\/uploads\/2025\/09\/wp-header-logo-45.png",960,540,false],"thumbnail":["https:\/\/fmamiga909.com.ar\/wp-content\/uploads\/2025\/09\/wp-header-logo-45-150x150.png",150,150,true],"medium":["https:\/\/fmamiga909.com.ar\/wp-content\/uploads\/2025\/09\/wp-header-logo-45-300x169.png",300,169,true],"medium_large":["https:\/\/fmamiga909.com.ar\/wp-content\/uploads\/2025\/09\/wp-header-logo-45.png",960,540,false],"large":["https:\/\/fmamiga909.com.ar\/wp-content\/uploads\/2025\/09\/wp-header-logo-45.png",640,360,false],"1536x1536":["https:\/\/fmamiga909.com.ar\/wp-content\/uploads\/2025\/09\/wp-header-logo-45.png",960,540,false],"2048x2048":["https:\/\/fmamiga909.com.ar\/wp-content\/uploads\/2025\/09\/wp-header-logo-45.png",960,540,false],"newsium-slider-full":["https:\/\/fmamiga909.com.ar\/wp-content\/uploads\/2025\/09\/wp-header-logo-45.png",960,540,false],"newsium-featured":["https:\/\/fmamiga909.com.ar\/wp-content\/uploads\/2025\/09\/wp-header-logo-45.png",960,540,false],"newsium-medium":["https:\/\/fmamiga909.com.ar\/wp-content\/uploads\/2025\/09\/wp-header-logo-45-720x475.png",720,475,true]},"author_info":{"display_name":"Fredy Giuliano","author_link":"https:\/\/fmamiga909.com.ar\/?author=3"},"category_info":"<a href=\"https:\/\/fmamiga909.com.ar\/?cat=21\" rel=\"category\">Deportes<\/a>","tag_info":"Deportes","comment_count":"0","_links":{"self":[{"href":"https:\/\/fmamiga909.com.ar\/index.php?rest_route=\/wp\/v2\/posts\/23831","targetHints":{"allow":["GET"]}}],"collection":[{"href":"https:\/\/fmamiga909.com.ar\/index.php?rest_route=\/wp\/v2\/posts"}],"about":[{"href":"https:\/\/fmamiga909.com.ar\/index.php?rest_route=\/wp\/v2\/types\/post"}],"author":[{"embeddable":true,"href":"https:\/\/fmamiga909.com.ar\/index.php?rest_route=\/wp\/v2\/users\/3"}],"replies":[{"embeddable":true,"href":"https:\/\/fmamiga909.com.ar\/index.php?rest_route=%2Fwp%2Fv2%2Fcomments&post=23831"}],"version-history":[{"count":0,"href":"https:\/\/fmamiga909.com.ar\/index.php?rest_route=\/wp\/v2\/posts\/23831\/revisions"}],"wp:featuredmedia":[{"embeddable":true,"href":"https:\/\/fmamiga909.com.ar\/index.php?rest_route=\/wp\/v2\/media\/23832"}],"wp:attachment":[{"href":"https:\/\/fmamiga909.com.ar\/index.php?rest_route=%2Fwp%2Fv2%2Fmedia&parent=23831"}],"wp:term":[{"taxonomy":"category","embeddable":true,"href":"https:\/\/fmamiga909.com.ar\/index.php?rest_route=%2Fwp%2Fv2%2Fcategories&post=23831"},{"taxonomy":"post_tag","embeddable":true,"href":"https:\/\/fmamiga909.com.ar\/index.php?rest_route=%2Fwp%2Fv2%2Ftags&post=23831"}],"curies":[{"name":"wp","href":"https:\/\/api.w.org\/{rel}","templated":true}]}}