{"id":23835,"date":"2025-09-04T23:58:07","date_gmt":"2025-09-04T23:58:07","guid":{"rendered":"https:\/\/fmamiga909.com.ar\/?p=23835"},"modified":"2025-09-04T23:58:07","modified_gmt":"2025-09-04T23:58:07","slug":"conmebol-descalifico-a-independiente-de-la-copa-sudamericana","status":"publish","type":"post","link":"https:\/\/fmamiga909.com.ar\/?p=23835","title":{"rendered":"Conmebol descalific\u00f3 a Independiente de la Copa Sudamericana"},"content":{"rendered":"<div><!-- Body --><\/p>\n<p>La <strong>Confederaci\u00f3n Sudamericana de F\u00fatbol (Conmebol)<\/strong> resolvi\u00f3 este lunes aplicar una de las sanciones m\u00e1s severas de los \u00faltimos a\u00f1os: la <strong>descalificaci\u00f3n de Independiente<\/strong> de la actual edici\u00f3n de la Copa Sudamericana 2025.\u00a0<\/p>\n<h3\/>\n<p>La medida llega despu\u00e9s de los incidentes ocurridos el pasado 20 de agosto en el estadio Libertadores de Am\u00e9rica\u2013Ricardo Enrique Bochini, durante el encuentro de vuelta frente a la Universidad de Chile por los octavos de final. Con este fallo, el equipo chileno avanza directamente a la siguiente instancia del certamen.<\/p>\n<p>El dictamen de la <strong>Comisi\u00f3n Disciplinaria de Conmebol<\/strong> no se limit\u00f3 a dejar fuera de competencia al conjunto de Avellaneda. El organismo impuso adem\u00e1s:<\/p>\n<ul>\n<li>\n<p><strong>Siete partidos a puertas cerradas<\/strong> como local en torneos internacionales.<\/p>\n<\/li>\n<li>\n<p><strong>Prohibici\u00f3n de asistencia de su p\u00fablico<\/strong> en los pr\u00f3ximos siete encuentros en condici\u00f3n de visitante.<\/p>\n<\/li>\n<li>\n<p><strong>Multa de 150 mil d\u00f3lares<\/strong>, que ser\u00e1 descontada de los derechos de televisi\u00f3n y patrocinio.<\/p>\n<\/li>\n<li>\n<p>Una <strong>sanci\u00f3n adicional de 100 mil d\u00f3lares<\/strong> por infracci\u00f3n a otro art\u00edculo del C\u00f3digo Disciplinario.<\/p>\n<\/li>\n<\/ul>\n<div class=\"iframely-embed medium-embedded-content\" data-html=\"Jmx0O2RpdiZndDsmbHQ7ZGl2IHN0eWxlPSJsZWZ0OiAwOyB3aWR0aDogMTAwJTsgaGVpZ2h0OiAwOyBwb3NpdGlvbjogcmVsYXRpdmU7IHBhZGRpbmctYm90dG9tOiA1Ni4wNDE3JTsiJmd0OyZsdDtpZnJhbWUgc3JjPSJodHRwczovL2lmcmFtZWx5LnBhZ2luYTEyLmNvbS5hci9hcGkvaWZyYW1lP2NsaWNrX3RvX3BsYXk9MSZhbXA7dXJsPWh0dHBzJTNBJTJGJTJGZ2VvLmRhaWx5bW90aW9uLmNvbSUyRnBsYXllciUyRnh0NWVlLmh0bWwlM0Z2aWRlbyUzRHg5cDdkZDgmYW1wO2tleT00Njc2YjVmZGMwODMyNTdlYTg3ZjcxNjA4Yzc0ZTlmZSIgc3R5bGU9InRvcDogMDsgbGVmdDogMDsgd2lkdGg6IDEwMCU7IGhlaWdodDogMTAwJTsgcG9zaXRpb246IGFic29sdXRlOyBib3JkZXI6IDA7IiBhbGxvd2Z1bGxzY3JlZW4gc2Nyb2xsaW5nPSJubyIgYWxsb3c9ImVuY3J5cHRlZC1tZWRpYSAqOyImZ3Q7Jmx0Oy9pZnJhbWUmZ3Q7Jmx0Oy9kaXYmZ3Q7Jmx0Oy9kaXYmZ3Q7Jmx0O2RpdiBjbGFzcz0ibWVkaXVtLWluc2VydC1lbWJlZHMtbWV0YSImZ3Q7Jmx0O3NjcmlwdCB0eXBlPSJ0ZXh0L2pzb24iJmd0O3sidXJsIjoiaHR0cHM6Ly9nZW8uZGFpbHltb3Rpb24uY29tL3BsYXllci94dDVlZS5odG1sP3ZpZGVvPXg5cDdkZDgiLCJ0eXBlIjoidmlkZW8iLCJ2ZXJzaW9uIjoiMS4wIiwidGl0bGUiOiJMb3MgYnJ1dGFsZXMgdmlkZW9zIGRlIGxvcyBpbmNpZGVudGVzIGVudHJlIGhpbmNoYXMgZGUgSW5kZXBlbmRpZW50ZSB5IFVuaXZlcnNpZGFkIGRlIENoaWxlIiwiYXV0aG9yIjoiUMOhZ2luYTEyIiwiYXV0aG9yX3VybCI6Imh0dHBzOi8vd3d3LmRhaWx5bW90aW9uLmNvbS9QYWdpbmExMiIsInByb3ZpZGVyX25hbWUiOiJEYWlseW1vdGlvbiIsImRlc2NyaXB0aW9uIjoiVmVyIExvcyBicnV0YWxlcyB2aWRlb3MgZGUgbG9zIGluY2lkZW50ZXMgZW50cmUgaGluY2hhcyBkZSBJbmRlcGVuZGllbnRlIHkgVW5pdmVyc2lkYWQgZGUgQ2hpbGUgLSBQw6FnaW5hMTIgZW4gRGFpbHltb3Rpb24iLCJ0aHVtYm5haWxfdXJsIjoiaHR0cHM6Ly9zMi5kbWNkbi5uZXQvdi9ZelJuaTFlZ1dBZ3U3ck9fMy94NzIwIiwidGh1bWJuYWlsX3dpZHRoIjoxMjgwLCJ0aHVtYm5haWxfaGVpZ2h0Ijo3MjAsImNhY2hlX2FnZSI6ODY0MDB9Jmx0Oy9zY3JpcHQmZ3Q7Jmx0Oy9kaXYmZ3Q7\">\n                <a data-iframely-url=\"\" href=\"https:\/\/geo.dailymotion.com\/player\/xt5ee.html?video=x9p7dd8\">https:\/\/geo.dailymotion.com\/player\/xt5ee.html?video=x9p7dd8<\/a>\n              <\/div>\n<p>La resoluci\u00f3n tambi\u00e9n recay\u00f3 sobre la <strong>Universidad de Chile<\/strong>, que deber\u00e1 cumplir con id\u00e9ntico castigo de puertas cerradas (siete partidos de local y siete de visitante) y multas por un total de <strong>270 mil d\u00f3lares<\/strong>.<\/p>\n<h2>Las obligaciones de ambos clubes<\/h2>\n<p>La Conmebol, adem\u00e1s, estableci\u00f3 que Independiente y la U de Chile deber\u00e1n realizar en sus pr\u00f3ximos partidos internacionales <strong>acciones de concientizaci\u00f3n<\/strong> contra la violencia, el racismo y la discriminaci\u00f3n. Entre ellas, la exhibici\u00f3n de un cartel con la frase <strong>\u201cBasta de racismo, discriminaci\u00f3n y violencia\u201d<\/strong> al inicio de los partidos y la publicaci\u00f3n de una campa\u00f1a en redes sociales durante los d\u00edas previos a los encuentros.<\/p>\n<div class=\"iframely-embed medium-embedded-content\" data-html=\"Jmx0O2RpdiBzdHlsZT0ibWF4LXdpZHRoOiA1NnZoOyImZ3Q7Jmx0O2RpdiBzdHlsZT0ibGVmdDogMDsgd2lkdGg6IDEwMCU7IGhlaWdodDogMDsgcG9zaXRpb246IHJlbGF0aXZlOyBwYWRkaW5nLWJvdHRvbTogMTc3LjcwODMlOyImZ3Q7Jmx0O2lmcmFtZSBzcmM9Imh0dHBzOi8vaWZyYW1lbHkucGFnaW5hMTIuY29tLmFyL2FwaS9pZnJhbWU\/Y2xpY2tfdG9fcGxheT0xJmFtcDt1cmw9aHR0cHMlM0ElMkYlMkZnZW8uZGFpbHltb3Rpb24uY29tJTJGcGxheWVyJTJGeHQ1ZWUuaHRtbCUzRnZpZGVvJTNEeDlwYzF6cSZhbXA7a2V5PTQ2NzZiNWZkYzA4MzI1N2VhODdmNzE2MDhjNzRlOWZlIiBzdHlsZT0idG9wOiAwOyBsZWZ0OiAwOyB3aWR0aDogMTAwJTsgaGVpZ2h0OiAxMDAlOyBwb3NpdGlvbjogYWJzb2x1dGU7IGJvcmRlcjogMDsiIGFsbG93ZnVsbHNjcmVlbiBzY3JvbGxpbmc9Im5vIiBhbGxvdz0iZW5jcnlwdGVkLW1lZGlhICo7IiZndDsmbHQ7L2lmcmFtZSZndDsmbHQ7L2RpdiZndDsmbHQ7L2RpdiZndDsmbHQ7ZGl2IGNsYXNzPSJtZWRpdW0taW5zZXJ0LWVtYmVkcy1tZXRhIiZndDsmbHQ7c2NyaXB0IHR5cGU9InRleHQvanNvbiImZ3Q7eyJ1cmwiOiJodHRwczovL2dlby5kYWlseW1vdGlvbi5jb20vcGxheWVyL3h0NWVlLmh0bWw\/dmlkZW89eDlwYzF6cSIsInR5cGUiOiJ2aWRlbyIsInZlcnNpb24iOiIxLjAiLCJ0aXRsZSI6IkNvbiB1biB2aWRlbywgSW5kZXBlbmRpZW50ZSByZXNwb25zYWJpbGl6w7MgYSBsb3MgaGluY2hhcyBkZSBsYSBVIGRlIENoaWxlIiwiYXV0aG9yIjoiUMOhZ2luYTEyIiwiYXV0aG9yX3VybCI6Imh0dHBzOi8vd3d3LmRhaWx5bW90aW9uLmNvbS9QYWdpbmExMiIsInByb3ZpZGVyX25hbWUiOiJEYWlseW1vdGlvbiIsImRlc2NyaXB0aW9uIjoiVmVyIENvbiB1biB2aWRlbywgSW5kZXBlbmRpZW50ZSByZXNwb25zYWJpbGl6w7MgYSBsb3MgaGluY2hhcyBkZSBsYSBVIGRlIENoaWxlIC0gUMOhZ2luYTEyIGVuIERhaWx5bW90aW9uIiwidGh1bWJuYWlsX3VybCI6Imh0dHBzOi8vczEuZG1jZG4ubmV0L3YvWS1IOE0xZWhFcUI4QVZlUnoveDcyMCIsInRodW1ibmFpbF93aWR0aCI6NDA3LCJ0aHVtYm5haWxfaGVpZ2h0Ijo3MjAsImNhY2hlX2FnZSI6ODY0MDB9Jmx0Oy9zY3JpcHQmZ3Q7Jmx0Oy9kaXYmZ3Q7\">\n                <a data-iframely-url=\"\" href=\"https:\/\/geo.dailymotion.com\/player\/xt5ee.html?video=x9pc1zq\">https:\/\/geo.dailymotion.com\/player\/xt5ee.html?video=x9pc1zq<\/a>\n              <\/div>\n<p>El organismo fij\u00f3 con precisi\u00f3n qui\u00e9nes podr\u00e1n ingresar a los estadios en los partidos a puertas cerradas: delegaciones reducidas de jugadores y cuerpos t\u00e9cnicos, personal m\u00e9dico, dirigentes autorizados, periodistas acreditados con anticipaci\u00f3n, personal de seguridad y de transmisi\u00f3n televisiva, adem\u00e1s de los oficiales designados por la propia Confederaci\u00f3n.<\/p>\n<h2>El repudio de la Conmebol y los pr\u00f3ximos pasos<\/h2>\n<p>En su comunicado oficial previo, la Confederaci\u00f3n expres\u00f3 su <strong>\u201crepudio y condena en\u00e9rgica\u201d<\/strong> a los episodios de violencia registrados dentro y fuera del estadio de Avellaneda. Seg\u00fan el organismo, las sanciones buscan reafirmar su compromiso con la erradicaci\u00f3n de hechos de este tipo en el f\u00fatbol sudamericano y recordar que los clubes son responsables directos de la seguridad cuando act\u00faan como locales.<\/p>\n<div class=\"iframely-embed medium-embedded-content\" data-html=\"Jmx0O2RpdiBzdHlsZT0ibGVmdDogMDsgd2lkdGg6IDEwMCU7IGhlaWdodDogMDsgcG9zaXRpb246IHJlbGF0aXZlOyBwYWRkaW5nLWJvdHRvbTogMTI5LjQxMTglOyImZ3Q7Jmx0O2lmcmFtZSBzcmM9Imh0dHBzOi8vZHJpdmUuZ29vZ2xlLmNvbS9maWxlL2QvMW5HaDZmaXBMeEVwdU9TWGtDanc5NGhJMUxBdjB1VUlXL3ByZXZpZXc\/dXNwPWVtYmVkX2dvb2dsZXBsdXMiIHN0eWxlPSJ0b3A6IDA7IGxlZnQ6IDA7IHdpZHRoOiAxMDAlOyBoZWlnaHQ6IDEwMCU7IHBvc2l0aW9uOiBhYnNvbHV0ZTsgYm9yZGVyOiAwOyIgYWxsb3dmdWxsc2NyZWVuJmd0OyZsdDsvaWZyYW1lJmd0OyZsdDsvZGl2Jmd0OyZsdDtkaXYgY2xhc3M9Im1lZGl1bS1pbnNlcnQtZW1iZWRzLW1ldGEiJmd0OyZsdDtzY3JpcHQgdHlwZT0idGV4dC9qc29uIiZndDt7InVybCI6Imh0dHBzOi8vZHJpdmUuZ29vZ2xlLmNvbS9maWxlL2QvMW5HaDZmaXBMeEVwdU9TWGtDanc5NGhJMUxBdjB1VUlXL3ZpZXc\/dXNwPXNoYXJpbmciLCJ0eXBlIjoicmljaCIsInZlcnNpb24iOiIxLjAiLCJ0aXRsZSI6IjEucGRmIiwicHJvdmlkZXJfbmFtZSI6Ikdvb2dsZSBEb2NzIiwiY2FjaGVfYWdlIjo4NjQwMH0mbHQ7L3NjcmlwdCZndDsmbHQ7L2RpdiZndDs=\">\n                <a data-iframely-url=\"\" href=\"https:\/\/drive.google.com\/file\/d\/1nGh6fipLxEpuOSXkCjw94hI1LAv0uUIW\/view?usp=sharing\">https:\/\/drive.google.com\/file\/d\/1nGh6fipLxEpuOSXkCjw94hI1LAv0uUIW\/view?usp=sharing<\/a>\n              <\/div>\n<p>Finalmente, la Conmebol advirti\u00f3 que, en caso de repetirse incidentes similares, se aplicar\u00e1n sanciones a\u00fan m\u00e1s severas, en l\u00ednea con el art\u00edculo 27 de su C\u00f3digo Disciplinario. Independiente y la U de Chile tienen un plazo de <strong>siete d\u00edas corridos<\/strong> para presentar un recurso de apelaci\u00f3n, que deber\u00e1 cumplir con las formalidades previstas y abonar una cuota de 3.000 d\u00f3lares.<\/p>\n<p>El fallo, duro y con impacto inmediato en lo deportivo y lo econ\u00f3mico, deja a Independiente afuera de la competencia continental y abre un nuevo cap\u00edtulo de debate sobre la <strong>seguridad en el f\u00fatbol sudamericano<\/strong>.<\/p>\n<h3><b>Segu\u00ed leyendo<\/b><\/h3>\n<h3\/><!-- Live Blog Post --><\/div>\n<p><a href=\"https:\/\/www.pagina12.com.ar\/855133-conmebol-descalifico-a-independiente-de-la-copa-sudamericana\">source<\/a><\/p>\n","protected":false},"excerpt":{"rendered":"<p>La Confederaci\u00f3n Sudamericana de F\u00fatbol (Conmebol) resolvi\u00f3 este lunes aplicar una de las sanciones m\u00e1s&#8230;<\/p>\n","protected":false},"author":3,"featured_media":23836,"comment_status":"closed","ping_status":"closed","sticky":false,"template":"","format":"standard","meta":{"footnotes":""},"categories":[21],"tags":[],"class_list":["post-23835","post","type-post","status-publish","format-standard","has-post-thumbnail","hentry","category-deportes"],"featured_image_urls":{"full":["https:\/\/fmamiga909.com.ar\/wp-content\/uploads\/2025\/09\/wp-header-logo-47.png",960,540,false],"thumbnail":["https:\/\/fmamiga909.com.ar\/wp-content\/uploads\/2025\/09\/wp-header-logo-47-150x150.png",150,150,true],"medium":["https:\/\/fmamiga909.com.ar\/wp-content\/uploads\/2025\/09\/wp-header-logo-47-300x169.png",300,169,true],"medium_large":["https:\/\/fmamiga909.com.ar\/wp-content\/uploads\/2025\/09\/wp-header-logo-47.png",960,540,false],"large":["https:\/\/fmamiga909.com.ar\/wp-content\/uploads\/2025\/09\/wp-header-logo-47.png",640,360,false],"1536x1536":["https:\/\/fmamiga909.com.ar\/wp-content\/uploads\/2025\/09\/wp-header-logo-47.png",960,540,false],"2048x2048":["https:\/\/fmamiga909.com.ar\/wp-content\/uploads\/2025\/09\/wp-header-logo-47.png",960,540,false],"newsium-slider-full":["https:\/\/fmamiga909.com.ar\/wp-content\/uploads\/2025\/09\/wp-header-logo-47.png",960,540,false],"newsium-featured":["https:\/\/fmamiga909.com.ar\/wp-content\/uploads\/2025\/09\/wp-header-logo-47.png",960,540,false],"newsium-medium":["https:\/\/fmamiga909.com.ar\/wp-content\/uploads\/2025\/09\/wp-header-logo-47-720x475.png",720,475,true]},"author_info":{"display_name":"Fredy Giuliano","author_link":"https:\/\/fmamiga909.com.ar\/?author=3"},"category_info":"<a href=\"https:\/\/fmamiga909.com.ar\/?cat=21\" rel=\"category\">Deportes<\/a>","tag_info":"Deportes","comment_count":"0","_links":{"self":[{"href":"https:\/\/fmamiga909.com.ar\/index.php?rest_route=\/wp\/v2\/posts\/23835","targetHints":{"allow":["GET"]}}],"collection":[{"href":"https:\/\/fmamiga909.com.ar\/index.php?rest_route=\/wp\/v2\/posts"}],"about":[{"href":"https:\/\/fmamiga909.com.ar\/index.php?rest_route=\/wp\/v2\/types\/post"}],"author":[{"embeddable":true,"href":"https:\/\/fmamiga909.com.ar\/index.php?rest_route=\/wp\/v2\/users\/3"}],"replies":[{"embeddable":true,"href":"https:\/\/fmamiga909.com.ar\/index.php?rest_route=%2Fwp%2Fv2%2Fcomments&post=23835"}],"version-history":[{"count":0,"href":"https:\/\/fmamiga909.com.ar\/index.php?rest_route=\/wp\/v2\/posts\/23835\/revisions"}],"wp:featuredmedia":[{"embeddable":true,"href":"https:\/\/fmamiga909.com.ar\/index.php?rest_route=\/wp\/v2\/media\/23836"}],"wp:attachment":[{"href":"https:\/\/fmamiga909.com.ar\/index.php?rest_route=%2Fwp%2Fv2%2Fmedia&parent=23835"}],"wp:term":[{"taxonomy":"category","embeddable":true,"href":"https:\/\/fmamiga909.com.ar\/index.php?rest_route=%2Fwp%2Fv2%2Fcategories&post=23835"},{"taxonomy":"post_tag","embeddable":true,"href":"https:\/\/fmamiga909.com.ar\/index.php?rest_route=%2Fwp%2Fv2%2Ftags&post=23835"}],"curies":[{"name":"wp","href":"https:\/\/api.w.org\/{rel}","templated":true}]}}