{"id":24015,"date":"2025-09-10T15:07:07","date_gmt":"2025-09-10T15:07:07","guid":{"rendered":"https:\/\/fmamiga909.com.ar\/?p=24015"},"modified":"2025-09-10T15:07:07","modified_gmt":"2025-09-10T15:07:07","slug":"paredes-se-bajo-del-avion-y-fue-al-entrenamiento-de-boca","status":"publish","type":"post","link":"https:\/\/fmamiga909.com.ar\/?p=24015","title":{"rendered":"Paredes se baj\u00f3 del avi\u00f3n y fue al entrenamiento de Boca"},"content":{"rendered":"<div><!-- Body --><\/p>\n<p>El mediocampista Leandro Paredes no perdi\u00f3 tiempo y, tras la derrota de la Selecci\u00f3n argentina ante Ecuador en Guayaquil, volvi\u00f3 temprano a Buenos Aires para entrenarse con Boca de cara al partido del pr\u00f3ximo domingo frente a Rosario Central.<\/p>\n<p>Paredes lleg\u00f3 al entrenamiento de equipo de La Ribera poco antes de las 9:30 y se puso a disposici\u00f3n del cuerpo t\u00e9cnico de Miguel \u00c1ngel Russo con vistas al citado encuentro clave que se llevar\u00e1 a cabo en el Gigante de Arroyito.<\/p>\n<p>El ex jugador de la Roma acumul\u00f3 135 minutos en esta doble fecha de Eliminatorias Sudamericanas: 73 en el partido ante Venezuela en el Monumental y 62 en Guayaquil, donde adem\u00e1s soport\u00f3 un fuerte cruce de Mois\u00e9s Caicedo y un pisot\u00f3n de Gonzalo Plata, que lo dej\u00f3 tendido en el suelo.<\/p>\n<p>Aun as\u00ed, tras el vuelo de siete horas que comparti\u00f3 con los futbolistas de la Liga Profesional, eligi\u00f3 no irse a descansar y se sum\u00f3 al plantel xeneize, aunque no trabaj\u00f3 a la par de sus compa\u00f1eros, ya que cumpli\u00f3 con una rutina regenerativa en el gimnasio y kinesiolog\u00eda, pensando en llegar en \u00f3ptimas condiciones al fin de semana.<\/p>\n<p>En Boca lo ven como el jugador m\u00e1s determinante del equipo, ya que se transform\u00f3 en el motor futbol\u00edstico de la mitad de la cancha y, desde su rol de mediocampista central, es quien maneja los tiempos, marca los ritmos y aporta claridad en cada avance. El jugador ya particip\u00f3 de seis de los diez goles que convirti\u00f3 Boca, una estad\u00edstica que refleja no solo su peso en la construcci\u00f3n del juego, sino tambi\u00e9n en los resultados.<\/p>\n<p>El pr\u00f3ximo desaf\u00edo de Boca ser\u00e1 visitar a Rosario Central con el objetivo de ratificar su levantada luego de las victorias sobre Independiente Rivadavia, Banfield y Aldosivi, en un encuentro previsto para el domingo pr\u00f3ximo a las 17:30.<\/p>\n<p><!-- Live Blog Post --><\/div>\n<p><a href=\"https:\/\/www.pagina12.com.ar\/856788-paredes-se-bajo-del-avion-y-fue-al-entrenamiento-de-boca\">source<\/a><\/p>\n","protected":false},"excerpt":{"rendered":"<p>El mediocampista Leandro Paredes no perdi\u00f3 tiempo y, tras la derrota de la Selecci\u00f3n argentina&#8230;<\/p>\n","protected":false},"author":3,"featured_media":24016,"comment_status":"closed","ping_status":"closed","sticky":false,"template":"","format":"standard","meta":{"footnotes":""},"categories":[21],"tags":[],"class_list":["post-24015","post","type-post","status-publish","format-standard","has-post-thumbnail","hentry","category-deportes"],"featured_image_urls":{"full":["https:\/\/fmamiga909.com.ar\/wp-content\/uploads\/2025\/09\/wp-header-logo-132.png",960,540,false],"thumbnail":["https:\/\/fmamiga909.com.ar\/wp-content\/uploads\/2025\/09\/wp-header-logo-132-150x150.png",150,150,true],"medium":["https:\/\/fmamiga909.com.ar\/wp-content\/uploads\/2025\/09\/wp-header-logo-132-300x169.png",300,169,true],"medium_large":["https:\/\/fmamiga909.com.ar\/wp-content\/uploads\/2025\/09\/wp-header-logo-132.png",960,540,false],"large":["https:\/\/fmamiga909.com.ar\/wp-content\/uploads\/2025\/09\/wp-header-logo-132.png",640,360,false],"1536x1536":["https:\/\/fmamiga909.com.ar\/wp-content\/uploads\/2025\/09\/wp-header-logo-132.png",960,540,false],"2048x2048":["https:\/\/fmamiga909.com.ar\/wp-content\/uploads\/2025\/09\/wp-header-logo-132.png",960,540,false],"newsium-slider-full":["https:\/\/fmamiga909.com.ar\/wp-content\/uploads\/2025\/09\/wp-header-logo-132.png",960,540,false],"newsium-featured":["https:\/\/fmamiga909.com.ar\/wp-content\/uploads\/2025\/09\/wp-header-logo-132.png",960,540,false],"newsium-medium":["https:\/\/fmamiga909.com.ar\/wp-content\/uploads\/2025\/09\/wp-header-logo-132-720x475.png",720,475,true]},"author_info":{"display_name":"Fredy Giuliano","author_link":"https:\/\/fmamiga909.com.ar\/?author=3"},"category_info":"<a href=\"https:\/\/fmamiga909.com.ar\/?cat=21\" rel=\"category\">Deportes<\/a>","tag_info":"Deportes","comment_count":"0","_links":{"self":[{"href":"https:\/\/fmamiga909.com.ar\/index.php?rest_route=\/wp\/v2\/posts\/24015","targetHints":{"allow":["GET"]}}],"collection":[{"href":"https:\/\/fmamiga909.com.ar\/index.php?rest_route=\/wp\/v2\/posts"}],"about":[{"href":"https:\/\/fmamiga909.com.ar\/index.php?rest_route=\/wp\/v2\/types\/post"}],"author":[{"embeddable":true,"href":"https:\/\/fmamiga909.com.ar\/index.php?rest_route=\/wp\/v2\/users\/3"}],"replies":[{"embeddable":true,"href":"https:\/\/fmamiga909.com.ar\/index.php?rest_route=%2Fwp%2Fv2%2Fcomments&post=24015"}],"version-history":[{"count":0,"href":"https:\/\/fmamiga909.com.ar\/index.php?rest_route=\/wp\/v2\/posts\/24015\/revisions"}],"wp:featuredmedia":[{"embeddable":true,"href":"https:\/\/fmamiga909.com.ar\/index.php?rest_route=\/wp\/v2\/media\/24016"}],"wp:attachment":[{"href":"https:\/\/fmamiga909.com.ar\/index.php?rest_route=%2Fwp%2Fv2%2Fmedia&parent=24015"}],"wp:term":[{"taxonomy":"category","embeddable":true,"href":"https:\/\/fmamiga909.com.ar\/index.php?rest_route=%2Fwp%2Fv2%2Fcategories&post=24015"},{"taxonomy":"post_tag","embeddable":true,"href":"https:\/\/fmamiga909.com.ar\/index.php?rest_route=%2Fwp%2Fv2%2Ftags&post=24015"}],"curies":[{"name":"wp","href":"https:\/\/api.w.org\/{rel}","templated":true}]}}