{"id":24019,"date":"2025-09-10T17:22:04","date_gmt":"2025-09-10T17:22:04","guid":{"rendered":"https:\/\/fmamiga909.com.ar\/?p=24019"},"modified":"2025-09-10T17:22:04","modified_gmt":"2025-09-10T17:22:04","slug":"djed-spence-el-primer-futbolista-musulman-en-debutar-en-la-seleccion-de-inglaterra","status":"publish","type":"post","link":"https:\/\/fmamiga909.com.ar\/?p=24019","title":{"rendered":"Djed Spence, el primer futbolista musulm\u00e1n en debutar en la selecci\u00f3n de Inglaterra"},"content":{"rendered":"<div><!-- Body --><\/p>\n<p>El defensor Djed Spence entr\u00f3 en la historia del f\u00fatbol ingl\u00e9s al convertirse en el primer jugador musulm\u00e1n abiertamente declarado en debutar con la selecci\u00f3n absoluta de Inglaterra, en la goleada 5-0 frente a Serbia en Belgrado disputada el martes.<\/p>\n<p>El jugador del Tottenham, de 25 a\u00f1os y nacido en Londres, sustituy\u00f3 a Reece James en el minuto 69, en un hecho simb\u00f3lico para los musulmanes brit\u00e1nicos, que representan cerca del 6% de la poblaci\u00f3n del pa\u00eds. \u00abMe sorprend\u00ed porque no sab\u00eda que era el primero, as\u00ed que es una bendici\u00f3n. Espero que motive a los ni\u00f1os de todo el mundo a creer que tambi\u00e9n pueden lograrlo\u00bb, declar\u00f3 el defensor tras el encuentro correspondiente a las Eliminatorias europeas para el Mundial de 2026.<\/p>\n<p>El debut de Spence fue celebrado por organizaciones como Nujum Sports, que apoya a m\u00e1s de 400 atletas musulmanes. Su fundador, Ebadur Rahman, subray\u00f3 que \u00abes un momento de celebraci\u00f3n para los musulmanes\u00bb, porque Djed no juega solo para Inglaterra sino para \u00ablos musulmanes de todo el mundo\u00bb.<\/p>\n<p>Formado en las divisiones juveniles del Fulham y con paso por Middlesbrough, Nottingham Forest y varias cesiones en el extranjero, Spence fich\u00f3 por el Tottenham en 2022 y, bajo las \u00f3rdenes de Ange Postecoglou, se asent\u00f3 en el primer equipo y fue pieza claveen la conquista de la Europa League 2024\/25, el primer t\u00edtulo del club en 17 a\u00f1os.<\/p>\n<p><!-- Live Blog Post --><\/div>\n<p><a href=\"https:\/\/www.pagina12.com.ar\/856777-djed-spence-el-primer-futbolista-musulman-en-debutar-en-la-s\">source<\/a><\/p>\n","protected":false},"excerpt":{"rendered":"<p>El defensor Djed Spence entr\u00f3 en la historia del f\u00fatbol ingl\u00e9s al convertirse en el&#8230;<\/p>\n","protected":false},"author":3,"featured_media":24020,"comment_status":"closed","ping_status":"closed","sticky":false,"template":"","format":"standard","meta":{"footnotes":""},"categories":[21],"tags":[],"class_list":["post-24019","post","type-post","status-publish","format-standard","has-post-thumbnail","hentry","category-deportes"],"featured_image_urls":{"full":["https:\/\/fmamiga909.com.ar\/wp-content\/uploads\/2025\/09\/wp-header-logo-134.png",960,540,false],"thumbnail":["https:\/\/fmamiga909.com.ar\/wp-content\/uploads\/2025\/09\/wp-header-logo-134-150x150.png",150,150,true],"medium":["https:\/\/fmamiga909.com.ar\/wp-content\/uploads\/2025\/09\/wp-header-logo-134-300x169.png",300,169,true],"medium_large":["https:\/\/fmamiga909.com.ar\/wp-content\/uploads\/2025\/09\/wp-header-logo-134.png",960,540,false],"large":["https:\/\/fmamiga909.com.ar\/wp-content\/uploads\/2025\/09\/wp-header-logo-134.png",640,360,false],"1536x1536":["https:\/\/fmamiga909.com.ar\/wp-content\/uploads\/2025\/09\/wp-header-logo-134.png",960,540,false],"2048x2048":["https:\/\/fmamiga909.com.ar\/wp-content\/uploads\/2025\/09\/wp-header-logo-134.png",960,540,false],"newsium-slider-full":["https:\/\/fmamiga909.com.ar\/wp-content\/uploads\/2025\/09\/wp-header-logo-134.png",960,540,false],"newsium-featured":["https:\/\/fmamiga909.com.ar\/wp-content\/uploads\/2025\/09\/wp-header-logo-134.png",960,540,false],"newsium-medium":["https:\/\/fmamiga909.com.ar\/wp-content\/uploads\/2025\/09\/wp-header-logo-134-720x475.png",720,475,true]},"author_info":{"display_name":"Fredy Giuliano","author_link":"https:\/\/fmamiga909.com.ar\/?author=3"},"category_info":"<a href=\"https:\/\/fmamiga909.com.ar\/?cat=21\" rel=\"category\">Deportes<\/a>","tag_info":"Deportes","comment_count":"0","_links":{"self":[{"href":"https:\/\/fmamiga909.com.ar\/index.php?rest_route=\/wp\/v2\/posts\/24019","targetHints":{"allow":["GET"]}}],"collection":[{"href":"https:\/\/fmamiga909.com.ar\/index.php?rest_route=\/wp\/v2\/posts"}],"about":[{"href":"https:\/\/fmamiga909.com.ar\/index.php?rest_route=\/wp\/v2\/types\/post"}],"author":[{"embeddable":true,"href":"https:\/\/fmamiga909.com.ar\/index.php?rest_route=\/wp\/v2\/users\/3"}],"replies":[{"embeddable":true,"href":"https:\/\/fmamiga909.com.ar\/index.php?rest_route=%2Fwp%2Fv2%2Fcomments&post=24019"}],"version-history":[{"count":0,"href":"https:\/\/fmamiga909.com.ar\/index.php?rest_route=\/wp\/v2\/posts\/24019\/revisions"}],"wp:featuredmedia":[{"embeddable":true,"href":"https:\/\/fmamiga909.com.ar\/index.php?rest_route=\/wp\/v2\/media\/24020"}],"wp:attachment":[{"href":"https:\/\/fmamiga909.com.ar\/index.php?rest_route=%2Fwp%2Fv2%2Fmedia&parent=24019"}],"wp:term":[{"taxonomy":"category","embeddable":true,"href":"https:\/\/fmamiga909.com.ar\/index.php?rest_route=%2Fwp%2Fv2%2Fcategories&post=24019"},{"taxonomy":"post_tag","embeddable":true,"href":"https:\/\/fmamiga909.com.ar\/index.php?rest_route=%2Fwp%2Fv2%2Ftags&post=24019"}],"curies":[{"name":"wp","href":"https:\/\/api.w.org\/{rel}","templated":true}]}}