{"id":24069,"date":"2025-09-12T16:21:07","date_gmt":"2025-09-12T16:21:07","guid":{"rendered":"https:\/\/fmamiga909.com.ar\/?p=24069"},"modified":"2025-09-12T16:21:07","modified_gmt":"2025-09-12T16:21:07","slug":"un-equipo-en-transicion-una-nueva-ilusion-el-ultimo-torneo-de-marcelo-mendez","status":"publish","type":"post","link":"https:\/\/fmamiga909.com.ar\/?p=24069","title":{"rendered":"Un equipo en transici\u00f3n, una nueva ilusi\u00f3n, \u00bfel \u00faltimo torneo de Marcelo M\u00e9ndez?"},"content":{"rendered":"<div><!-- Body --><\/p>\n<p><b>Dos ciclos ol\u00edmpicos y un poco m\u00e1s. Marcelo M\u00e9ndez tom\u00f3 el mando de la Selecci\u00f3n Argentina en 2018 en reemplazo de Julio Velasco<\/b>. El trabajo pag\u00f3 y en 2021 despu\u00e9s de 80 d\u00edas de convivencia, el combinado celeste y blanco despleg\u00f3 su mejor v\u00f3l\u00e9y en <b>Tokio 2020<\/b>. Otra vez en Asia y en tie-break contra Brasil, como en Se\u00fal &#8217;88, la disciplina logr\u00f3 <b>la segunda medalla ol\u00edmpica de su historia. <\/b><\/p>\n<p>El proceso sigui\u00f3 y <b>en la VNL 2023 aquel grupo logr\u00f3 quiz\u00e1s el mejor rendimiento de todo ese proceso. <\/b>Luego vino el Preol\u00edmpico que le neg\u00f3 la clasificaci\u00f3n por un mal partido ante Canad\u00e1. <b>El esfuerzo por llegar a Par\u00eds en la Liga de Naciones 2024 lo dej\u00f3 sin resto al equipo,\u00a0<\/b>que perdi\u00f3 los tres partidos en fila en la \u00faltima cita ol\u00edmpica. <\/p>\n<p>Empez\u00f3 el 2025 y varios eran los<b> rumores<\/b> que hab\u00edan aparecido post-Par\u00eds: <b>M\u00e9ndez dejar\u00eda el cargo y cinco jugadores importantes dejar\u00edan el seleccionado. <\/b>Con Facundo Conte ya alejado del equipo con su confirmaci\u00f3n post Juegos Ol\u00edmpicos, el destino de otros jugadores y del propio entrenador era incierto. Pero el tiempo pas\u00f3 y las certezas emergieron. <b>La Federaci\u00f3n de V\u00f3leibol Argentino confirm\u00f3 la continuidad del \u00fanico entrenador en completar dos ciclos ol\u00edmpicos, por lo menos hasta el Mundial que comenz\u00f3 este viernes.\u00a0<\/b><\/p>\n<p>Despu\u00e9s del torneo M\u00e9ndez dirigir\u00e1 al Trentino de la A1 italiana con dedicaci\u00f3n exclusiva. Por otra parte, <b>Luciano De Cecco prioriz\u00f3 su salud por un tema de c\u00e1lculos renales y no fue parte del equipo en ninguna de las tres semanas de la VNL 2025.<\/b> El armador, que jug\u00f3 en Ferro el torneo metropolitano de Divisi\u00f3n de Honor, declar\u00f3 que ya estaba a disposici\u00f3n del cuerpo t\u00e9cnico para el torneo internacional. M\u00e9ndez no dud\u00f3 y si bien pareciera que De Cecco <b>comenzar\u00e1 el torneo desde el banco<\/b>, algo muy extra\u00f1o en sus casi 20 a\u00f1os en el equipo, jugar\u00e1 <b>su sexto mundial consecutivo<\/b>.\u00a0<\/p>\n<p>Con <b><a href=\"https:\/\/www.pagina12.com.ar\/857086-mi-autoexigencia-no-ha-bajado-es-algo-de-mi-ser\">Agust\u00edn Loser como el nuevo capit\u00e1n<\/a><\/b> y referente de este equipo un nuevo\/viejo grupo se est\u00e1 formando en cancha. <b>La VNL marc\u00f3 la gran aparici\u00f3n de Germ\u00e1n G\u00f3mez como opuesto y la solidez de Pablo Kukartsev en esa posici\u00f3n<\/b>. <b>Bruno Lima<\/b>, quien estaba en la Selecci\u00f3n Argentina desde R\u00edo 2016, solo jug\u00f3 la \u00faltima semana de la Liga de Naciones y en los primeros d\u00edas de agosto <b>anunci\u00f3 el alejamiento del primer equipo nacional de este deporte. Los motivos no quedaron del todo claros.<\/b><\/p>\n<p>Con el sanjuanino Mat\u00edas S\u00e1nchez como armador, Pablo Kukartsev como opuesto, Agust\u00edn Loser y Nicol\u00e1s Zerba por el centro y en las puntas Luciano Vicent\u00edn y Luciano Palonsky se perfilan como titulares y con la solidez de Santiago Danani como l\u00edbero, <b>Argentina saldr\u00e1 a la cancha despu\u00e9s de haberse consagrado campe\u00f3n del emblem\u00e1tico torneo polaco Memorial HB Wagner, <\/b>en el que le gan\u00f3 a Brasil, Serbia y Polonia.<\/p>\n<h3>La fase de grupos<\/h3>\n<p><b>Argentina debutar\u00e1 en este mundial de Filipinas 2025 contra Finlandia<\/b>, un seleccionado que est\u00e1 decimoctavo en el ranking mundial. <b>Un antecedente de este enfrentamiento fue la Liga Mundial 2011<\/b>, cuando el equipo n\u00f3rdico era dirigido por Daniel Castellani y el combinado nacional era comandado por Javier Weber<\/p>\n<p>Corea del Sur ser\u00e1 el segundo rival de la Selecci\u00f3n. El equipo asi\u00e1tico est\u00e1 vig\u00e9simo quinto en el mundo, por lo que se ve como el m\u00e1s accesible del grupo. Un pa\u00eds totalmente vinculado con Argentina por <b>Young Wan Sohn, el surcoreano que cambi\u00f3 el v\u00f3ley nacional y sent\u00f3 las bases para la gesta de la Generaci\u00f3n del `82.<\/b><\/p>\n<p><b>La \u00faltima gran batalla de la fase de grupos ser\u00e1 ante el bicampe\u00f3n ol\u00edmpico, Francia. Se espera la definici\u00f3n del liderazgo en ese partido.<\/b> El que quede segundo del grupo probablemente se cruce en octavos de final con Italia.<\/p>\n<p>Este s\u00e1bado, desde las 23.30, el equipo de Marcelo M\u00e9ndez comenzar\u00e1 una nueva ilusi\u00f3n, la de <b>un equipo que tiene como premisa mantenerse entre los diez mejores del mundo como en los \u00faltimos a\u00f1os.<\/b><\/p>\n<p><!-- Live Blog Post --><\/div>\n<p><a href=\"https:\/\/www.pagina12.com.ar\/857369-un-equipo-en-transicion-una-nueva-ilusion-el-ultimo-torneo-d\">source<\/a><\/p>\n","protected":false},"excerpt":{"rendered":"<p>Dos ciclos ol\u00edmpicos y un poco m\u00e1s. Marcelo M\u00e9ndez tom\u00f3 el mando de la Selecci\u00f3n&#8230;<\/p>\n","protected":false},"author":3,"featured_media":24070,"comment_status":"closed","ping_status":"closed","sticky":false,"template":"","format":"standard","meta":{"footnotes":""},"categories":[21],"tags":[],"class_list":["post-24069","post","type-post","status-publish","format-standard","has-post-thumbnail","hentry","category-deportes"],"featured_image_urls":{"full":["https:\/\/fmamiga909.com.ar\/wp-content\/uploads\/2025\/09\/wp-header-logo-159.png",960,540,false],"thumbnail":["https:\/\/fmamiga909.com.ar\/wp-content\/uploads\/2025\/09\/wp-header-logo-159-150x150.png",150,150,true],"medium":["https:\/\/fmamiga909.com.ar\/wp-content\/uploads\/2025\/09\/wp-header-logo-159-300x169.png",300,169,true],"medium_large":["https:\/\/fmamiga909.com.ar\/wp-content\/uploads\/2025\/09\/wp-header-logo-159.png",960,540,false],"large":["https:\/\/fmamiga909.com.ar\/wp-content\/uploads\/2025\/09\/wp-header-logo-159.png",640,360,false],"1536x1536":["https:\/\/fmamiga909.com.ar\/wp-content\/uploads\/2025\/09\/wp-header-logo-159.png",960,540,false],"2048x2048":["https:\/\/fmamiga909.com.ar\/wp-content\/uploads\/2025\/09\/wp-header-logo-159.png",960,540,false],"newsium-slider-full":["https:\/\/fmamiga909.com.ar\/wp-content\/uploads\/2025\/09\/wp-header-logo-159.png",960,540,false],"newsium-featured":["https:\/\/fmamiga909.com.ar\/wp-content\/uploads\/2025\/09\/wp-header-logo-159.png",960,540,false],"newsium-medium":["https:\/\/fmamiga909.com.ar\/wp-content\/uploads\/2025\/09\/wp-header-logo-159-720x475.png",720,475,true]},"author_info":{"display_name":"Fredy Giuliano","author_link":"https:\/\/fmamiga909.com.ar\/?author=3"},"category_info":"<a href=\"https:\/\/fmamiga909.com.ar\/?cat=21\" rel=\"category\">Deportes<\/a>","tag_info":"Deportes","comment_count":"0","_links":{"self":[{"href":"https:\/\/fmamiga909.com.ar\/index.php?rest_route=\/wp\/v2\/posts\/24069","targetHints":{"allow":["GET"]}}],"collection":[{"href":"https:\/\/fmamiga909.com.ar\/index.php?rest_route=\/wp\/v2\/posts"}],"about":[{"href":"https:\/\/fmamiga909.com.ar\/index.php?rest_route=\/wp\/v2\/types\/post"}],"author":[{"embeddable":true,"href":"https:\/\/fmamiga909.com.ar\/index.php?rest_route=\/wp\/v2\/users\/3"}],"replies":[{"embeddable":true,"href":"https:\/\/fmamiga909.com.ar\/index.php?rest_route=%2Fwp%2Fv2%2Fcomments&post=24069"}],"version-history":[{"count":0,"href":"https:\/\/fmamiga909.com.ar\/index.php?rest_route=\/wp\/v2\/posts\/24069\/revisions"}],"wp:featuredmedia":[{"embeddable":true,"href":"https:\/\/fmamiga909.com.ar\/index.php?rest_route=\/wp\/v2\/media\/24070"}],"wp:attachment":[{"href":"https:\/\/fmamiga909.com.ar\/index.php?rest_route=%2Fwp%2Fv2%2Fmedia&parent=24069"}],"wp:term":[{"taxonomy":"category","embeddable":true,"href":"https:\/\/fmamiga909.com.ar\/index.php?rest_route=%2Fwp%2Fv2%2Fcategories&post=24069"},{"taxonomy":"post_tag","embeddable":true,"href":"https:\/\/fmamiga909.com.ar\/index.php?rest_route=%2Fwp%2Fv2%2Ftags&post=24069"}],"curies":[{"name":"wp","href":"https:\/\/api.w.org\/{rel}","templated":true}]}}